{"id":107951,"date":"2025-09-11T14:31:09","date_gmt":"2025-09-11T14:31:09","guid":{"rendered":"https:\/\/www.europesays.com\/es\/107951\/"},"modified":"2025-09-11T14:31:09","modified_gmt":"2025-09-11T14:31:09","slug":"la-sorpresiva-dedicatoria-de-luck-ra-al-recibir-el-premio-konex-como-figura-destacada-de-la-musica-argentina","status":"publish","type":"post","link":"https:\/\/www.europesays.com\/es\/107951\/","title":{"rendered":"La sorpresiva dedicatoria de Luck Ra al recibir el Premio Konex como figura destacada de la m\u00fasica argentina"},"content":{"rendered":"<p>Los coaches de La Voz Argentina recibieron el Premio Konex en una ceremonia marcada por un momento inesperado<\/p>\n<p class=\"paragraph\">El reconocimiento a los <b>coaches de <\/b><b>La Voz Argentina<\/b> por parte de los <b>Premios Konex<\/b> se vio marcado por un episodio inesperado durante la entrega en el estudio del programa. En el momento en que <b>Alejandro Lerner<\/b> se dispon\u00eda a dedicar unas palabras sobre la distinci\u00f3n, <a rel=\"noopener noreferrer nofollow\" href=\"https:\/\/www.infobae.com\/teleshow\/2025\/09\/01\/luck-ra-sorprendio-a-un-participante-con-un-regalo-inesperado-en-la-voz-argentina-te-puede-ayudar-mucho\/\" target=\"_blank\" title=\"https:\/\/www.infobae.com\/teleshow\/2025\/09\/01\/luck-ra-sorprendio-a-un-participante-con-un-regalo-inesperado-en-la-voz-argentina-te-puede-ayudar-mucho\/\"><b>Luck Ra<\/b> <\/a>intervino sin advertir que el presidente del jurado ya hab\u00eda comenzado su discurso, lo que gener\u00f3 una situaci\u00f3n inc\u00f3moda y poco habitual en el set.<\/p>\n<p class=\"paragraph\">La ceremonia tuvo lugar en el estudio de La Voz Argentina, donde los integrantes del jurado, <b>Luck Ra, Lali, Soledad Pastorutti y Miranda!<\/b>, recibieron el diploma al m\u00e9rito que los distingue como \u201cfiguras destacadas de la m\u00fasica popular argentina\u201d. La entrega estuvo a cargo de Lerner y <b>Sandra Mihanovich<\/b>, quienes presiden el jurado de los Premios Konex y acudieron personalmente debido a que los coaches no pudieron asistir a la ceremonia oficial.<\/p>\n<p><img alt=\"\u201cPara la profe de matem\u00e1ticas\" class=\"global-image\" decoding=\"async\" fetchpriority=\"low\" height=\"1080\" loading=\"lazy\" src=\"https:\/\/www.europesays.com\/es\/wp-content\/uploads\/2025\/09\/BOAGTSI5K5FN7KITJXX7UVPFDM.jpg\" width=\"1920\"\/>\u201cPara la profe de matem\u00e1ticas que dec\u00eda que nunca iba a tener un diploma\u201d, exclam\u00f3 el cantante<\/p>\n<p class=\"paragraph\">Durante la entrega, <a rel=\"noopener noreferrer nofollow\" href=\"https:\/\/www.infobae.com\/teleshow\/2025\/09\/11\/lali-definio-los-tres-participantes-que-seguiran-en-su-team-en-la-voz-argentina-las-nuevas-reglas-de-la-fase-2\/\" target=\"_blank\" title=\"https:\/\/www.infobae.com\/teleshow\/2025\/09\/11\/lali-definio-los-tres-participantes-que-seguiran-en-su-team-en-la-voz-argentina-las-nuevas-reglas-de-la-fase-2\/\"><b>Lali opt\u00f3 por el humor al recibir su diploma y exclam\u00f3: \u201cMir\u00e1 mam\u00e1, me dieron un diploma de algo\u201d<\/b><\/a>, lo que distendi\u00f3 el ambiente. Sin embargo, la din\u00e1mica cambi\u00f3 cuando Alejandro Lerner comenz\u00f3 a hablar sobre el significado del reconocimiento y fue interrumpido por Luck Ra, quien, sin percatarse de que Lerner ya ten\u00eda la palabra, expres\u00f3: <b>\u201cPara la profe de matem\u00e1ticas que dec\u00eda que nunca iba a tener un diploma\u201d<\/b>. Al notar la situaci\u00f3n, el cantante cordob\u00e9s detuvo su intervenci\u00f3n y esboz\u00f3 una sonrisa inc\u00f3moda.<\/p>\n<p class=\"paragraph\">La conducci\u00f3n del programa, a cargo de <a rel=\"noopener noreferrer nofollow\" href=\"https:\/\/www.infobae.com\/teleshow\/2025\/08\/28\/el-divertido-desafio-al-que-se-sometio-nicolas-occhiato-en-la-voz-argentina-es-un-peligro-aparte\/\" target=\"_blank\" title=\"https:\/\/www.infobae.com\/teleshow\/2025\/08\/28\/el-divertido-desafio-al-que-se-sometio-nicolas-occhiato-en-la-voz-argentina-es-un-peligro-aparte\/\"><b>Nicol\u00e1s Occhiato<\/b><\/a>, intervino para disculparse y devolverle la palabra a Lerner. El autor de \u201cTodo a pulm\u00f3n\u201d presidente del jurado, con tono distendido, coment\u00f3: <b>\u201cNo me acuerdo lo que dije. [&#8230;] Para m\u00ed es un honor ser presidente del jurado y entregarles este premio a ustedes\u201d<\/b>. <\/p>\n<p><img alt=\"Sandra Mihanovich subray\u00f3 la relevancia\" class=\"global-image\" decoding=\"async\" fetchpriority=\"low\" height=\"1080\" loading=\"lazy\" src=\"https:\/\/www.europesays.com\/es\/wp-content\/uploads\/2025\/09\/A2DZ3WZMQVC45GUVOLME655YB4.jpg\" width=\"1920\"\/>Sandra Mihanovich subray\u00f3 la relevancia del galard\u00f3n al explicar: \u201cEs uno de los m\u00e1s prestigiosos de las diferentes variantes de las disciplinas<\/p>\n<p class=\"paragraph\">Por su parte, Sandra Mihanovich subray\u00f3 la relevancia del galard\u00f3n al explicar: <b>\u201cEs uno de los m\u00e1s prestigiosos de las diferentes variantes de las disciplinas. La m\u00fasica los recibe cada 10 a\u00f1os\u201d<\/b>. El episodio, que combin\u00f3 momentos de humor y tensi\u00f3n, se produjo en el marco de una de las emisiones m\u00e1s vistas de la televisi\u00f3n argentina, consolidando el impacto de La Voz Argentina tanto en la audiencia como en el reconocimiento institucional a sus protagonistas.<\/p>\n<p class=\"paragraph\">El aniversario de pareja entre Luck Ra y<a rel=\"noopener noreferrer nofollow\" href=\"https:\/\/www.infobae.com\/teleshow\/2025\/08\/21\/lali-esposito-y-la-joaqui-estrenaron-cancion-juntas-y-un-beso-entre-ambas-encendio-a-todos-iba-a-ser-mi-novia\/\" target=\"_blank\" title=\"https:\/\/www.infobae.com\/teleshow\/2025\/08\/21\/lali-esposito-y-la-joaqui-estrenaron-cancion-juntas-y-un-beso-entre-ambas-encendio-a-todos-iba-a-ser-mi-novia\/\"> <b>La Joaqui<\/b> <\/a>se convirti\u00f3 en un acontecimiento destacado en redes sociales, donde la cantante comparti\u00f3 im\u00e1genes y mensajes que reflejaron la intensidad de su v\u00ednculo. En una publicaci\u00f3n reciente, La Joaqui expres\u00f3: <b>\u201cHace un a\u00f1o que esta preciosura de hombre se volvi\u00f3 mi novio\u201d<\/b>, acompa\u00f1ando la frase con una serie de fotograf\u00edas en las que ambos aparecen sonrientes y en actitudes c\u00f3mplices. Entre las im\u00e1genes, sobresali\u00f3 un ramo de flores azules, obsequio de Luck Ra, que simboliz\u00f3 el afecto cultivado durante el a\u00f1o transcurrido.<\/p>\n<p>Luck Ra habl\u00f3 de su romance con La Joaqui: \u201cYo no estaba buscando la mejor pareja, pero ella me enamor\u00f3\u201d <\/p>\n<p class=\"paragraph\">En el texto que acompa\u00f1\u00f3 las fotos, la int\u00e9rprete de \u201cKitty\u201d profundiz\u00f3 en el impacto emocional de la relaci\u00f3n: <b>\u201cLa cantidad de amor, recuerdos y risas que me depositaste estos 365 d\u00edas juntos, me hacen dar cuenta que siempre fuiste vos. Un d\u00eda llegaste y te pareces a todo lo que siempre quise que fuera el amor, no creo que jam\u00e1s vayas a dimensionar lo mucho que me arreglaste el alma\u201d<\/b>. La respuesta p\u00fablica de Luck Ra no se hizo esperar; el m\u00fasico cordob\u00e9s public\u00f3: <b>\u201cGracias por elegirme todos los d\u00edas, sos mi gran amor y mi mejor amiga, espero que siempre te sientas feliz y contenida conmigo, te amo mucho\u201d<\/b>, acompa\u00f1ando el mensaje con \u00edconos de corazones. <\/p>\n<p class=\"paragraph\">La interacci\u00f3n gener\u00f3 una ola de reacciones positivas entre sus seguidores y colegas, entre ellos <b>Mar\u00eda Becerra<\/b>, quien coment\u00f3 con emojis de caritas enamoradas y corazones rojos. El presente sentimental de Luck Ra se suma al \u00e9xito profesional que atraviesa, impulsado por su rol como coach en La Voz Argentina.<\/p>\n<p><img alt=\"\u201cHace un a\u00f1o que esta\" class=\"global-image\" decoding=\"async\" fetchpriority=\"low\" height=\"1346\" loading=\"lazy\" src=\"https:\/\/www.europesays.com\/es\/wp-content\/uploads\/2025\/09\/MV22U4AITVD4LHTUWCI6ETO3MM.jpg\" width=\"1080\"\/>\u201cHace un a\u00f1o que esta preciosura de hombre se volvi\u00f3 mi novio\u201d dijo La Joaqui<\/p>\n<p class=\"paragraph\">Durante una entrevista en el programa Cort\u00e1 por Lozano (Telefe), el cantante abord\u00f3 detalles de su relaci\u00f3n con La Joaqui y la din\u00e1mica que han construido. Consultado por Vero Lozano sobre la convivencia, el artista explic\u00f3: <b>\u201cVivimos en casitas separadas, pero bueno, nos buscamos nuestros tiempos para vernos. Cuando yo puedo ir, voy yo, cuando&#8230; Ahora que yo estoy bastante ocupado, se est\u00e1 viniendo un poquito m\u00e1s ella, pero as\u00ed nos manejamos\u201d<\/b>.<\/p>\n","protected":false},"excerpt":{"rendered":"Los coaches de La Voz Argentina recibieron el Premio Konex en una ceremonia marcada por un momento inesperado&hellip;\n","protected":false},"author":2,"featured_media":107952,"comment_status":"","ping_status":"","sticky":false,"template":"","format":"standard","meta":{"footnotes":""},"categories":[170],"tags":[146,147,25,24,184,185,23],"class_list":{"0":"post-107951","1":"post","2":"type-post","3":"status-publish","4":"format-standard","5":"has-post-thumbnail","7":"category-musica","8":"tag-entertainment","9":"tag-entretenimiento","10":"tag-es","11":"tag-espana","12":"tag-music","13":"tag-musica","14":"tag-spain"},"share_on_mastodon":{"url":"","error":""},"_links":{"self":[{"href":"https:\/\/www.europesays.com\/es\/wp-json\/wp\/v2\/posts\/107951","targetHints":{"allow":["GET"]}}],"collection":[{"href":"https:\/\/www.europesays.com\/es\/wp-json\/wp\/v2\/posts"}],"about":[{"href":"https:\/\/www.europesays.com\/es\/wp-json\/wp\/v2\/types\/post"}],"author":[{"embeddable":true,"href":"https:\/\/www.europesays.com\/es\/wp-json\/wp\/v2\/users\/2"}],"replies":[{"embeddable":true,"href":"https:\/\/www.europesays.com\/es\/wp-json\/wp\/v2\/comments?post=107951"}],"version-history":[{"count":0,"href":"https:\/\/www.europesays.com\/es\/wp-json\/wp\/v2\/posts\/107951\/revisions"}],"wp:featuredmedia":[{"embeddable":true,"href":"https:\/\/www.europesays.com\/es\/wp-json\/wp\/v2\/media\/107952"}],"wp:attachment":[{"href":"https:\/\/www.europesays.com\/es\/wp-json\/wp\/v2\/media?parent=107951"}],"wp:term":[{"taxonomy":"category","embeddable":true,"href":"https:\/\/www.europesays.com\/es\/wp-json\/wp\/v2\/categories?post=107951"},{"taxonomy":"post_tag","embeddable":true,"href":"https:\/\/www.europesays.com\/es\/wp-json\/wp\/v2\/tags?post=107951"}],"curies":[{"name":"wp","href":"https:\/\/api.w.org\/{rel}","templated":true}]}}