{"id":107959,"date":"2025-09-11T14:35:13","date_gmt":"2025-09-11T14:35:13","guid":{"rendered":"https:\/\/www.europesays.com\/es\/107959\/"},"modified":"2025-09-11T14:35:13","modified_gmt":"2025-09-11T14:35:13","slug":"asi-ha-sido-el-reencuentro-entre-ester-exposito-y-paris-jackson-en-barcelona-tras-su-tensa-aparicion-de-hace-un-ano-gente","status":"publish","type":"post","link":"https:\/\/www.europesays.com\/es\/107959\/","title":{"rendered":"As\u00ed ha sido el reencuentro entre Ester Exp\u00f3sito y Paris Jackson en Barcelona tras su tensa aparici\u00f3n de hace un a\u00f1o | Gente"},"content":{"rendered":"<p class=\"\">Nadie puede reprocharle a Paris Jackson (27 a\u00f1os, Beverly Hills) que tenga un mal d\u00eda. <a href=\"https:\/\/elpais.com\/smoda\/famosos\/2025-08-23\/ester-exposito-las-personas-que-tenemos-ansiedad-sabemos-lo-que-cuesta-disfrutar-nunca-estas-presente.html\" target=\"_self\" rel=\"nofollow noopener\" title=\"https:\/\/elpais.com\/smoda\/famosos\/2025-08-23\/ester-exposito-las-personas-que-tenemos-ansiedad-sabemos-lo-que-cuesta-disfrutar-nunca-estas-presente.html\">Ni siquiera la actriz Ester Exp\u00f3sito<\/a> (25 a\u00f1os, Madrid), con quien comparte la imagen de la firma espa\u00f1ola Desigual y a quien, en junio de 2024, recibi\u00f3 con cierta animadversi\u00f3n en un desfile de la marca en Barcelona, al que ambas acudieron. Actitud fr\u00eda, mirada esquiva y tan solo un ap\u00e1tico apret\u00f3n de manos al llegar la int\u00e9rprete. Eso fue todo lo que la hija de Michael Jackson le dedic\u00f3 a una estoica Exp\u00f3sito, quien demostr\u00f3 una capacidad innata para disimular ante las c\u00e1maras que las retrataban compartiendo banco en el front row, no sin recurrir a la complicidad de quienes captaban esos inc\u00f3modos momentos y que se notaba en la sonrisa con la que la espa\u00f1ola les ped\u00eda, pr\u00e1cticamente, socorro. Uno m\u00e1s de los momentos entre famosos que se hacen virales. Este mi\u00e9rcoles 10 de septiembre, sus compromisos profesionales con <a href=\"https:\/\/elpais.com\/estilo\/2024-06-07\/thomas-meyer-fundador-de-desigual-si-tuviese-que-ir-en-coche-a-trabajar-aunque-fuera-con-chofer-me-sentiria-encerrado.html\" target=\"_blank\" rel=\"noreferrer nofollow noopener\" title=\"https:\/\/elpais.com\/estilo\/2024-06-07\/thomas-meyer-fundador-de-desigual-si-tuviese-que-ir-en-coche-a-trabajar-aunque-fuera-con-chofer-me-sentiria-encerrado.html\">Desigual <\/a>reun\u00edan de nuevo a Exp\u00f3sito y a Jackson en una situaci\u00f3n muy parecida, tambi\u00e9n <a href=\"https:\/\/elpais.com\/smoda\/2025-09-10\/desigual-presenta-su-coleccion-con-un-mensaje-final-por-la-paz-en-palestina-llevado-por-aydan-nix-hermanastra-de-las-hadid.html\" target=\"_self\" rel=\"nofollow noopener\" title=\"https:\/\/elpais.com\/smoda\/2025-09-10\/desigual-presenta-su-coleccion-con-un-mensaje-final-por-la-paz-en-palestina-llevado-por-aydan-nix-hermanastra-de-las-hadid.html\">en un desfile de la marca en la capital catalana<\/a>, y el reencuentro entre ellas ha sido de lo m\u00e1s normal, podr\u00eda decirse que hasta amistoso.<\/p>\n<p class=\"\">Aquella primera vez la que su incomodidad eclips\u00f3 medi\u00e1ticamente a la moda, muchos especularon con una mala relaci\u00f3n entre ellas \u2014cuando, quiz\u00e1s, ni se conoc\u00edan\u2014 y las reacciones fueron encaminadas, una vez m\u00e1s en la historia, a <a href=\"https:\/\/elpais.com\/gente\/2025-05-10\/que-esta-pasando-en-la-familia-beckham-las-teorias-del-distanciamiento-de-brooklyn-segun-los-medios-y-las-redes.html\" target=\"_blank\" rel=\"noreferrer nofollow noopener\" title=\"https:\/\/elpais.com\/gente\/2025-05-10\/que-esta-pasando-en-la-familia-beckham-las-teorias-del-distanciamiento-de-brooklyn-segun-los-medios-y-las-redes.html\">enfrentar a dos mujeres j\u00f3venes y famosas.<\/a> Pero a la luz de lo que ha ocurrido en el reciente desfile en el que la marca ha presentado su l\u00ednea Desigual Studio, a Jackson y a Exp\u00f3sito no les pasa nada ni les enfrenta ning\u00fan conflicto (al menos, en p\u00fablico). <\/p>\n<p>M\u00e1s informaci\u00f3n<\/p>\n<p class=\"\">Precedidas por una ingeniosa activaci\u00f3n de marketing viralizada en redes sociales, en la que actriz y cantante visten camisetas de la marca en las que puede leerse \u201cI love Ester\u201d, en la que luce Jackson, y, en la que tiene Exp\u00f3sito, \u201cI love Paris\u201d, las dos se mostraron c\u00f3mplices y c\u00f3modas en el \u00faltimo desfile de Desigual. <\/p>\n<p class=\"\">Qui\u00e9n sabe si aquel d\u00eda de junio de 2024, en el desfile que se celebr\u00f3 en la playa de la Barceloneta, Paris Jackson solo pasaba por un mal momento. En enero de este a\u00f1o, la hija del rey del pop les dec\u00eda a sus millones de seguidores en Instagram: \u201cHola, soy alcoh\u00f3lica y adicta a la hero\u00edna\u201d. <a href=\"https:\/\/www.instagram.com\/p\/DEhFs6OxuUM\/?hl=es\" target=\"_self\" rel=\"nofollow noopener\" title=\"https:\/\/www.instagram.com\/p\/DEhFs6OxuUM\/?hl=es\">Lo hac\u00eda en un post<\/a> que actualmente acumula m\u00e1s de 230.000 Me gusta y que acompa\u00f1aba <a href=\"https:\/\/elpais.com\/gente\/2025-01-08\/paris-jackson-celebra-sus-cinco-anos-sobria-con-una-confesion-soy-alcoholica-y-adicta-a-la-heroina.html\" target=\"_self\" rel=\"nofollow noopener\" title=\"https:\/\/elpais.com\/gente\/2025-01-08\/paris-jackson-celebra-sus-cinco-anos-sobria-con-una-confesion-soy-alcoholica-y-adicta-a-la-heroina.html\">de un v\u00eddeo<\/a> de ella fumando, bebiendo alcohol y llorando, pero que termina con im\u00e1genes de c\u00f3mo es su vida hoy alejada del alcohol y las drogas, riendo, disfrutando de la m\u00fasica y en actitud rom\u00e1ntica con su novio (<a href=\"https:\/\/elpais.com\/gente\/2025-08-01\/paris-jackson-y-justin-long-terminan-su-compromiso-son-lagrimas-de-ruptura.html\" target=\"_self\" rel=\"nofollow noopener\" title=\"https:\/\/elpais.com\/gente\/2025-08-01\/paris-jackson-y-justin-long-terminan-su-compromiso-son-lagrimas-de-ruptura.html\">con quien rompi\u00f3 su compromiso pocos meses despu\u00e9s, el pasado julio<\/a>). Con esta publicaci\u00f3n, Jackson quer\u00eda celebrar un importante hito: sus cinco a\u00f1os de sobriedad: \u201cHoy cumplo cinco a\u00f1os limpia de todas las drogas y el alcohol\u201d, contaba.<\/p>\n<p class=\"\">Sobre aquel d\u00eda raro en el front row, la actriz espa\u00f1ola Ester Exp\u00f3sito tambi\u00e9n ha querido quitar hierro. <a href=\"https:\/\/elpais.com\/gente\/2025-04-11\/ester-exposito-actriz-lucho-contra-que-solo-nos-vean-como-algo-sexual-como-un-objeto-como-si-fueramos-munecas.html\" target=\"_self\" rel=\"nofollow noopener\" title=\"https:\/\/elpais.com\/gente\/2025-04-11\/ester-exposito-actriz-lucho-contra-que-solo-nos-vean-como-algo-sexual-como-un-objeto-como-si-fueramos-munecas.html\">En una entrevista en abril de este a\u00f1o con EL PA\u00cdS<\/a>, la int\u00e9rprete que salt\u00f3 a la fama con la serie \u00c9lite y que actualmente est\u00e1 promocionando su nuevo trabajo, <a href=\"\" rel=\"\" title=\"\">la pel\u00edcula El talento<\/a>, aseguraba: \u201cNos enfrentaron y, en realidad, no pas\u00f3 absolutamente nada\u201d. <\/p>\n<p><img alt=\"Desfile Desigual Ester Exposito Paris Jackson\" decoding=\"auto\" class=\"_re lazyload a_m-h\" height=\"233\"  width=\"414\"  src=\"https:\/\/www.europesays.com\/es\/wp-content\/uploads\/2025\/09\/JKYJLBF3N5EVDNUAUCQOCWRKBA.jpg\" loading=\"lazy\"\/>Paris Jackson y Ester Exp\u00f3sito se abrazan durante el desfile de Desigual celebrado el 10 de septiembre de 2025 en el edificio Les Tres Xemeneies, en Barcelona. Foto: Desigual<\/p>\n<p class=\"\">Este jueves, un d\u00eda despu\u00e9s de su segundo encuentro en el desfile de la marca de la que son imagen, un vistazo al perfil en Instagram de las dos estrellas pone fin a todo este drama, en concreto una storie compartida por las dos: un desenfadado selfi de ambas haciendo un intencionado corte de mangas. Adem\u00e1s, <a href=\"\" rel=\"\" title=\"\">en el perfil de Jackson<\/a>, con m\u00e1s de cinco millones y medio de seguidores, puede verse un carrusel de im\u00e1genes del evento en el que se muestran sonrientes y c\u00f3modas.<\/p>\n<p class=\"\">El desfile de Desigual que felizmente ha vuelto a reunir a estas dos mujeres y que cont\u00f3 con otros rostros conocidos, como Becky G, Lila Moss y <a href=\"https:\/\/elpais.com\/gente\/2025-09-11\/nicki-nicole-habla-por-primera-vez-de-su-relacion-con-lamine-yamal-estoy-muy-enamorada.html\" target=\"_blank\" rel=\"noreferrer nofollow noopener\" title=\"https:\/\/elpais.com\/gente\/2025-09-11\/nicki-nicole-habla-por-primera-vez-de-su-relacion-con-lamine-yamal-estoy-muy-enamorada.html\">Nicki Nicole<\/a>, se celebr\u00f3 en el singular edificio industrial de Barcelona Les Tres Xemeneies y tuvo como broche final un gesto por la paz en Palestina protagonizado por <a href=\"https:\/\/elpais.com\/gente\/2025-05-30\/gigi-y-bella-hadid-tienen-una-hermana-de-23-anos-que-no-conocian-hemos-acogido-con-carino-esta-inesperada-incorporacion-a-la-familia.html\" target=\"_self\" rel=\"nofollow noopener\" title=\"https:\/\/elpais.com\/gente\/2025-05-30\/gigi-y-bella-hadid-tienen-una-hermana-de-23-anos-que-no-conocian-hemos-acogido-con-carino-esta-inesperada-incorporacion-a-la-familia.html\">Aydan Nix, hermanastra de las modelos Bella y Gigi Hadid<\/a>, hijas del empresario inmobiliario Mohammed Hadid, asentado en Estados Unidos, pero de origen palestino. Como cuenta Mar Rocabert en su cr\u00f3nica del desfile para SModa, Nix sali\u00f3 a la pasarela con un vestido en el que se le\u00eda un t\u00edmido: \u201cWhy?\u201d (\u00bfPor qu\u00e9?), en referencia al sinsentido del actual genocidio que sufre el pueblo palestino a manos de Israel.<\/p>\n<p><script async src=\"\/\/www.instagram.com\/embed.js\"><\/script><\/p>\n","protected":false},"excerpt":{"rendered":"Nadie puede reprocharle a Paris Jackson (27 a\u00f1os, Beverly Hills) que tenga un mal d\u00eda. Ni siquiera la&hellip;\n","protected":false},"author":2,"featured_media":107960,"comment_status":"","ping_status":"","sticky":false,"template":"","format":"standard","meta":{"footnotes":""},"categories":[91],"tags":[1015,210,3061,25062,23313,146,147,25,24,5232,256,260,1023,11719,23],"class_list":{"0":"post-107959","1":"post","2":"type-post","3":"status-publish","4":"format-standard","5":"has-post-thumbnail","7":"category-entretenimiento","8":"tag-actrices","9":"tag-barcelona","10":"tag-cantantes","11":"tag-desfiles-modelos","12":"tag-desigual","13":"tag-entertainment","14":"tag-entretenimiento","15":"tag-es","16":"tag-espana","17":"tag-ester-exposito","18":"tag-famosos","19":"tag-gente","20":"tag-moda","21":"tag-paris-jackson","22":"tag-spain"},"share_on_mastodon":{"url":"","error":""},"_links":{"self":[{"href":"https:\/\/www.europesays.com\/es\/wp-json\/wp\/v2\/posts\/107959","targetHints":{"allow":["GET"]}}],"collection":[{"href":"https:\/\/www.europesays.com\/es\/wp-json\/wp\/v2\/posts"}],"about":[{"href":"https:\/\/www.europesays.com\/es\/wp-json\/wp\/v2\/types\/post"}],"author":[{"embeddable":true,"href":"https:\/\/www.europesays.com\/es\/wp-json\/wp\/v2\/users\/2"}],"replies":[{"embeddable":true,"href":"https:\/\/www.europesays.com\/es\/wp-json\/wp\/v2\/comments?post=107959"}],"version-history":[{"count":0,"href":"https:\/\/www.europesays.com\/es\/wp-json\/wp\/v2\/posts\/107959\/revisions"}],"wp:featuredmedia":[{"embeddable":true,"href":"https:\/\/www.europesays.com\/es\/wp-json\/wp\/v2\/media\/107960"}],"wp:attachment":[{"href":"https:\/\/www.europesays.com\/es\/wp-json\/wp\/v2\/media?parent=107959"}],"wp:term":[{"taxonomy":"category","embeddable":true,"href":"https:\/\/www.europesays.com\/es\/wp-json\/wp\/v2\/categories?post=107959"},{"taxonomy":"post_tag","embeddable":true,"href":"https:\/\/www.europesays.com\/es\/wp-json\/wp\/v2\/tags?post=107959"}],"curies":[{"name":"wp","href":"https:\/\/api.w.org\/{rel}","templated":true}]}}