{"id":107975,"date":"2025-09-11T14:45:10","date_gmt":"2025-09-11T14:45:10","guid":{"rendered":"https:\/\/www.europesays.com\/es\/107975\/"},"modified":"2025-09-11T14:45:10","modified_gmt":"2025-09-11T14:45:10","slug":"quien-es-brooks-nader-la-supuesta-nueva-novia-de-carlos-alcaraz","status":"publish","type":"post","link":"https:\/\/www.europesays.com\/es\/107975\/","title":{"rendered":"Qui\u00e9n es Brooks Nader, la supuesta nueva novia de Carlos Alcaraz"},"content":{"rendered":"<p>Carlos Alcaraz es el deportista de moda. El murciano acaba de conseguir su sexto Grand Slam despu\u00e9s de ganar el US Open el pasado domingo y es <a href=\"https:\/\/www.huffingtonpost.es\/life\/influencers-celebrities\/el-efecto-carlos-alcaraz-nuevo-rey-midas-tenis-conquista-fuera-pista.html\" target=\"_blank\" rel=\"nofollow noopener\">el tenista mejor pagado del mundo despu\u00e9s de convertirse en un fil\u00f3n para las marcas gracias a su frescura<\/a>.\u00a0<\/p>\n<p>En las \u00faltimas tres semanas, Alcaraz fue el protagonista del torneo en Nueva York no solo por sus \u00e9xitos deportivos, sino tambi\u00e9n por su corte de pelo y por <a href=\"https:\/\/www.huffingtonpost.es\/life\/influencers-celebrities\/quien-emma-raducanu-tenista-relaciona-alcaraz-wimbledon.html\" target=\"_blank\" rel=\"nofollow noopener\">su supuesto romance con Emma Raducanu<\/a>, con la que hizo pareja en el dobles mixto. Los tenistas siempre han defendido que no son m\u00e1s que amigos y, a juzgar por las \u00faltimas novedades, parece que Alcaraz tiene una relaci\u00f3n con otra persona.\u00a0<\/p>\n<p>Se trata de la modelo Brooks Nader que, seg\u00fan su propia hermana, est\u00e1 saliendo con el tenista de El Palmar.\u00a0<a href=\"https:\/\/www.eonline.com\/news\/1422310\/brooks-nader-dating-carlos-alcaraz\" target=\"_blank\" rel=\"nofollow noopener\">Grace Ann Nader ha confirmado al portal estadounidense\u00a0E! News<\/a> que su hermana est\u00e1 conociendo al deportista, aunque sin dar demasiados detalles. \u00abLos rumores son ciertos. Salir con alguien es un t\u00e9rmino un poco impreciso. Pero s\u00e9 que es el hombre del momento\u00bb, declar\u00f3 Grace Ann Nader.\u00a0<\/p>\n<p>Adem\u00e1s, Nader explic\u00f3 que todav\u00eda no ha podido conocer al tenista, pero que lo est\u00e1 deseando: \u00abEs tan mono\u00bb.\u00a0<\/p>\n<p><img decoding=\"async\" loading=\"lazy\" src=\"https:\/\/img2.huffingtonpost.es\/files\/image_720\/uploads\/2025\/09\/11\/nader-en-el-programa-de-jimmy-kimmel-el-2-de-septiembre.jpeg\" width=\"720\" height=\"0\"  data-full-src=\"https:\/\/www.europesays.com\/es\/wp-content\/uploads\/2025\/09\/nader-en-el-programa-de-jimmy-kimmel-el-2-de-septiembre.jpeg\" \/><\/p>\n<p>            \u00a0<\/p>\n<p>        Nader, en el programa de Jimmy Kimmel el 2 de septiembreDisney via Getty Images<\/p>\n<p>Brooks Nader ha dado que hablar en las \u00faltimas semanas entre los aficionados del tenis por una intervenci\u00f3n en un podcast en el que dejaba caer que se estaba mensajeando con Jannik Sinner. Cuando el presentador le pregunt\u00f3 si hab\u00eda ido a ver jugar al italiano, la modelo respondi\u00f3 que estaba en otro partido. \u00abEst\u00e1s cerca\u00bb, afirm\u00f3. Unos d\u00edas despu\u00e9s, se confirm\u00f3 que el tenista italiano est\u00e1 saliendo con la influencer Laila Hasanovic, despu\u00e9s de que las c\u00e1maras captaran su fondo de pantalla.\u00a0<\/p>\n<p>Modelo y estrella de un &#8216;reality&#8217;<\/p>\n<p>A pesar de que en Espa\u00f1a es una desconocida, Nader se ha convertido en un rostro habitual en los portales de cotilleo estadounidenses. La modelo, de 28 a\u00f1os, salt\u00f3 a la fama despu\u00e9s de trabajar para la revista Sports Illustrated y ha participado en programas como Bailando con las estrellas.\u00a0<\/p>\n<p>Actualmente, Nader acaba de estrenar un reality de televisi\u00f3n con sus hermanas, Love Thy Nader, que Buzzfeed ha calificado como <a href=\"https:\/\/www.buzzfeed.com\/krystieyandoli\/love-thy-nader-is-the-realest-reality-show-on-tv\" target=\"_blank\" rel=\"nofollow noopener\">el \u00abm\u00e1s adictivo\u00bb de la peque\u00f1a pantalla<\/a>.\u00a0<\/p>\n<p>En cuanto a su vida personal, Nader acapar\u00f3 numerosos titulares en hace un a\u00f1o por su relaci\u00f3n con Constantino Alexios de Grecia, uno de los hijos de Pablo de Grecia y Marie-Chantal Miller, despu\u00e9s de acudir juntos a una boda.\u00a0<\/p>\n<p>Nader estuvo casada entre 2019 y 2022 con\u00a0Billy Haire, un ejecutivo publicitario, con el que viv\u00eda en Nueva York. Est\u00e1 por ver si esta supuesta relaci\u00f3n con Alcaraz termina alarg\u00e1ndose o si solo ha sido algo pasajero ya que, <a href=\"https:\/\/www.thetimes.com\/life-style\/celebrity\/article\/carlos-alcaraz-interview-wimbledon-2024-fmshhflpx\" rel=\"nofollow noopener\" target=\"_blank\">como el propio tenista asegur\u00f3 hace un a\u00f1o<\/a>, \u00abpuede ser complicado encontrar a la persona ideal cuando uno viaja constantemente\u00bb.\u00a0<\/p>\n","protected":false},"excerpt":{"rendered":"Carlos Alcaraz es el deportista de moda. El murciano acaba de conseguir su sexto Grand Slam despu\u00e9s de&hellip;\n","protected":false},"author":2,"featured_media":107976,"comment_status":"","ping_status":"","sticky":false,"template":"","format":"standard","meta":{"footnotes":""},"categories":[274],"tags":[545,168,25,24,23,167,327,326],"class_list":{"0":"post-107975","1":"post","2":"type-post","3":"status-publish","4":"format-standard","5":"has-post-thumbnail","7":"category-tenis","8":"tag-carlos-alcaraz","9":"tag-deportes","10":"tag-es","11":"tag-espana","12":"tag-spain","13":"tag-sports","14":"tag-tenis","15":"tag-tennis"},"share_on_mastodon":{"url":"","error":""},"_links":{"self":[{"href":"https:\/\/www.europesays.com\/es\/wp-json\/wp\/v2\/posts\/107975","targetHints":{"allow":["GET"]}}],"collection":[{"href":"https:\/\/www.europesays.com\/es\/wp-json\/wp\/v2\/posts"}],"about":[{"href":"https:\/\/www.europesays.com\/es\/wp-json\/wp\/v2\/types\/post"}],"author":[{"embeddable":true,"href":"https:\/\/www.europesays.com\/es\/wp-json\/wp\/v2\/users\/2"}],"replies":[{"embeddable":true,"href":"https:\/\/www.europesays.com\/es\/wp-json\/wp\/v2\/comments?post=107975"}],"version-history":[{"count":0,"href":"https:\/\/www.europesays.com\/es\/wp-json\/wp\/v2\/posts\/107975\/revisions"}],"wp:featuredmedia":[{"embeddable":true,"href":"https:\/\/www.europesays.com\/es\/wp-json\/wp\/v2\/media\/107976"}],"wp:attachment":[{"href":"https:\/\/www.europesays.com\/es\/wp-json\/wp\/v2\/media?parent=107975"}],"wp:term":[{"taxonomy":"category","embeddable":true,"href":"https:\/\/www.europesays.com\/es\/wp-json\/wp\/v2\/categories?post=107975"},{"taxonomy":"post_tag","embeddable":true,"href":"https:\/\/www.europesays.com\/es\/wp-json\/wp\/v2\/tags?post=107975"}],"curies":[{"name":"wp","href":"https:\/\/api.w.org\/{rel}","templated":true}]}}