{"id":107981,"date":"2025-09-11T14:48:15","date_gmt":"2025-09-11T14:48:15","guid":{"rendered":"https:\/\/www.europesays.com\/es\/107981\/"},"modified":"2025-09-11T14:48:15","modified_gmt":"2025-09-11T14:48:15","slug":"el-unicaja-ante-el-reto-de-los-65-partidos","status":"publish","type":"post","link":"https:\/\/www.europesays.com\/es\/107981\/","title":{"rendered":"El Unicaja, ante el reto de los 65 partidos"},"content":{"rendered":"<p>La temporada arrancar\u00e1 oficialmente para el Unicaja la semana que viene con la disputa de la Copa Intercontinental. La expedici\u00f3n partir\u00e1 el domingo hacia Singapur,  &#8230; con unos d\u00edas de margen, para hacerse al nuevo horario y al lugar en el que se jugar\u00e1 el primer t\u00edtulo de la nueva campa\u00f1a. El primer partido ser\u00e1 el jueves, ante el Alahli de Libia, y para entonces se espera que el &#8216;jet lag&#8217; haya quedado atr\u00e1s y que los pupilos de Ibon Navarro se hayan adaptado a la que ser\u00e1 su casa por una semana completa, si es que todo sale bien y consiguen llegar a la final. Este a\u00f1o, eso s\u00ed, se espera una edici\u00f3n m\u00e1s competitiva, con equipos de una gran tradici\u00f3n en Am\u00e9rica, caso del Flamengo, y un NBA G League United que cuenta con un <a href=\"https:\/\/www.diariosur.es\/unicaja\/campeon-euroliga-chasson-randle-plantilla-nba-league-united-copa-20250908105222-nt.html\" target=\"_self\" data-voc-vtm-id=\"in-text-traffic\" title=\"campe\u00f3n de la Euroliga\" data-mrf-link=\"www.diariosur.es\" rel=\"nofollow noopener\">campe\u00f3n de la Euroliga<\/a> en sus filas. Sea como fuere, el devenir de la competici\u00f3n ir\u00e1 marcando los hechos.<\/p>\n<p class=\"v-p\">Aunque el t\u00e9cnico haya incidido con anterioridad en la gesti\u00f3n y el control de las expectativas cara al nuevo curso, resulta inevitable caer en el recuerdo de una temporada hist\u00f3rica y llena de \u00e9xitos. El pasado curso, el Unicaja conquist\u00f3 cuatro t\u00edtulos y disput\u00f3 65 partidos oficiales, m\u00e1s que en ninguna otra temporada en su historia. El hecho de no haber tenido pocas campa\u00f1as brillantes agudiza, m\u00e1s si cabe, el m\u00e9rito de esta estad\u00edstica.<\/p>\n<p class=\"v-p\">Lo cierto es que el Unicaja, este Unicaja, ha ido mejorando con el paso de las temporadas. Este a\u00f1o deportivo empieza de una forma muy similar al pasado. Sin la continuidad total del bloque y con nuevas caras y roles en un equipo a\u00fan por construir, pero con la Copa Intercontinental y una Supercopa en la que no parte como favorito (tampoco el a\u00f1o pasado) en el horizonte m\u00e1s cercano. Con la ilusi\u00f3n intacta y sabedores de que las expectativas son un arma de doble filo.<\/p>\n<p>Sin partidos &#8216;extra&#8217;<\/p>\n<p class=\"v-p\">Los datos y los n\u00fameros hablan por s\u00ed solos: 65 encuentros oficiales repartidos en cinco competiciones (Copa Intercontinental, Supercopa, Liga Endesa, Copa del Rey y BCL), jugando s\u00f3lo los meramente necesarios para alzarse con cuatro de los cinco t\u00edtulos que disput\u00f3. Dicho de otro modo: evit\u00f3 los &#8216;play-in&#8217; y el tercer encuentro de la ronda de cuartos en la BCL, por lo que toc\u00f3 plata jugando el m\u00ednimo de partidos posible. S\u00f3lo se le resisti\u00f3 la Liga y, para mejorar lo logrado, algo ut\u00f3pico a d\u00eda de hoy por todo lo que queda por delante, deber\u00e1 avanzar hasta la final de los &#8216;play-off&#8217;, adem\u00e1s de repetir los \u00e9xitos. Pero para llegar a ese hipot\u00e9tico punto, todav\u00eda, queda todo.<\/p>\n<p class=\"v-p\">La temporada m\u00e1s larga de su historia, la pasada, super\u00f3 en cuatro partidos a la que hasta entonces hab\u00eda sido la que m\u00e1s partidos le hab\u00eda puesto por delante el calendario: la 2022-23, en la que jug\u00f3 61. Ese a\u00f1o gan\u00f3 la Copa del Rey y en la Champions jug\u00f3 18 encuentros (dos m\u00e1s que el pasado) porque tuvo que disputar la fase previa para acceder a la fase de grupos.<\/p>\n<p class=\"v-p\">Para remontarnos a la tercera campa\u00f1a en la que m\u00e1s partidos jug\u00f3 el Unicaja hay que viajar en el tiempo hasta los a\u00f1os de Euroliga. Concretamente, hasta uno de los m\u00e1s dorados de su historia, el curso 2006-07, en el que fue tercero de la m\u00e1xima competici\u00f3n continental y lleg\u00f3 a la friolera de 60 partidos. Y el &#8216;ranking&#8217; lo completan la campa\u00f1a 2007-08 (59), la \u00faltima de Scariolo en el banquillo del Unicaja, y la 2005-06 (58), en la que se consigui\u00f3 un hist\u00f3rico campeonato de la Liga ACB, el m\u00e1s preciado de los t\u00edtulos del Unicaja y el \u00fanico que se resisti\u00f3 la pasada temporada.<\/p>\n","protected":false},"excerpt":{"rendered":"La temporada arrancar\u00e1 oficialmente para el Unicaja la semana que viene con la disputa de la Copa Intercontinental.&hellip;\n","protected":false},"author":2,"featured_media":107982,"comment_status":"","ping_status":"","sticky":false,"template":"","format":"standard","meta":{"footnotes":""},"categories":[269],"tags":[1575,299,298,168,25,24,6758,5575,23,167,2246],"class_list":{"0":"post-107981","1":"post","2":"type-post","3":"status-publish","4":"format-standard","5":"has-post-thumbnail","7":"category-baloncesto","8":"tag-ante","9":"tag-baloncesto","10":"tag-basketball","11":"tag-deportes","12":"tag-es","13":"tag-espana","14":"tag-partidos","15":"tag-reto","16":"tag-spain","17":"tag-sports","18":"tag-unicaja"},"share_on_mastodon":{"url":"","error":""},"_links":{"self":[{"href":"https:\/\/www.europesays.com\/es\/wp-json\/wp\/v2\/posts\/107981","targetHints":{"allow":["GET"]}}],"collection":[{"href":"https:\/\/www.europesays.com\/es\/wp-json\/wp\/v2\/posts"}],"about":[{"href":"https:\/\/www.europesays.com\/es\/wp-json\/wp\/v2\/types\/post"}],"author":[{"embeddable":true,"href":"https:\/\/www.europesays.com\/es\/wp-json\/wp\/v2\/users\/2"}],"replies":[{"embeddable":true,"href":"https:\/\/www.europesays.com\/es\/wp-json\/wp\/v2\/comments?post=107981"}],"version-history":[{"count":0,"href":"https:\/\/www.europesays.com\/es\/wp-json\/wp\/v2\/posts\/107981\/revisions"}],"wp:featuredmedia":[{"embeddable":true,"href":"https:\/\/www.europesays.com\/es\/wp-json\/wp\/v2\/media\/107982"}],"wp:attachment":[{"href":"https:\/\/www.europesays.com\/es\/wp-json\/wp\/v2\/media?parent=107981"}],"wp:term":[{"taxonomy":"category","embeddable":true,"href":"https:\/\/www.europesays.com\/es\/wp-json\/wp\/v2\/categories?post=107981"},{"taxonomy":"post_tag","embeddable":true,"href":"https:\/\/www.europesays.com\/es\/wp-json\/wp\/v2\/tags?post=107981"}],"curies":[{"name":"wp","href":"https:\/\/api.w.org\/{rel}","templated":true}]}}