{"id":107991,"date":"2025-09-11T14:53:08","date_gmt":"2025-09-11T14:53:08","guid":{"rendered":"https:\/\/www.europesays.com\/es\/107991\/"},"modified":"2025-09-11T14:53:08","modified_gmt":"2025-09-11T14:53:08","slug":"el-incomodo-momento-vivido-en-first-dates-una-de-las-solteras-amenaza-con-abandonar-el-restaurante-no-me-ha-gustado-nada-me-quiero-ir","status":"publish","type":"post","link":"https:\/\/www.europesays.com\/es\/107991\/","title":{"rendered":"El inc\u00f3modo momento vivido en First Dates; una de las solteras amenaza con abandonar el restaurante: \u00abNo me ha gustado nada, me quiero ir\u00bb"},"content":{"rendered":"<p class=\"ft-text\">En\u00a0<strong>First Dates<\/strong>, a veces salta el flechazo cuando los solteros se ven por primera vez y empiezan a hablar de sus gustos y aficiones. Pero hay veces que la chispa no salta y uno de los dos siente ganas de salir corriendo. Este ha sido el caso de Marta, de 36 a\u00f1os, que en cuanto ha visto a Salvi, de 46, lo ha tenido claro y ha amenazado con abandonar el programa.\u00a0\u201c<strong>No me ha gustado nada,<\/strong>\u00a0me quiero ir\u201d. En cambio, a Salvi le ha encantado porque le ha parecido muy guapa.<\/p>\n<p class=\"ft-text\">Ha llegado el momento de conocer la decisi\u00f3n final de los solteros;<strong>\u00a0Salvi le gustar\u00eda tener una segunda cita\u00a0<\/strong>con Marta porque le ha gustado, la ve como una chica t\u00edmida, pero que puede llegar a conocerla mejor. Por la parte de<strong>\u00a0la murciana<\/strong>,<strong>\u00a0no<\/strong>\u00a0quiere tener otra cita porque no ha sentido \u201cfeeling\u201d, ni conexi\u00f3n como para poder tener otra cita.<\/p>\n<p>Formato de \u00e9xito<\/p>\n<p class=\"ft-text\">El programa ha sido muy popular en diferentes pa\u00edses y ha tenido varias temporadas. Los participantes son de todas las edades y procedencias, y<strong>\u00a0suelen tener intereses y personalidades muy diversas<\/strong>. Esto hace que cada episodio sea \u00fanico y emocionante, ya que no se sabe c\u00f3mo reaccionar\u00e1n los participantes ante las sorpresas y el romance.<\/p>\n<p class=\"ft-text\">Adem\u00e1s del romance, el\u00a0programa\u00a0tambi\u00e9n es conocido por sus divertidos y graciosos momentos, que hacen que sea muy entretenido de ver. Los participantes suelen tener conversaciones interesantes y reveladoras, y a menudo comparten historias personales y an\u00e9cdotas divertidas.<\/p>\n<p class=\"ft-text\">En la citada cita entre Stefano y Eduardo, el primero se\u00f1al\u00f3 que estaba cansado de que le entrasen las chicas en la discoteca. \u00abLo llevo fatal, deber\u00edan ponerme un cartel que ponga que no me gustan las chicas\u00bb, le se\u00f1alaba a su cita, admitiendo que las relaciones no le duraban m\u00e1s de 48 horas. En cuanto a su confesi\u00f3n sobre el importante n\u00famero de amantes, el italiano le asegur\u00f3 que \u00abtienes que tenerlo claro, un guion bien montado, porque no puedes mentir\u00bb.<\/p>\n","protected":false},"excerpt":{"rendered":"En\u00a0First Dates, a veces salta el flechazo cuando los solteros se ven por primera vez y empiezan a&hellip;\n","protected":false},"author":2,"featured_media":107992,"comment_status":"","ping_status":"","sticky":false,"template":"","format":"standard","meta":{"footnotes":""},"categories":[171],"tags":[2721,4482,146,147,25,24,2720,2759,9733,2812,23,214],"class_list":{"0":"post-107991","1":"post","2":"type-post","3":"status-publish","4":"format-standard","5":"has-post-thumbnail","7":"category-tv","8":"tag-dates","9":"tag-dv","10":"tag-entertainment","11":"tag-entretenimiento","12":"tag-es","13":"tag-espana","14":"tag-first","15":"tag-first-dates","16":"tag-incomodo","17":"tag-momento","18":"tag-spain","19":"tag-tv"},"share_on_mastodon":{"url":"","error":""},"_links":{"self":[{"href":"https:\/\/www.europesays.com\/es\/wp-json\/wp\/v2\/posts\/107991","targetHints":{"allow":["GET"]}}],"collection":[{"href":"https:\/\/www.europesays.com\/es\/wp-json\/wp\/v2\/posts"}],"about":[{"href":"https:\/\/www.europesays.com\/es\/wp-json\/wp\/v2\/types\/post"}],"author":[{"embeddable":true,"href":"https:\/\/www.europesays.com\/es\/wp-json\/wp\/v2\/users\/2"}],"replies":[{"embeddable":true,"href":"https:\/\/www.europesays.com\/es\/wp-json\/wp\/v2\/comments?post=107991"}],"version-history":[{"count":0,"href":"https:\/\/www.europesays.com\/es\/wp-json\/wp\/v2\/posts\/107991\/revisions"}],"wp:featuredmedia":[{"embeddable":true,"href":"https:\/\/www.europesays.com\/es\/wp-json\/wp\/v2\/media\/107992"}],"wp:attachment":[{"href":"https:\/\/www.europesays.com\/es\/wp-json\/wp\/v2\/media?parent=107991"}],"wp:term":[{"taxonomy":"category","embeddable":true,"href":"https:\/\/www.europesays.com\/es\/wp-json\/wp\/v2\/categories?post=107991"},{"taxonomy":"post_tag","embeddable":true,"href":"https:\/\/www.europesays.com\/es\/wp-json\/wp\/v2\/tags?post=107991"}],"curies":[{"name":"wp","href":"https:\/\/api.w.org\/{rel}","templated":true}]}}