{"id":10803,"date":"2025-07-29T03:50:12","date_gmt":"2025-07-29T03:50:12","guid":{"rendered":"https:\/\/www.europesays.com\/es\/10803\/"},"modified":"2025-07-29T03:50:12","modified_gmt":"2025-07-29T03:50:12","slug":"indra-especializa-su-centro-de-vigo-en-el-desarrollo-de-soluciones-de-defensa-electronica","status":"publish","type":"post","link":"https:\/\/www.europesays.com\/es\/10803\/","title":{"rendered":"Indra especializa su centro de\u00a0Vigo en el desarrollo de soluciones de defensa electr\u00f3nica"},"content":{"rendered":"<p>\t\t\t\t\t\tLa multinacional muestra a la ministra Margarita Robles el Sistema de Mando y Control Estrat\u00e9gico de la Uni\u00f3n Europea<br \/>\n\t\t\t\t\t\t\t\t\t\t\t\t<strong>28 jul 2025<\/strong> . Actualizado a las 22:52 h.\t\t\t\t\t\t<\/p>\n<p class=\"first-paragraph txt\"><strong>Margarita Robles<\/strong> ha conocido esta ma\u00f1ana el trabajo que est\u00e1 realizando la multinacional <strong>Indra<\/strong> en <strong>Vigo<\/strong> y los hitos alcanzados en los \u00e1mbitos de seguridad y <strong>defensa<\/strong>. Durante la visita, la ministra ha puesto en valor el esfuerzo realizado en las oficinas de la calle L\u00f3pez Mora para permitir que Espa\u00f1a est\u00e9 \u00abal d\u00eda\u00bb en avances tecnol\u00f3gicos en una \u00e9poca en que varios conflictos b\u00e9licos han cambiado \u00abel panorama en todos los \u00e1mbitos\u00bb.<\/p>\n<p class=\"txt\">En las instalaciones de Indra en el sur de Galicia, Robles ha conocido de primera mano\u00a0el<strong> Sistema de Mando y Control Estrat\u00e9gico de la Uni\u00f3n Europea<\/strong>, un desarrollo \u00ab\u00fanico en el mundo\u00bb, como describi\u00f3 el consejero delegado de Indra Group, Jos\u00e9 Vicente de los Mozos y recoge la agencia Efe. Este modelo facilitar\u00e1 la coordinaci\u00f3n de misiones militares conjuntas en las que intervengan varios ej\u00e9rcitos de Europa. Acompa\u00f1ada por el alcalde de Vigo, Abel Caballero, y el delegado del Gobierno en Galicia, Pedro Blanco, la ministra ha\u00a0comprobado c\u00f3mo se desarrolla el software de los sistemas de defensa electr\u00f3nica terrestres y navales de Indra y c\u00f3mo se trabaja en t\u00e9cnicas avanzadas de optimizaci\u00f3n de radares y sistemas de defensa electr\u00f3nica.<\/p>\n<p class=\"txt\">\n<p>\t\t\t\t\t\t\t\t\t\t\t\t&#13;<br \/>\n\t\t\t\t\t\t\t\t&#13;<br \/>\n&#13;<br \/>\n&#13;<\/p>\n<p>\t\t\t&#13;<br \/>\n\t&#13;<\/p>\n<p>\t\t\t<a href=\"https:\/\/www.lavozdegalicia.es\/noticia\/economia\/2025\/07\/06\/defensa-arma-pedidos-industria-gallega\/0003_202507G6P27991.htm\" data-analytics=\"link-embed\" rel=\"nofollow noopener\" target=\"_blank\">Defensa arma de pedidos la industria gallega<\/a><\/p>\n<p class=\"a-min-author\">\n<p>\t\t\t\t\t\t\t\t\t\t\t<a href=\"https:\/\/www.lavozdegalicia.es\/firmas\/manoli-sio-dopeso\" rel=\"nofollow noopener\" target=\"_blank\"> \tM. S\u00edo Dopeso<\/a><\/p>\n<p>\t&#13;<br \/>\n\t&#13;<br \/>\n&#13;<\/p>\n<p class=\"txt\">Adem\u00e1s, el equipo de Indra ha explicado a las autoridades\u00a0el sistema de ataque electr\u00f3nico del nuevo radar de barrido electr\u00f3nico activo MK1 de los cazas Eurofighter y han mostrado c\u00f3mo se est\u00e1n evolucionando los sistemas de detecci\u00f3n de drones por imagen y radiofrecuencia, imprescindibles para neutralizar los ataques de estos aparatos y poder intervenir en conflictos modernos.<\/p>\n<p class=\"txt\">La visita de Margarita Robles a Vigo llega apenas un mes despu\u00e9s de que la compa\u00f1\u00eda <a class=\"link-txt\" href=\"https:\/\/www.lavozdegalicia.es\/noticia\/economia\/2025\/07\/02\/motor-sinergias-planta-chips-fotonicosindra-instalara-vigo-centro-excelencia-aeroespacial-defensa-200-profesionales\/0003_202507G2P29993.htm\" rel=\"nofollow noopener\" target=\"_blank\">anunciara en Galicia su Centro de Excelencia Aeroespacial y de Defensa<\/a> con 200 profesionales que contratar\u00e1 a finales del pr\u00f3ximo a\u00f1o. Se sumar\u00e1n a los 70 ingenieros que Indra ya emplea en estas oficinas de la calle L\u00f3pez Mora, inauguradas en el 2024. Esta planta\u00a0\u00abser\u00e1 un centro de ultraespecializaci\u00f3n en alta tecnolog\u00eda y soluciones de defensa estrat\u00e9gicas para Indra relacionadas con la defensa electr\u00f3nica, la vigilancia electr\u00f3nica, el mando y control estrat\u00e9gico y los sistemas antidr\u00f3n\u00bb, describi\u00f3 Indra.<\/p>\n<p>&#13;<br \/>\n\tArchivado en:&#13;<br \/>\n\t\t\t\t\t<a href=\"https:\/\/www.lavozdegalicia.es\/temas\/indra\/\" target=\"_blank\" class=\"mg-l\" rel=\"nofollow noopener\">Indra<\/a>&#13;<br \/>\n\t\t\t\t\t<a href=\"https:\/\/www.lavozdegalicia.es\/temas\/margarita-robles\/\" target=\"_blank\" class=\"mg-l\" rel=\"nofollow noopener\">Margarita Robles<\/a>&#13;<br \/>\n\t\t\t\t\t<a href=\"https:\/\/www.lavozdegalicia.es\/temas\/vigo-ciudad\/\" target=\"_blank\" class=\"mg-l\" rel=\"nofollow noopener\">Vigo ciudad<\/a>&#13;<br \/>\n\t\t\t\t\t<a href=\"https:\/\/www.lavozdegalicia.es\/temas\/delegacion-del-gobierno-en-galicia\/\" target=\"_blank\" class=\"mg-l\" rel=\"nofollow noopener\">Delegaci\u00f3n del Gobierno en Galicia<\/a>&#13;<br \/>\n\t\t\t\t\t<a href=\"https:\/\/www.lavozdegalicia.es\/temas\/abel-caballero\/\" target=\"_blank\" class=\"mg-l\" rel=\"nofollow noopener\">Abel Caballero<\/a>&#13;<br \/>\n\t\t\t        \t&#13;<\/p>\n","protected":false},"excerpt":{"rendered":"La multinacional muestra a la ministra Margarita Robles el Sistema de Mando y Control Estrat\u00e9gico de la Uni\u00f3n&hellip;\n","protected":false},"author":2,"featured_media":10804,"comment_status":"","ping_status":"","sticky":false,"template":"","format":"standard","meta":{"footnotes":""},"categories":[8],"tags":[17,18,25,24,13,14,11,7834,19,20,7835,9,10,15,16,23,12,21,22,3518],"class_list":{"0":"post-10803","1":"post","2":"type-post","3":"status-publish","4":"format-standard","5":"has-post-thumbnail","7":"category-espana","8":"tag-breaking-news","9":"tag-breakingnews","10":"tag-es","11":"tag-espana","12":"tag-featured-news","13":"tag-featurednews","14":"tag-headlines","15":"tag-indra","16":"tag-latest-news","17":"tag-latestnews","18":"tag-margarita-robles","19":"tag-news","20":"tag-noticias","21":"tag-noticias-destacadas","22":"tag-noticiasdestacadas","23":"tag-spain","24":"tag-titulares","25":"tag-ultimas-noticias","26":"tag-ultimasnoticias","27":"tag-vigo-ciudad"},"share_on_mastodon":{"url":"","error":""},"_links":{"self":[{"href":"https:\/\/www.europesays.com\/es\/wp-json\/wp\/v2\/posts\/10803","targetHints":{"allow":["GET"]}}],"collection":[{"href":"https:\/\/www.europesays.com\/es\/wp-json\/wp\/v2\/posts"}],"about":[{"href":"https:\/\/www.europesays.com\/es\/wp-json\/wp\/v2\/types\/post"}],"author":[{"embeddable":true,"href":"https:\/\/www.europesays.com\/es\/wp-json\/wp\/v2\/users\/2"}],"replies":[{"embeddable":true,"href":"https:\/\/www.europesays.com\/es\/wp-json\/wp\/v2\/comments?post=10803"}],"version-history":[{"count":0,"href":"https:\/\/www.europesays.com\/es\/wp-json\/wp\/v2\/posts\/10803\/revisions"}],"wp:featuredmedia":[{"embeddable":true,"href":"https:\/\/www.europesays.com\/es\/wp-json\/wp\/v2\/media\/10804"}],"wp:attachment":[{"href":"https:\/\/www.europesays.com\/es\/wp-json\/wp\/v2\/media?parent=10803"}],"wp:term":[{"taxonomy":"category","embeddable":true,"href":"https:\/\/www.europesays.com\/es\/wp-json\/wp\/v2\/categories?post=10803"},{"taxonomy":"post_tag","embeddable":true,"href":"https:\/\/www.europesays.com\/es\/wp-json\/wp\/v2\/tags?post=10803"}],"curies":[{"name":"wp","href":"https:\/\/api.w.org\/{rel}","templated":true}]}}