{"id":108030,"date":"2025-09-11T15:18:09","date_gmt":"2025-09-11T15:18:09","guid":{"rendered":"https:\/\/www.europesays.com\/es\/108030\/"},"modified":"2025-09-11T15:18:09","modified_gmt":"2025-09-11T15:18:09","slug":"james-gunn-revela-que-el-pacificador-estuvo-a-punto-de-ser-interpretado-por-un-actor-de-marvel","status":"publish","type":"post","link":"https:\/\/www.europesays.com\/es\/108030\/","title":{"rendered":"James Gunn revela que El Pacificador estuvo a punto de ser interpretado por un actor de Marvel"},"content":{"rendered":"<p>&#8216;<a href=\"https:\/\/www.ecartelera.com\/peliculas\/escuadron-suicida-2\/\" rel=\"nofollow noopener\" target=\"_blank\">El Escuadr\u00f3n Suicida<\/a>&#8216; supuso el debut de <a href=\"https:\/\/www.ecartelera.com\/personas\/john-cena\/\" rel=\"nofollow noopener\" target=\"_blank\">John Cena<\/a> como Chris Smith, m\u00e1s conocido como El Pacificador (Peacemaker en ingl\u00e9s). El personaje no llam\u00f3 excesivamente la atenci\u00f3n en la pel\u00edcula, pero Gunn lo vio lo suficientemente interesante como para darle su propio spin-off, y ahora, en este <b>ha acabado siendo uno de los pocos supervivientes del antiguo r\u00e9gimen en el nuevo <a href=\"https:\/\/www.ecartelera.com\/sagas\/universo-extendido-dc\/\" rel=\"nofollow noopener\" target=\"_blank\">Universo DC<\/a><\/b>.<\/p>\n<p>&#8216;<a href=\"https:\/\/www.ecartelera.com\/series\/el-pacificador\/\" rel=\"nofollow noopener\" target=\"_blank\">El Pacificador<\/a>&#8216; lleg\u00f3 a HBO Max en 2022 y la serie, contra todo pron\u00f3stico, acab\u00f3 convirti\u00e9ndose en una de las grandes sorpresas televisivas del a\u00f1o. Cr\u00edticas excelentes, un p\u00fablico entregado y un personaje en viaje de redenci\u00f3n al que <b>Gunn y Cena sacaban todo el jugo para convertirlo en uno de los favoritos de la audiencia<\/b>.<\/p>\n<p>Tr\u00e1iler espa\u00f1ol &#8216;El Pacificador&#8217; T2 #2<\/p>\n<p><video id=\"vid-35572\" class=\"video-js vjs-default-skin\" data-title=\"Tr\u00e1iler espa\u00f1ol 'El Pacificador' T2 #2\" poster=\"https:\/\/www.ecartelera.com\/images\/videos\/35500\/f35572.jpg\" controls=\"\" preload=\"auto\" width=\"640\" height=\"360\" playsinline=\"\" data-vtt=\"\/\/v1.ecartelera.com\/video\/35500\/35572_sprite.vtt\" data-stream=\"1\">El navegador no soporta el tag de v\u00eddeo.<\/video><\/p>\n<p>X<\/p>\n<p>&#8216;El Pacificador&#8217; ha vuelto este a\u00f1o con su segunda temporada, que utiliza el multiverso y las puertas interdimensionales para reescribir el canon de la saga y justificar que Smith y sus amigos sigan en ella <b>a pesar del reset que se ha llevado con la saga tras la era capitaneada por <a href=\"https:\/\/www.ecartelera.com\/personas\/zack-snyder\/\" rel=\"nofollow noopener\" target=\"_blank\">Zack Snyder<\/a><\/b>. As\u00ed, la serie se conecta estrechamente con &#8216;<a href=\"https:\/\/www.ecartelera.com\/peliculas\/superman-legacy\/\" rel=\"nofollow noopener\" target=\"_blank\">Superman<\/a>&#8216;, jugando un papel muy importante en estos primeros pasos del nuevo DC:<\/p>\n<p>\t\t\t\t\t\t\t<img decoding=\"async\" loading=\"lazy\" src=\"https:\/\/www.europesays.com\/es\/wp-content\/uploads\/2025\/09\/243634_james-gunn-revela-que-el-pacificador-estuvo-a-punt.jpg\" alt=\"John Cena como Chris Smith en la segunda temporada de 'El Pacificador'\" width=\"1200\" height=\"700\"\/>\t<\/p>\n<p>\t\t\t\t\t\tJohn Cena como Chris Smith en la segunda temporada de &#8216;El Pacificador&#8217; (HBO Max)<\/p>\n<p>El Pacificador ha pasado de ser un villano deplorable a un retorcidamente entra\u00f1able antih\u00e9roe en deconstrucci\u00f3n. Gracias al formato serial, Gunn ha podido profundizar mucho m\u00e1s en el personaje, d\u00e1ndole a Cena la oportunidad de brillar como actor m\u00e1s que en cualquier otro proyecto en el que ha participado. Y por todo esto, actualmente es imposible imaginarse a otro que no sea \u00e9l en el papel, pero <b>como suele ocurrir, Peacemaker estuvo a punto de tener otra cara<\/b>.<\/p>\n<p>En una nueva entrevista en el m\u00edtico programa de <a target=\"_blank\" href=\"https:\/\/www.youtube.com\/watch?v=zJ5my5tSAWI\" rel=\"nofollow noopener\">Howard Stern<\/a>, Gunn ha revelado que, antes de ofrec\u00e9rselo a Cena, estuvo a punto de darle el papel de Chris Smith a otro luchador profesional convertido en actor, uno con el que, adem\u00e1s, <b>hab\u00eda trabajado muy estrechamente durante su etapa en el <a href=\"https:\/\/www.ecartelera.com\/sagas\/universo-marvel\/\" rel=\"nofollow noopener\" target=\"_blank\">Universo Cinematogr\u00e1fico Marvel<\/a>, <a href=\"https:\/\/www.ecartelera.com\/personas\/dave-bautista\/\" rel=\"nofollow noopener\" target=\"_blank\">Dave Bautista<\/a><\/b>.<\/p>\n<p>\t\t\t\t\t\t\t<img decoding=\"async\" loading=\"lazy\" src=\"https:\/\/www.europesays.com\/es\/wp-content\/uploads\/2025\/09\/233870_guardianes-de-la-galaxia-dave-bautista-estaria-.jpg\" alt=\"Dave Bautista como Drax en el UCM\" width=\"1200\" height=\"675\"\/>\t<\/p>\n<p>\t\t\t\t\t\tDave Bautista como Drax en el UCM (Marvel Studios)<\/p>\n<p>\u00abEra Dave Bautista, un buen amigo m\u00edo\u00bb, dice Gunn. \u00abObviamente, interpreta a Drax en &#8216;Guardianes de la Galaxia&#8217; y yo <b>escrib\u00ed el personaje de Peacemaker para \u00e9l y le ofrecimos el papel,<\/b> pero le ofrecieron otras dos pel\u00edculas y no le \u00edbamos a pagar mucho, as\u00ed que tuvo que ir donde hab\u00eda dinero\u00bb. <\/p>\n<p>\u00abSiempre he sido fan de John, sobre todo desde &#8216;<a href=\"https:\/\/www.ecartelera.com\/peliculas\/trainwreck\/\" rel=\"nofollow noopener\" target=\"_blank\">Y de repente t\u00fa<\/a>&#8216;\u00bb, contin\u00faa el director de DC Studios. \u00abMe pareci\u00f3 tan gracioso en esa pel\u00edcula que me reun\u00ed con \u00e9l. Hablamos. <b>Nos hicimos amigos al instante, y desde entonces he trabajado con \u00e9l m\u00e1s que con cualquier otro actor<\/b>, porque he hecho dos temporadas de &#8216;<a href=\"https:\/\/www.ecartelera.com\/series\/el-pacificador\/\" rel=\"nofollow noopener\" target=\"_blank\">El Pacificador<\/a>&#8216;, &#8216;El Escuadr\u00f3n Suicida&#8217; y vamos a hacer m\u00e1s juntos. Es un tipo fant\u00e1stico, un actor fant\u00e1stico\u00bb.<\/p>\n<p>Bautista post-Marvel<\/p>\n<p>Dave Bautista es <b>uno de los exluchadores convertidos en actores mejor valorados de Hollywood<\/b>. Adem\u00e1s de su trabajo como Drax en Marvel, ha destacado en pel\u00edculas como &#8216;<a href=\"https:\/\/www.ecartelera.com\/peliculas\/army-of-the-dead\/\" rel=\"nofollow noopener\" target=\"_blank\">Ej\u00e9rcito de los muertos<\/a>&#8216;, &#8216;<a href=\"https:\/\/www.ecartelera.com\/peliculas\/dune-2020\/\" rel=\"nofollow noopener\" target=\"_blank\">Dune<\/a>&#8216;, &#8216;<a href=\"https:\/\/www.ecartelera.com\/peliculas\/llaman-a-la-puerta\/\" rel=\"nofollow noopener\" target=\"_blank\">Llaman a la puerta<\/a>&#8216; o &#8216;<a href=\"https:\/\/www.ecartelera.com\/peliculas\/the-last-showgirl\/\" rel=\"nofollow noopener\" target=\"_blank\">The Last Showgirl<\/a>&#8216;.<\/p>\n<p>Pronto lo tendremos de nuevo en nuestros cines con &#8216;<a href=\"https:\/\/www.ecartelera.com\/peliculas\/afterburn-zona-zero\/\" rel=\"nofollow noopener\" target=\"_blank\">Afterburn<\/a>&#8216;, aventura de acci\u00f3n postapocal\u00edptica en la que encarna a un cazatesoros en busca de la Mona Lisa en una Tierra arrasada por un cataclismo solar. <b>La pel\u00edcula llega a los cines el 19 de septiembre<\/b>.<\/p>\n","protected":false},"excerpt":{"rendered":"&#8216;El Escuadr\u00f3n Suicida&#8216; supuso el debut de John Cena como Chris Smith, m\u00e1s conocido como El Pacificador (Peacemaker&hellip;\n","protected":false},"author":2,"featured_media":108031,"comment_status":"","ping_status":"","sticky":false,"template":"","format":"standard","meta":{"footnotes":""},"categories":[169],"tags":[1014,1015,1013,177,1011,146,147,25,24,782,176,1019,1016,175,753,1012,23,1017,1018],"class_list":{"0":"post-108030","1":"post","2":"type-post","3":"status-publish","4":"format-standard","5":"has-post-thumbnail","7":"category-cine","8":"tag-actores","9":"tag-actrices","10":"tag-cartelera","11":"tag-cine","12":"tag-ecartelera","13":"tag-entertainment","14":"tag-entretenimiento","15":"tag-es","16":"tag-espana","17":"tag-estrellas","18":"tag-film","19":"tag-fotogramas","20":"tag-fotos","21":"tag-movies","22":"tag-peliculas","23":"tag-pelis","24":"tag-spain","25":"tag-trailers","26":"tag-videos"},"share_on_mastodon":{"url":"","error":""},"_links":{"self":[{"href":"https:\/\/www.europesays.com\/es\/wp-json\/wp\/v2\/posts\/108030","targetHints":{"allow":["GET"]}}],"collection":[{"href":"https:\/\/www.europesays.com\/es\/wp-json\/wp\/v2\/posts"}],"about":[{"href":"https:\/\/www.europesays.com\/es\/wp-json\/wp\/v2\/types\/post"}],"author":[{"embeddable":true,"href":"https:\/\/www.europesays.com\/es\/wp-json\/wp\/v2\/users\/2"}],"replies":[{"embeddable":true,"href":"https:\/\/www.europesays.com\/es\/wp-json\/wp\/v2\/comments?post=108030"}],"version-history":[{"count":0,"href":"https:\/\/www.europesays.com\/es\/wp-json\/wp\/v2\/posts\/108030\/revisions"}],"wp:featuredmedia":[{"embeddable":true,"href":"https:\/\/www.europesays.com\/es\/wp-json\/wp\/v2\/media\/108031"}],"wp:attachment":[{"href":"https:\/\/www.europesays.com\/es\/wp-json\/wp\/v2\/media?parent=108030"}],"wp:term":[{"taxonomy":"category","embeddable":true,"href":"https:\/\/www.europesays.com\/es\/wp-json\/wp\/v2\/categories?post=108030"},{"taxonomy":"post_tag","embeddable":true,"href":"https:\/\/www.europesays.com\/es\/wp-json\/wp\/v2\/tags?post=108030"}],"curies":[{"name":"wp","href":"https:\/\/api.w.org\/{rel}","templated":true}]}}