{"id":108036,"date":"2025-09-11T15:21:08","date_gmt":"2025-09-11T15:21:08","guid":{"rendered":"https:\/\/www.europesays.com\/es\/108036\/"},"modified":"2025-09-11T15:21:08","modified_gmt":"2025-09-11T15:21:08","slug":"mural-de-banksy-de-un-juez-golpeando-a-un-manifestante-es-eliminado-de-un-tribunal-en-londres","status":"publish","type":"post","link":"https:\/\/www.europesays.com\/es\/108036\/","title":{"rendered":"Mural de Banksy de un juez golpeando a un manifestante es eliminado de un tribunal en Londres"},"content":{"rendered":"<p>LONDRES (AP) \u2014 El veredicto sobre la obra de arte de Banksy en la pared de un tribunal, que mostraba a un juez golpeando a un manifestante, fue que deb\u00eda ser eliminada.<\/p>\n<p>A diferencia de otras obras provocativas del esquivo artista, que a veces son robadas o cuidadosamente retiradas y exhibidas en galer\u00edas o vendidas en subastas por millones, su \u00faltimo mural estaba siendo borrado del registro el mi\u00e9rcoles.<\/p>\n<p>La pintura en aerosol con plantilla de un manifestante tendido en el suelo sosteniendo un cartel salpicado de sangre mientras un juez con peluca tradicional y toga negra lo golpea con un mazo fue eliminada de la pared del Tribunal Real de Justicia.<\/p>\n<p>La orden de retirarla provino de los administradores del tribunal porque el edificio de estilo g\u00f3tico victoriano de 143 a\u00f1os de antig\u00fcedad tiene un valor significativo por su importancia hist\u00f3rica y debe mantener su car\u00e1cter original, dijo un portavoz.<\/p>\n<p>La Polic\u00eda Metropolitana inform\u00f3 que los oficiales estaban investigando una denuncia de que la obra era un acto de da\u00f1o criminal.<\/p>\n<p>El portavoz de Banksy no respondi\u00f3 de inmediato a un correo electr\u00f3nico solicitando comentarios.<\/p>\n<p>La obra apareci\u00f3 el lunes y fue r\u00e1pidamente cubierta despu\u00e9s de que Banksy publicara una foto de ella en Instagram, su m\u00e9todo habitual para autenticar su trabajo.<\/p>\n<p>El artista, que nunca ha revelado p\u00fablicamente su identidad, es conocido por criticar la pol\u00edtica gubernamental sobre migraci\u00f3n y guerra.<\/p>\n<p>Aunque la obra de arte no hac\u00eda referencia directa a un evento o causa particular, algunos activistas la vieron como un comentario sobre la prohibici\u00f3n del gobierno del Reino Unido al grupo Palestine Action, que ha sido proscrito como una organizaci\u00f3n terrorista.<\/p>\n<p>El s\u00e1bado, casi 900 personas fueron arrestadas en una protesta en Londres desafiando la prohibici\u00f3n.<\/p>\n<p>El edificio hist\u00f3tico alberga el Tribunal de Apelaci\u00f3n y el Tribunal Superior, que han intervenido en los esfuerzos de Palestine Action para apelar la prohibici\u00f3n. Los jueces de apelaci\u00f3n inicialmente rechazaron la solicitud de la organizaci\u00f3n para apelar, pero un juez del Tribunal Superior luego permiti\u00f3 que avanzara, aunque el gobierno est\u00e1 desafiando esa decisi\u00f3n.<\/p>\n<p>___<\/p>\n<p>Esta historia fue traducida del ingl\u00e9s por un editor de AP con la ayuda de una herramienta de inteligencia artificial generativa.<\/p>\n","protected":false},"excerpt":{"rendered":"LONDRES (AP) \u2014 El veredicto sobre la obra de arte de Banksy en la pared de un tribunal,&hellip;\n","protected":false},"author":2,"featured_media":108037,"comment_status":"","ping_status":"","sticky":false,"template":"","format":"standard","meta":{"footnotes":""},"categories":[91],"tags":[146,147,25,24,2793,10,23],"class_list":{"0":"post-108036","1":"post","2":"type-post","3":"status-publish","4":"format-standard","5":"has-post-thumbnail","7":"category-entretenimiento","8":"tag-entertainment","9":"tag-entretenimiento","10":"tag-es","11":"tag-espana","12":"tag-espectaculos","13":"tag-noticias","14":"tag-spain"},"share_on_mastodon":{"url":"","error":""},"_links":{"self":[{"href":"https:\/\/www.europesays.com\/es\/wp-json\/wp\/v2\/posts\/108036","targetHints":{"allow":["GET"]}}],"collection":[{"href":"https:\/\/www.europesays.com\/es\/wp-json\/wp\/v2\/posts"}],"about":[{"href":"https:\/\/www.europesays.com\/es\/wp-json\/wp\/v2\/types\/post"}],"author":[{"embeddable":true,"href":"https:\/\/www.europesays.com\/es\/wp-json\/wp\/v2\/users\/2"}],"replies":[{"embeddable":true,"href":"https:\/\/www.europesays.com\/es\/wp-json\/wp\/v2\/comments?post=108036"}],"version-history":[{"count":0,"href":"https:\/\/www.europesays.com\/es\/wp-json\/wp\/v2\/posts\/108036\/revisions"}],"wp:featuredmedia":[{"embeddable":true,"href":"https:\/\/www.europesays.com\/es\/wp-json\/wp\/v2\/media\/108037"}],"wp:attachment":[{"href":"https:\/\/www.europesays.com\/es\/wp-json\/wp\/v2\/media?parent=108036"}],"wp:term":[{"taxonomy":"category","embeddable":true,"href":"https:\/\/www.europesays.com\/es\/wp-json\/wp\/v2\/categories?post=108036"},{"taxonomy":"post_tag","embeddable":true,"href":"https:\/\/www.europesays.com\/es\/wp-json\/wp\/v2\/tags?post=108036"}],"curies":[{"name":"wp","href":"https:\/\/api.w.org\/{rel}","templated":true}]}}