{"id":108040,"date":"2025-09-11T15:23:09","date_gmt":"2025-09-11T15:23:09","guid":{"rendered":"https:\/\/www.europesays.com\/es\/108040\/"},"modified":"2025-09-11T15:23:09","modified_gmt":"2025-09-11T15:23:09","slug":"el-ipc-de-eeuu-se-situa-en-el-29-interanual-en-agosto","status":"publish","type":"post","link":"https:\/\/www.europesays.com\/es\/108040\/","title":{"rendered":"El IPC de EEUU se sit\u00faa en el 2,9% interanual en agosto"},"content":{"rendered":"\n<p class=\"yf-1090901\">El <a class=\"link \" href=\"https:\/\/www.estrategiasdeinversion.com\/herramientas\/diccionario\/economia\/que-es-el-ipc-indice-de-precios-al-consumo-t-200\" rel=\"nofollow noopener\" target=\"_blank\" data-ylk=\"slk:\u00edndice de precios de consumo (IPC);elm:context_link;itc:0;sec:content-canvas\">\u00edndice de precios de consumo (IPC)<\/a> de Estados Unidos ha experimentado un incremento interanual del 2,9% en agosto, lo que supone una aceleraci\u00f3n de dos d\u00e9cimas con respecto al mes anterior, seg\u00fan datos proporcionados por la Oficina de Estad\u00edsticas Laborales del Departamento de Trabajo.<\/p>\n<p class=\"yf-1090901\">Por otro lado, el \u00edndice subyacente, que excluye los precios de alimentos y energ\u00eda debido a su mayor volatilidad, ha cerrado el mes de agosto con un aumento del 3,1%, manteni\u00e9ndose estable y alcanzando su nivel m\u00e1s alto desde febrero.<\/p>\n<p class=\"yf-1090901\">En cuanto a los alimentos, se ha observado un incremento del 3,2%, mientras que los productos energ\u00e9ticos han experimentado un aumento del 0,2% en comparaci\u00f3n con el mismo per\u00edodo del a\u00f1o anterior.<\/p>\n<p class=\"yf-1090901\">En t\u00e9rminos mensuales, el IPC general ha mostrado un repunte del 0,4% en agosto, en contraste con el avance de dos d\u00e9cimas registrado previamente. Por su parte, el IPC subyacente se ha mantenido en el 0,3%, la misma cifra reportada en julio.<\/p>\n<p class=\"yf-1090901\">La lectura de agosto del IPC en Estados Unidos podr\u00eda tener implicaciones significativas en la normalizaci\u00f3n de la pol\u00edtica monetaria por parte de la Reserva Federal (Fed). La instituci\u00f3n se encuentra en una posici\u00f3n delicada, tratando de equilibrar la contenci\u00f3n de la inflaci\u00f3n con la desaceleraci\u00f3n del mercado laboral.<\/p>\n","protected":false},"excerpt":{"rendered":"El \u00edndice de precios de consumo (IPC) de Estados Unidos ha experimentado un incremento interanual del 2,9% en&hellip;\n","protected":false},"author":2,"featured_media":108041,"comment_status":"","ping_status":"","sticky":false,"template":"","format":"standard","meta":{"footnotes":""},"categories":[80],"tags":[82,37257,95,94,25,24,21107,11529,23],"class_list":{"0":"post-108040","1":"post","2":"type-post","3":"status-publish","4":"format-standard","5":"has-post-thumbnail","7":"category-economia","8":"tag-business","9":"tag-departamento-de-trabajo","10":"tag-economia","11":"tag-economy","12":"tag-es","13":"tag-espana","14":"tag-indice-de-precios-de-consumo","15":"tag-ipc","16":"tag-spain"},"share_on_mastodon":{"url":"","error":""},"_links":{"self":[{"href":"https:\/\/www.europesays.com\/es\/wp-json\/wp\/v2\/posts\/108040","targetHints":{"allow":["GET"]}}],"collection":[{"href":"https:\/\/www.europesays.com\/es\/wp-json\/wp\/v2\/posts"}],"about":[{"href":"https:\/\/www.europesays.com\/es\/wp-json\/wp\/v2\/types\/post"}],"author":[{"embeddable":true,"href":"https:\/\/www.europesays.com\/es\/wp-json\/wp\/v2\/users\/2"}],"replies":[{"embeddable":true,"href":"https:\/\/www.europesays.com\/es\/wp-json\/wp\/v2\/comments?post=108040"}],"version-history":[{"count":0,"href":"https:\/\/www.europesays.com\/es\/wp-json\/wp\/v2\/posts\/108040\/revisions"}],"wp:featuredmedia":[{"embeddable":true,"href":"https:\/\/www.europesays.com\/es\/wp-json\/wp\/v2\/media\/108041"}],"wp:attachment":[{"href":"https:\/\/www.europesays.com\/es\/wp-json\/wp\/v2\/media?parent=108040"}],"wp:term":[{"taxonomy":"category","embeddable":true,"href":"https:\/\/www.europesays.com\/es\/wp-json\/wp\/v2\/categories?post=108040"},{"taxonomy":"post_tag","embeddable":true,"href":"https:\/\/www.europesays.com\/es\/wp-json\/wp\/v2\/tags?post=108040"}],"curies":[{"name":"wp","href":"https:\/\/api.w.org\/{rel}","templated":true}]}}