{"id":108044,"date":"2025-09-11T15:25:06","date_gmt":"2025-09-11T15:25:06","guid":{"rendered":"https:\/\/www.europesays.com\/es\/108044\/"},"modified":"2025-09-11T15:25:06","modified_gmt":"2025-09-11T15:25:06","slug":"dos-manifestantes-detenidos-en-valladolid-al-invadir-el-recorrido-de-la-contrarreloj-de-la-vuelta-ciclismo-deportes","status":"publish","type":"post","link":"https:\/\/www.europesays.com\/es\/108044\/","title":{"rendered":"Dos manifestantes detenidos en Valladolid al invadir el recorrido de la contrarreloj de la Vuelta | Ciclismo | Deportes"},"content":{"rendered":"<p>La etapa tendr\u00e1 finalmente una longitud de tan solo 12&#8217;2 kil\u00f3metros, menos de la mitad de lo que estaba previsto debido a las diferentes manifestaciones que se esperan y para asegurar la integridad de los miembros del pelot\u00f3n y sus equipos. Eso s\u00ed, la organizaci\u00f3n ha formado un recorrido donde el inicio, en la Plaza de San Pablo, y el final, en la Plaza de Zorrilla, se mantienen, cambiando \u00fanicamente la composici\u00f3n interior.<\/p>\n","protected":false},"excerpt":{"rendered":"La etapa tendr\u00e1 finalmente una longitud de tan solo 12&#8217;2 kil\u00f3metros, menos de la mitad de lo que&hellip;\n","protected":false},"author":2,"featured_media":108045,"comment_status":"","ping_status":"","sticky":false,"template":"","format":"standard","meta":{"footnotes":""},"categories":[8],"tags":[17,18,313,2838,1540,168,25,24,13,14,73,11,74,19,20,9,10,15,16,23,12,21,22,1607,325,7603],"class_list":{"0":"post-108044","1":"post","2":"type-post","3":"status-publish","4":"format-standard","5":"has-post-thumbnail","7":"category-espana","8":"tag-breaking-news","9":"tag-breakingnews","10":"tag-ciclismo","11":"tag-ciclistas","12":"tag-competiciones","13":"tag-deportes","14":"tag-es","15":"tag-espana","16":"tag-featured-news","17":"tag-featurednews","18":"tag-franja-gaza","19":"tag-headlines","20":"tag-israel","21":"tag-latest-news","22":"tag-latestnews","23":"tag-news","24":"tag-noticias","25":"tag-noticias-destacadas","26":"tag-noticiasdestacadas","27":"tag-spain","28":"tag-titulares","29":"tag-ultimas-noticias","30":"tag-ultimasnoticias","31":"tag-valladolid","32":"tag-vingegaard","33":"tag-vuelta-espana"},"share_on_mastodon":{"url":"","error":""},"_links":{"self":[{"href":"https:\/\/www.europesays.com\/es\/wp-json\/wp\/v2\/posts\/108044","targetHints":{"allow":["GET"]}}],"collection":[{"href":"https:\/\/www.europesays.com\/es\/wp-json\/wp\/v2\/posts"}],"about":[{"href":"https:\/\/www.europesays.com\/es\/wp-json\/wp\/v2\/types\/post"}],"author":[{"embeddable":true,"href":"https:\/\/www.europesays.com\/es\/wp-json\/wp\/v2\/users\/2"}],"replies":[{"embeddable":true,"href":"https:\/\/www.europesays.com\/es\/wp-json\/wp\/v2\/comments?post=108044"}],"version-history":[{"count":0,"href":"https:\/\/www.europesays.com\/es\/wp-json\/wp\/v2\/posts\/108044\/revisions"}],"wp:featuredmedia":[{"embeddable":true,"href":"https:\/\/www.europesays.com\/es\/wp-json\/wp\/v2\/media\/108045"}],"wp:attachment":[{"href":"https:\/\/www.europesays.com\/es\/wp-json\/wp\/v2\/media?parent=108044"}],"wp:term":[{"taxonomy":"category","embeddable":true,"href":"https:\/\/www.europesays.com\/es\/wp-json\/wp\/v2\/categories?post=108044"},{"taxonomy":"post_tag","embeddable":true,"href":"https:\/\/www.europesays.com\/es\/wp-json\/wp\/v2\/tags?post=108044"}],"curies":[{"name":"wp","href":"https:\/\/api.w.org\/{rel}","templated":true}]}}