{"id":108046,"date":"2025-09-11T15:26:08","date_gmt":"2025-09-11T15:26:08","guid":{"rendered":"https:\/\/www.europesays.com\/es\/108046\/"},"modified":"2025-09-11T15:26:08","modified_gmt":"2025-09-11T15:26:08","slug":"ucrania-recibe-otros-1-000-millones-de-euros-de-la-contribucion-al-prestamo-del-g7-de-la-ue","status":"publish","type":"post","link":"https:\/\/www.europesays.com\/es\/108046\/","title":{"rendered":"Ucrania recibe otros 1 000 millones de euros de la contribuci\u00f3n al pr\u00e9stamo del G7 de la UE"},"content":{"rendered":"<p>La Comisi\u00f3n Europea ha desembolsado el octavo tramo de su pr\u00e9stamo de ayuda macrofinanciera excepcional a Ucrania, por valor de 1\u00a0000 millones de euros, lo que refuerza a\u00fan m\u00e1s el papel de la UE como mayor donante de Ucrania desde el inicio de la guerra de agresi\u00f3n de Rusia, con un apoyo global de <a href=\"https:\/\/ec.europa.eu\/commission\/presscorner\/detail\/en\/fs_22_3862\" rel=\"nofollow noopener\" target=\"_blank\">m\u00e1s de 170\u00a0000 millones de euros<\/a>.\u00a0<\/p>\n<p>En total, la ayuda macrofinanciera asciende a 18\u00a0100 millones de euros y representa la contribuci\u00f3n de la UE en el marco de la iniciativa liderada por el G7 sobre pr\u00e9stamos de aceleraci\u00f3n de los ingresos extraordinarios, cuyo objetivo colectivo es proporcionar aproximadamente 45\u00a0000 millones de euros de apoyo financiero a Ucrania. Con este \u00faltimo pago, el apoyo total de la Comisi\u00f3n a Ucrania en el marco de esta ayuda macrofinanciera asciende a <a href=\"https:\/\/ec.europa.eu\/commission\/presscorner\/detail\/en\/ip_25_1978\" rel=\"nofollow noopener\" target=\"_blank\">10\u00a0000 millones de euros desde principios de 2025<\/a>.\u00a0<\/p>\n<p>Como anunci\u00f3 ayer la presidenta Ursula <strong>von der Leyen<\/strong> en su <a href=\"https:\/\/ec.europa.eu\/commission\/presscorner\/detail\/es\/speech_25_2053\" rel=\"nofollow noopener\" target=\"_blank\">discurso sobre el estado de la Uni\u00f3n<\/a>, la Comisi\u00f3n adelantar\u00e1 6\u00a0000 millones de euros de la contribuci\u00f3n de la UE a la iniciativa de pr\u00e9stamos. Esto permitir\u00e1 a la UE apoyar el necesario aumento del gasto militar este oto\u00f1o, ayudando a Ucrania a satisfacer sus necesidades militares urgentes.\u00a0<\/p>\n<p>Los pr\u00e9stamos de aceleraci\u00f3n de los ingresos extraordinarios de los socios del G7, as\u00ed como el pr\u00e9stamo de ayuda macrofinanciera de la UE, se est\u00e1n reembolsando utilizando los ingresos procedentes de los activos inmovilizados del Estado ruso mantenidos en la UE. El 25 de agosto, el Mecanismo de cooperaci\u00f3n con Ucrania en materia de pr\u00e9stamos desembols\u00f3 un importe inicial de 1\u00a0500 millones de euros en ingresos extraordinarios, lo que permiti\u00f3 a Ucrania liquidar los pr\u00e9stamos de aceleraci\u00f3n de los ingresos extraordinarios.<\/p>\n<p>\u00a0<\/p>\n<p>Contacto:\u00a0<a href=\"https:\/\/spain.representation.ec.europa.eu\/noticias-eventos\/recursos-de-prensa-y-contactos_es\" rel=\"nofollow noopener\" target=\"_blank\">Equipo de prensa<\/a>\u00a0de la Comisi\u00f3n Europea en Espa\u00f1a<\/p>\n<p>Si no quiere seguir recibiendo nuestras comunicaciones, le rogamos cambie sus preferencias en este\u00a0<a href=\"https:\/\/ec.europa.eu\/newsroom\/login?universe=comm_rep_es&amp;page=summary\" rel=\"nofollow noopener\" target=\"_blank\">enlace<\/a>\u00a0o env\u00ede un mensaje a\u00a0COMM-REP-ES-DATAPROTECTION<img decoding=\"async\" class=\"spamspan-image\" alt=\"at\" src=\"https:\/\/www.europesays.com\/es\/wp-content\/uploads\/2025\/08\/image.gif\"\/>ec [dot] europa [dot] eu (COMM-REP-ES-DATAPROTECTION[at]ec[dot]europa[dot]eu.)<\/p>\n","protected":false},"excerpt":{"rendered":"La Comisi\u00f3n Europea ha desembolsado el octavo tramo de su pr\u00e9stamo de ayuda macrofinanciera excepcional a Ucrania, por&hellip;\n","protected":false},"author":2,"featured_media":108047,"comment_status":"","ping_status":"","sticky":false,"template":"","format":"standard","meta":{"footnotes":""},"categories":[5],"tags":[17,18,1708,25,24,13,14,11,19,20,9,10,15,16,23,12,21,22],"class_list":{"0":"post-108046","1":"post","2":"type-post","3":"status-publish","4":"format-standard","5":"has-post-thumbnail","7":"category-titulares","8":"tag-breaking-news","9":"tag-breakingnews","10":"tag-comision-europea","11":"tag-es","12":"tag-espana","13":"tag-featured-news","14":"tag-featurednews","15":"tag-headlines","16":"tag-latest-news","17":"tag-latestnews","18":"tag-news","19":"tag-noticias","20":"tag-noticias-destacadas","21":"tag-noticiasdestacadas","22":"tag-spain","23":"tag-titulares","24":"tag-ultimas-noticias","25":"tag-ultimasnoticias"},"share_on_mastodon":{"url":"","error":""},"_links":{"self":[{"href":"https:\/\/www.europesays.com\/es\/wp-json\/wp\/v2\/posts\/108046","targetHints":{"allow":["GET"]}}],"collection":[{"href":"https:\/\/www.europesays.com\/es\/wp-json\/wp\/v2\/posts"}],"about":[{"href":"https:\/\/www.europesays.com\/es\/wp-json\/wp\/v2\/types\/post"}],"author":[{"embeddable":true,"href":"https:\/\/www.europesays.com\/es\/wp-json\/wp\/v2\/users\/2"}],"replies":[{"embeddable":true,"href":"https:\/\/www.europesays.com\/es\/wp-json\/wp\/v2\/comments?post=108046"}],"version-history":[{"count":0,"href":"https:\/\/www.europesays.com\/es\/wp-json\/wp\/v2\/posts\/108046\/revisions"}],"wp:featuredmedia":[{"embeddable":true,"href":"https:\/\/www.europesays.com\/es\/wp-json\/wp\/v2\/media\/108047"}],"wp:attachment":[{"href":"https:\/\/www.europesays.com\/es\/wp-json\/wp\/v2\/media?parent=108046"}],"wp:term":[{"taxonomy":"category","embeddable":true,"href":"https:\/\/www.europesays.com\/es\/wp-json\/wp\/v2\/categories?post=108046"},{"taxonomy":"post_tag","embeddable":true,"href":"https:\/\/www.europesays.com\/es\/wp-json\/wp\/v2\/tags?post=108046"}],"curies":[{"name":"wp","href":"https:\/\/api.w.org\/{rel}","templated":true}]}}