{"id":108048,"date":"2025-09-11T15:27:07","date_gmt":"2025-09-11T15:27:07","guid":{"rendered":"https:\/\/www.europesays.com\/es\/108048\/"},"modified":"2025-09-11T15:27:07","modified_gmt":"2025-09-11T15:27:07","slug":"latorre-no-podemos-aceptar-antes-de-jugar-que-el-barca-nos-va-a-derrotar-mas-deportes","status":"publish","type":"post","link":"https:\/\/www.europesays.com\/es\/108048\/","title":{"rendered":"Latorre: \u00abNo podemos aceptar antes de jugar que el Bar\u00e7a nos va a derrotar\u00bb | M\u00e1s deportes"},"content":{"rendered":"<p class=\"loc\">Alicante<\/p>\n<p>El entrenador del Horneo E\u00d3N Alicante, Fernando Latorre, asegur\u00f3 que su equipo, que debuta este s\u00e1bado en la Asobal ante el Barcelona, no puede aceptar antes de jugar que va a ser derrotado por el vigente campe\u00f3n, pese a reconocer la dificultad de puntuar ante el conjunto catal\u00e1n. <\/p>\n<p>\u201cEs un partido en el que los puntos son dif\u00edciles de sacar, somos conscientes y hemos mentalizado al equipo de que las opciones son m\u00ednimas, pero hay que agarrarse a ellas y jugar nuestras bazas\u201d, se\u00f1al\u00f3 el preparador alicantino, que calific\u00f3 el partido como \u201cilusionante tras una larga pretemporada\u201d. <\/p>\n<p>\u201cEmpezamos en casa y ante el mejor equipo. Hay ilusi\u00f3n y ganas y el pabell\u00f3n estar\u00e1 lleno, por lo que intentaremos ser competitivos\u201d, declar\u00f3 Latorre, quien insisti\u00f3 que sumar ante el Bar\u00e7a es \u201ccomplicado y dif\u00edcil\u201d, por lo que confi\u00f3 por lo menos en dejar un buen sabor de boca\u201d. <\/p>\n<p>\u201cEsa tiene que ser nuestra se\u00f1a de identidad, que cada equipo que nos gane, sufra y se lo trabaje. No hay que regalar nada\u201d, reiter\u00f3 el alicantino, que admiti\u00f3 que el partido s\u00ed es el debut so\u00f1ado para el Horneo E\u00d3N a nivel social. <\/p>\n<p>Latorre cuenta con toda la plantilla para este primer compromiso, si bien precis\u00f3 que el equipo \u201cno est\u00e1 en su plenitud\u201d, ya que necesita tiempo para adaptar a los 13 jugadores que se han incorporado a la plantilla a su modelo de juego. <\/p>\n","protected":false},"excerpt":{"rendered":"Alicante El entrenador del Horneo E\u00d3N Alicante, Fernando Latorre, asegur\u00f3 que su equipo, que debuta este s\u00e1bado en&hellip;\n","protected":false},"author":2,"featured_media":108049,"comment_status":"","ping_status":"","sticky":false,"template":"","format":"standard","meta":{"footnotes":""},"categories":[278],"tags":[2906,376,168,25,24,375,23,167],"class_list":{"0":"post-108048","1":"post","2":"type-post","3":"status-publish","4":"format-standard","5":"has-post-thumbnail","7":"category-balonmano","8":"tag-asobal","9":"tag-balonmano","10":"tag-deportes","11":"tag-es","12":"tag-espana","13":"tag-handball","14":"tag-spain","15":"tag-sports"},"share_on_mastodon":{"url":"","error":""},"_links":{"self":[{"href":"https:\/\/www.europesays.com\/es\/wp-json\/wp\/v2\/posts\/108048","targetHints":{"allow":["GET"]}}],"collection":[{"href":"https:\/\/www.europesays.com\/es\/wp-json\/wp\/v2\/posts"}],"about":[{"href":"https:\/\/www.europesays.com\/es\/wp-json\/wp\/v2\/types\/post"}],"author":[{"embeddable":true,"href":"https:\/\/www.europesays.com\/es\/wp-json\/wp\/v2\/users\/2"}],"replies":[{"embeddable":true,"href":"https:\/\/www.europesays.com\/es\/wp-json\/wp\/v2\/comments?post=108048"}],"version-history":[{"count":0,"href":"https:\/\/www.europesays.com\/es\/wp-json\/wp\/v2\/posts\/108048\/revisions"}],"wp:featuredmedia":[{"embeddable":true,"href":"https:\/\/www.europesays.com\/es\/wp-json\/wp\/v2\/media\/108049"}],"wp:attachment":[{"href":"https:\/\/www.europesays.com\/es\/wp-json\/wp\/v2\/media?parent=108048"}],"wp:term":[{"taxonomy":"category","embeddable":true,"href":"https:\/\/www.europesays.com\/es\/wp-json\/wp\/v2\/categories?post=108048"},{"taxonomy":"post_tag","embeddable":true,"href":"https:\/\/www.europesays.com\/es\/wp-json\/wp\/v2\/tags?post=108048"}],"curies":[{"name":"wp","href":"https:\/\/api.w.org\/{rel}","templated":true}]}}