{"id":108050,"date":"2025-09-11T15:31:11","date_gmt":"2025-09-11T15:31:11","guid":{"rendered":"https:\/\/www.europesays.com\/es\/108050\/"},"modified":"2025-09-11T15:31:11","modified_gmt":"2025-09-11T15:31:11","slug":"calendario-horarios-favorito-espana-dinamarca-copa-davis","status":"publish","type":"post","link":"https:\/\/www.europesays.com\/es\/108050\/","title":{"rendered":"Calendario, horarios, favorito Espa\u00f1a Dinamarca Copa Davis"},"content":{"rendered":"<p class=\"quota-display text-align-center\">\n        <a href=\"https:\/\/www.puntodebreak.com\/MDBA-B3-PDB-QUOTA-25\" rel=\"sponsored nofollow noopener\" title=\"Apuesta en bet365\" target=\"_blank\"><\/p>\n<p>            <img decoding=\"async\" alt=\"Bet365\" class=\"bet-logo lazyload\" loading=\"lazy\" src=\"https:\/\/www.europesays.com\/es\/wp-content\/uploads\/2025\/09\/1757458332_421_b365.jpg\"\/>Streaming ITF M25 Cuiaba en directo<\/p>\n<p> \ud83c\udfbe Pedro Sakamoto vs Salvador Price<\/p>\n<ol class=\"stream-card__steps\">\n<li>Entra aqu\u00ed y reg\u00edstrate en Bet365<\/li>\n<li>Haz tu primer dep\u00f3sito de m\u00ednimo 5\u00a0\u20ac<\/li>\n<li>Entra en la secci\u00f3n \u00abDirecto\u00bb y ve todos los partidos<\/li>\n<\/ol>\n<p>\n                                Ver partido en Bet365\n                            <\/p>\n<p>        <\/a>\n      <\/p>\n<p class=\"text-align-justify\">La ubicaci\u00f3n en el calendario la ausencia de Alcaraz no deber\u00edan opacar la importancia del duelo de <strong>Copa Davis 2025<\/strong> entre <strong>Espa\u00f1a y Dinamarca<\/strong>. Una plaza en las Finales que se disputar\u00e1n en noviembre en Bolonia est\u00e1 en juego y el equipo nacional no lo va a tener nada f\u00e1cil para conseguirla. Repasamos todos los detalles del fin de semana que se avecina en Puente Romano (Marbella).<\/p>\n<p class=\"text-align-justify\">Para levantar la Ensaladera se necesita un prolongado esfuerzo. Todo gran \u00e9xito no est\u00e1 exento de sufrimiento y Espa\u00f1a es consciente de que tendr\u00e1 que apretar los dientes si quiere ofrecer a Alcaraz la oportunidad de ser el referente del equipo en Bolonia durante el mes de noviembre. Despu\u00e9s de superar hace meses a Suiza a domicilio, el reto que se avecina para el equipo espa\u00f1ol de <a href=\"https:\/\/www.daviscup.com\/es\/cuadros-resultados\/serie.aspx?id=M-DC-2025-QLS-M-DEN-ESP-01\" rel=\"noopener nofollow\" target=\"_blank\"><strong>Copa Davis 2025<\/strong><\/a> es mucho mayor, recibiendo a la Dinamarca de <a href=\"https:\/\/www.puntodebreak.com\/tenis\/holger-vitus-nodskor-rune\" rel=\"noopener nofollow\" target=\"_blank\"><strong>Holger Rune<\/strong><\/a>.<\/p>\n<p class=\"text-align-justify\"><strong>&#8211; Formato de competici\u00f3n, calendario y horarios<\/strong><\/p>\n<p class=\"text-align-justify\">Vuelven las eliminatorias con local y visitante, en sedes y tipo de pista elegida por los primeros, pero con un cambio sustancial respecto al vetusto formato: los partidos se disputan al mejor de tres sets. Adem\u00e1s, hay que aclarar que todo se resuelve en dos jornadas; el s\u00e1bado 13 de septiembre a partir de las 12:30h en Espa\u00f1a, se disputar\u00e1n dos partidos individuales, mientras que el domingo 14 de septiembre, desde las 11:30h, se jugar\u00e1 el duelo de dobles y, posteriormente, los dos partidos individuales restantes, si fuera necesario.<\/p>\n<p class=\"text-align-justify\"><img decoding=\"async\" alt=\"Holger Rune, en Copa Davis 2025. Foto: gettyimages\" data-entity-type=\"file\" data-entity-uuid=\"3bea690e-db12-4fc6-9ef7-22dc5d9dbf60\" width=\"612\" height=\"408\" loading=\"lazy\" class=\"lazyload\" src=\"https:\/\/www.europesays.com\/es\/wp-content\/uploads\/2025\/09\/holger-rune-copa-davis-2025.jpg\"\/><\/p>\n<p class=\"text-align-justify\">En la primera jornada, el mejor jugador del equipo espa\u00f1ol se medir\u00e1 al segundo del dan\u00e9s, y viceversa, quedando los duelos m\u00e1s equilibrados para el domingo. David Ferrer capitanea a un equipo plagado de bajas, pero rebosante de ilusi\u00f3n por darse una alegr\u00eda sobre la tierra batida de Puente Romano, en Marbella (M\u00e1laga).<\/p>\n<p class=\"text-align-justify\"><strong>&#8211; Jugadores convocados por ambos equipos<\/strong><\/p>\n<p class=\"text-align-justify\">Espa\u00f1a<\/p>\n<p class=\"text-align-justify\">Jaume Munar<\/p>\n<p class=\"text-align-justify\">Pedro Mart\u00ednez<\/p>\n<p class=\"text-align-justify\">Roberto Carball\u00e9s<\/p>\n<p class=\"text-align-justify\">Pablo Carre\u00f1o<\/p>\n<p class=\"text-align-justify\">\u00a0<\/p>\n<p class=\"text-align-justify\">Dinamarca<\/p>\n<ul>\n<li class=\"text-align-justify\">Holger Rune<\/li>\n<li class=\"text-align-justify\">Elmer Moller<\/li>\n<li class=\"text-align-justify\">August Holmgren<\/li>\n<li class=\"text-align-justify\">Christian Sisgaard<\/li>\n<li class=\"text-align-justify\">Johannes Ingildsen<\/li>\n<\/ul>\n<p class=\"text-align-justify\">\u00a0<\/p>\n<p class=\"text-align-justify\"><img decoding=\"async\" alt=\"Jaume Munar, en Copa Davis 2025. Foto: gettyimages\" data-entity-type=\"file\" data-entity-uuid=\"5c1804f1-9726-44f9-bdd8-4f19e1131e58\" width=\"612\" height=\"408\" loading=\"lazy\" class=\"lazyload\" src=\"https:\/\/www.europesays.com\/es\/wp-content\/uploads\/2025\/09\/jaume-munar-copa-davis-2025.jpg\"\/><\/p>\n<p class=\"text-align-justify\"><strong>&#8211; Claves que decidir\u00e1n la eliminatoria de Copa Davis 2025 entre Espa\u00f1a y Dinamarca<\/strong><\/p>\n<p class=\"text-align-justify\">Quien tiene un mejor jugador posee una clara ventaja, pero la condici\u00f3n de local, experiencia de los tenistas espa\u00f1ol y el gran estado de confianza en que llegan algunos de ellos, pueden ser elementos neutralizadores para <strong>Holger Rune<\/strong>. El dan\u00e9s acude con el anhelo de reencontrarse con su mejor nivel y en Dinamarca dan por hecho que ganar\u00e1 sus dos encuentros.\u00a0<\/p>\n<p class=\"text-align-justify\">La clave pasa por la capacidad que tengan <strong>Jaume Munar<\/strong> y el otro jugador seleccionado para jugar el individuales, para sorprender al hijo de Aneke. No tendr\u00e1 relevancia menor la capacidad de imponer favoritismo ante un Moller en clara tendencia al alza, con uno de los reveses m\u00e1s espectaculares del mundo y capaz de sorprender a cualquiera que no tenga un buen d\u00eda. Carball\u00e9s o Carre\u00f1o parecen los mejor posicionados para jugar singles y se antoja innegociable que el elegido, as\u00ed como Munar, venzan a Moller.\u00a0<\/p>\n<p class=\"text-align-justify\">No resulta descartable que todo termine resolvi\u00e9ndose en un dobles donde faltan los especialistas en ambos lados del equipo, por lo que todo podr\u00eda resolverse por peque\u00f1os detalles y ser\u00eda echar una moneda al aire. En definitiva, se avecina un fin de semana con grandes emociones y pron\u00f3stico incierto en la <strong>Copa Davis 2025<\/strong>, para una Espa\u00f1a que busca con anhelo el billete a Bolonia, donde partir\u00eda con rol de firme candidata en caso de que Alcaraz decidiese ser de la partida.<\/p>\n","protected":false},"excerpt":{"rendered":"Streaming ITF M25 Cuiaba en directo \ud83c\udfbe Pedro Sakamoto vs Salvador Price Entra aqu\u00ed y reg\u00edstrate en Bet365&hellip;\n","protected":false},"author":2,"featured_media":108051,"comment_status":"","ping_status":"","sticky":false,"template":"","format":"standard","meta":{"footnotes":""},"categories":[274],"tags":[168,25,24,23,167,327,326],"class_list":{"0":"post-108050","1":"post","2":"type-post","3":"status-publish","4":"format-standard","5":"has-post-thumbnail","7":"category-tenis","8":"tag-deportes","9":"tag-es","10":"tag-espana","11":"tag-spain","12":"tag-sports","13":"tag-tenis","14":"tag-tennis"},"share_on_mastodon":{"url":"","error":""},"_links":{"self":[{"href":"https:\/\/www.europesays.com\/es\/wp-json\/wp\/v2\/posts\/108050","targetHints":{"allow":["GET"]}}],"collection":[{"href":"https:\/\/www.europesays.com\/es\/wp-json\/wp\/v2\/posts"}],"about":[{"href":"https:\/\/www.europesays.com\/es\/wp-json\/wp\/v2\/types\/post"}],"author":[{"embeddable":true,"href":"https:\/\/www.europesays.com\/es\/wp-json\/wp\/v2\/users\/2"}],"replies":[{"embeddable":true,"href":"https:\/\/www.europesays.com\/es\/wp-json\/wp\/v2\/comments?post=108050"}],"version-history":[{"count":0,"href":"https:\/\/www.europesays.com\/es\/wp-json\/wp\/v2\/posts\/108050\/revisions"}],"wp:featuredmedia":[{"embeddable":true,"href":"https:\/\/www.europesays.com\/es\/wp-json\/wp\/v2\/media\/108051"}],"wp:attachment":[{"href":"https:\/\/www.europesays.com\/es\/wp-json\/wp\/v2\/media?parent=108050"}],"wp:term":[{"taxonomy":"category","embeddable":true,"href":"https:\/\/www.europesays.com\/es\/wp-json\/wp\/v2\/categories?post=108050"},{"taxonomy":"post_tag","embeddable":true,"href":"https:\/\/www.europesays.com\/es\/wp-json\/wp\/v2\/tags?post=108050"}],"curies":[{"name":"wp","href":"https:\/\/api.w.org\/{rel}","templated":true}]}}