{"id":108052,"date":"2025-09-11T15:32:08","date_gmt":"2025-09-11T15:32:08","guid":{"rendered":"https:\/\/www.europesays.com\/es\/108052\/"},"modified":"2025-09-11T15:32:08","modified_gmt":"2025-09-11T15:32:08","slug":"detenciones-y-protestas-marcan-la-contrarreloj-tranquila-y-recortada-de-la-vuelta","status":"publish","type":"post","link":"https:\/\/www.europesays.com\/es\/108052\/","title":{"rendered":"detenciones y protestas marcan la contrarreloj &#8216;tranquila&#8217; y recortada de La Vuelta"},"content":{"rendered":"<p data-mrf-recirculation=\"Links P\u00e1rrafos\" class=\"ue-c-article__paragraph paragraph ue-c-article--first-letter-highlighted\">En Valladolid, la contrarreloj de La Vuelta Ciclista a Espa\u00f1a estuvo marcada este jueves por la tensi\u00f3n. Dos manifestantes fueron detenidos tras saltar las vallas del recorrido en la subida entre la <strong>Plaza de la Antigua y la Plaza de la Universidad, <\/strong>mientras un tercero lo intent\u00f3 sin \u00e9xito. El incidente, seg\u00fan fuentes policiales, no alter\u00f3 la competici\u00f3n porque en ese momento no circulaban corredores ni veh\u00edculos. A lo largo del trazado, reducido a 12 kil\u00f3metros por motivos de seguridad, se registraron protestas en varios puntos con gritos de \u201cboicot a Israel\u201d y cr\u00edticas a la participaci\u00f3n del equipo Israel Premier Tech. La concentraci\u00f3n m\u00e1s numerosa se produjo en la Plaza de la Universidad, donde se vivieron los momentos de mayor tensi\u00f3n.<\/p>\n<p>De la Cruz: \u00abLos ciudadanos de a pie debemos demostrar que somos mejor que los pol\u00edticos\u2026\u201dJ. RODR\u00cdGUEZ<\/p>\n<p data-mrf-recirculation=\"Links P\u00e1rrafos\" class=\"ue-c-article__paragraph paragraph\">El amplio dispositivo desplegado en la ciudad \u2014cerca de un millar de agentes entre <strong>Polic\u00eda Nacional, Guardia Civil y Polic\u00eda Local<\/strong>\u2014 incluy\u00f3 controles de acceso en los que se impidi\u00f3 la entrada a personas con banderas o s\u00edmbolos palestinos. Entre los identificados se encontraba <strong>Pablo Fern\u00e1ndez, secretario de Organizaci\u00f3n y portavoz de Podemos, que denunci\u00f3 p\u00fablicamente lo que calific\u00f3 como un \u201cdespliegue sin precedentes\u201d y reiter\u00f3 sus acusaciones contra Israel y el ministro del Interior, Fernando Grande-Marlaska<\/strong>. Fern\u00e1ndez defendi\u00f3 la legitimidad de las protestas y calific\u00f3 de \u201cinaceptable\u201d que un equipo israel\u00ed \u201cdesfile con normalidad mientras contin\u00faan las matanzas en Gaza\u201d.<\/p>\n<p data-mrf-recirculation=\"Links P\u00e1rrafos\" class=\"ue-c-article__paragraph paragraph\">La situaci\u00f3n ha trascendido al \u00e1mbito pol\u00edtico. Desde el PP, el portavoz en la Asamblea de Madrid, Carlos D\u00edaz Pache, calific\u00f3 de \u201cverg\u00fcenza\u201d que la izquierda aliente el boicot a una prueba que, a su juicio, \u201crepresenta la imagen de Espa\u00f1a\u201d.<strong> Para este fin de semana, el despliegue de seguridad en Madrid se reforzar\u00e1 con 1.100 agentes de la Polic\u00eda Nacional y 400 de la Guardia Civil, en previsi\u00f3n de nuevas protestas en las etapas finales de la carrera.<\/strong> LaVuelta, mientras tanto, avanza entre la presi\u00f3n de los manifestantes, las cr\u00edticas cruzadas entre partidos y el desaf\u00edo de garantizar la seguridad de ciclistas y aficionados.<\/p>\n","protected":false},"excerpt":{"rendered":"En Valladolid, la contrarreloj de La Vuelta Ciclista a Espa\u00f1a estuvo marcada este jueves por la tensi\u00f3n. Dos&hellip;\n","protected":false},"author":2,"featured_media":108053,"comment_status":"","ping_status":"","sticky":false,"template":"","format":"standard","meta":{"footnotes":""},"categories":[273],"tags":[313,312,168,25,24,23,167],"class_list":{"0":"post-108052","1":"post","2":"type-post","3":"status-publish","4":"format-standard","5":"has-post-thumbnail","7":"category-ciclismo","8":"tag-ciclismo","9":"tag-cycling","10":"tag-deportes","11":"tag-es","12":"tag-espana","13":"tag-spain","14":"tag-sports"},"share_on_mastodon":{"url":"","error":""},"_links":{"self":[{"href":"https:\/\/www.europesays.com\/es\/wp-json\/wp\/v2\/posts\/108052","targetHints":{"allow":["GET"]}}],"collection":[{"href":"https:\/\/www.europesays.com\/es\/wp-json\/wp\/v2\/posts"}],"about":[{"href":"https:\/\/www.europesays.com\/es\/wp-json\/wp\/v2\/types\/post"}],"author":[{"embeddable":true,"href":"https:\/\/www.europesays.com\/es\/wp-json\/wp\/v2\/users\/2"}],"replies":[{"embeddable":true,"href":"https:\/\/www.europesays.com\/es\/wp-json\/wp\/v2\/comments?post=108052"}],"version-history":[{"count":0,"href":"https:\/\/www.europesays.com\/es\/wp-json\/wp\/v2\/posts\/108052\/revisions"}],"wp:featuredmedia":[{"embeddable":true,"href":"https:\/\/www.europesays.com\/es\/wp-json\/wp\/v2\/media\/108053"}],"wp:attachment":[{"href":"https:\/\/www.europesays.com\/es\/wp-json\/wp\/v2\/media?parent=108052"}],"wp:term":[{"taxonomy":"category","embeddable":true,"href":"https:\/\/www.europesays.com\/es\/wp-json\/wp\/v2\/categories?post=108052"},{"taxonomy":"post_tag","embeddable":true,"href":"https:\/\/www.europesays.com\/es\/wp-json\/wp\/v2\/tags?post=108052"}],"curies":[{"name":"wp","href":"https:\/\/api.w.org\/{rel}","templated":true}]}}