{"id":108060,"date":"2025-09-11T15:36:08","date_gmt":"2025-09-11T15:36:08","guid":{"rendered":"https:\/\/www.europesays.com\/es\/108060\/"},"modified":"2025-09-11T15:36:08","modified_gmt":"2025-09-11T15:36:08","slug":"el-publico-de-la-revuelta-arremete-contra-marilo-montero-y-jalea-a-broncano-torero-torero","status":"publish","type":"post","link":"https:\/\/www.europesays.com\/es\/108060\/","title":{"rendered":"El p\u00fablico de La Revuelta arremete contra Maril\u00f3 Montero y jalea a Broncano: \u00abTorero, torero&#8230;\u00bb"},"content":{"rendered":"<p class=\"voc-p\" style=\"\">La tensi\u00f3n vivida el martes en La Revuelta tras el <strong>enfrentamiento entre Maril\u00f3 Montero y David Broncano<\/strong> por la tauromaquia tuvo continuidad en el programa del mi\u00e9rcoles. <\/p>\n<p class=\"voc-p\" style=\"\">Esta vez, el p\u00fablico tom\u00f3 partido: core\u00f3 <strong>\u00ab\u00a1torero, torero!\u00bb<\/strong> al presentador, que respondi\u00f3 con iron\u00eda a la pol\u00e9mica. Entre bromas, un montaje suyo vestido de torero puso el broche c\u00f3mico a un debate que se ha convertido en el primer momento viral de la temporada.<\/p>\n<p>\nLa pol\u00e9mica sobre los toros\n<\/p>\n<p class=\"voc-p\" style=\"\">El segundo <a href=\"https:\/\/www.abc.es\/espana\/andalucia\/cordoba\/fernando-tejero-declara-revuelta-veo-mente-abierta-20250911110758-nts.html\" title=\"www.abc.es\" data-voc-vtm-id=\"in-text-traffic\" data-mrf-link=\"www.abc.es\" rel=\"nofollow noopener\" target=\"_blank\">programa de La Revuelta<\/a> no pas\u00f3 desapercibido. Maril\u00f3 Montero acudi\u00f3 como invitada y abri\u00f3 un encendido debate al defender la presencia de la tauromaquia en la televisi\u00f3n p\u00fablica. \u00ab<strong>No se le maltrata, desde luego no es la intenci\u00f3n<\/strong>. Es una tradici\u00f3n muy bonita. Si no hubiera tauromaquia, el toro de lidia estar\u00eda en peligro de extinci\u00f3n\u00bb, afirm\u00f3 con contundencia.<\/p>\n<p class=\"voc-p\" style=\"\">Broncano, lejos de esquivar la cuesti\u00f3n, replic\u00f3 con claridad desde su postura antitaurina: \u00ab<strong>Al animal se le est\u00e1 maltratando, s\u00ed o s\u00ed<\/strong>. Eso no tiene vuelta de hoja\u00bb. El c\u00f3mico confes\u00f3 que le sorprendi\u00f3 que la periodista pusiera la tauromaquia en el centro del debate, aunque defendi\u00f3 su derecho a expresarlo: \u00abMe ha flipado que lo primero que hayas sacado sea esto. Si lo quieres defender, adelante, pero yo estoy muy en contra\u00bb.<\/p>\n<p>\n\u00abTorero, torero\u00bb: el p\u00fablico se vuelca con Broncano\n<\/p>\n<p class=\"voc-p\" style=\"\">La tensi\u00f3n del martes se transform\u00f3 en comedia al d\u00eda siguiente. Durante el repaso de audiencias junto a Ricardo Castella, Broncano <strong>agradec\u00eda los buenos datos<\/strong> cuando el p\u00fablico, de manera espont\u00e1nea, empez\u00f3 a corear: \u00ab\u00a1Torero, torero!\u00bb.<\/p>\n<p class=\"voc-p\" style=\"\">El presentador, lejos de incomodarse, se meti\u00f3 en el papel y <strong>simul\u00f3 un pase de capote<\/strong>, arrancando carcajadas en plat\u00f3. La escena culmin\u00f3 con un montaje en la pantalla en el que Broncano <strong>aparec\u00eda vestido de luces<\/strong>, como si fuera un matador m\u00e1s.<\/p>\n<p>\nLa cena pendiente con Ana Rosa y Maril\u00f3\n<\/p>\n<p class=\"voc-p\" style=\"\">En su repaso a la repercusi\u00f3n medi\u00e1tica, David Broncano hizo tambi\u00e9n referencia a unas declaraciones de Maril\u00f3 Montero en Espejo P\u00fablico. All\u00ed, la periodista asegur\u00f3 que estaba invitada a una cena con el presentador y con Ana Rosa Quintana. <strong>Susanna Griso reaccion\u00f3 con iron\u00eda<\/strong>, generando complicidad en plat\u00f3.<\/p>\n<blockquote class=\"twitter-tweet\">\n<p lang=\"es\" dir=\"ltr\">Maril\u00f3 en &#8216;Espejo P\u00fablico&#8217;: \u00abDesde por la ma\u00f1ana en TVE solo hay periodistas sanchistas\u00bb.<\/p>\n<p>Maril\u00f3 tambi\u00e9n en &#8216;Espejo P\u00fablico&#8217;: (Voy a hacerle publi a Broncano) <a href=\"https:\/\/t.co\/DJib7QwNPI\" rel=\"nofollow\">pic.twitter.com\/DJib7QwNPI<\/a><\/p>\n<p>\u2014 Miss Kokoro (@KokoroMiss) <a href=\"https:\/\/twitter.com\/KokoroMiss\/status\/1965722515357290622?ref_src=twsrc%5Etfw\" rel=\"nofollow noopener\" target=\"_blank\">September 10, 2025<\/a><\/p><\/blockquote>\n<p class=\"voc-p\" style=\"\">El jiennense recuper\u00f3 ese comentario para restar dramatismo a la pol\u00e9mica, subrayando con sorna que \u00ab<strong>ahora solo falta que Ana Rosa confirme<\/strong> si quiere venir a la cena o no\u00bb. De esta manera, volvi\u00f3 a trasladar el asunto al terreno del humor, evitando la confrontaci\u00f3n directa y potenciando el tono distendido que caracteriza al programa.<\/p>\n<p>Reportar un error<\/p>\n<p><script async src=\"https:\/\/platform.twitter.com\/widgets.js\" charset=\"utf-8\"><\/script><\/p>\n","protected":false},"excerpt":{"rendered":"La tensi\u00f3n vivida el martes en La Revuelta tras el enfrentamiento entre Maril\u00f3 Montero y David Broncano por&hellip;\n","protected":false},"author":2,"featured_media":108061,"comment_status":"","ping_status":"","sticky":false,"template":"","format":"standard","meta":{"footnotes":""},"categories":[174],"tags":[16360,13289,255,146,147,25,24,256,37260,36325,2466,1421,528,23,1570],"class_list":{"0":"post-108060","1":"post","2":"type-post","3":"status-publish","4":"format-standard","5":"has-post-thumbnail","7":"category-famosos","8":"tag-arremete","9":"tag-broncano","10":"tag-celebrities","11":"tag-entertainment","12":"tag-entretenimiento","13":"tag-es","14":"tag-espana","15":"tag-famosos","16":"tag-jalea","17":"tag-marilo","18":"tag-montero","19":"tag-publico","20":"tag-revuelta","21":"tag-spain","22":"tag-torero"},"share_on_mastodon":{"url":"","error":""},"_links":{"self":[{"href":"https:\/\/www.europesays.com\/es\/wp-json\/wp\/v2\/posts\/108060","targetHints":{"allow":["GET"]}}],"collection":[{"href":"https:\/\/www.europesays.com\/es\/wp-json\/wp\/v2\/posts"}],"about":[{"href":"https:\/\/www.europesays.com\/es\/wp-json\/wp\/v2\/types\/post"}],"author":[{"embeddable":true,"href":"https:\/\/www.europesays.com\/es\/wp-json\/wp\/v2\/users\/2"}],"replies":[{"embeddable":true,"href":"https:\/\/www.europesays.com\/es\/wp-json\/wp\/v2\/comments?post=108060"}],"version-history":[{"count":0,"href":"https:\/\/www.europesays.com\/es\/wp-json\/wp\/v2\/posts\/108060\/revisions"}],"wp:featuredmedia":[{"embeddable":true,"href":"https:\/\/www.europesays.com\/es\/wp-json\/wp\/v2\/media\/108061"}],"wp:attachment":[{"href":"https:\/\/www.europesays.com\/es\/wp-json\/wp\/v2\/media?parent=108060"}],"wp:term":[{"taxonomy":"category","embeddable":true,"href":"https:\/\/www.europesays.com\/es\/wp-json\/wp\/v2\/categories?post=108060"},{"taxonomy":"post_tag","embeddable":true,"href":"https:\/\/www.europesays.com\/es\/wp-json\/wp\/v2\/tags?post=108060"}],"curies":[{"name":"wp","href":"https:\/\/api.w.org\/{rel}","templated":true}]}}