{"id":108062,"date":"2025-09-11T15:37:08","date_gmt":"2025-09-11T15:37:08","guid":{"rendered":"https:\/\/www.europesays.com\/es\/108062\/"},"modified":"2025-09-11T15:37:08","modified_gmt":"2025-09-11T15:37:08","slug":"sus-imagenes-de-mujeres-mayores-son-de-una-dignidad-y-belleza-sin-parangon-marta-ortega-homenajeara-a-annie-leibovitz-con-su-primera-gran-retrospectiva-en-espana","status":"publish","type":"post","link":"https:\/\/www.europesays.com\/es\/108062\/","title":{"rendered":"\u00abSus im\u00e1genes de mujeres mayores son de una dignidad y belleza sin parang\u00f3n\u00bb: Marta Ortega homenajear\u00e1 a Annie Leibovitz con su primera gran retrospectiva en Espa\u00f1a"},"content":{"rendered":"<p>\u00a9 Annie Leibovitz<\/p>\n<p>La <a href=\"https:\/\/www.revistavanityfair.es\/articulos\/marta-ortega-proyecto-mas-personal-arte-fundacion-mop\" rel=\"nofollow noopener\" target=\"_blank\"><strong>Fundaci\u00f3n MOP<\/strong><\/a> consolida A Coru\u00f1a como punto imprescindible del mapa internacional de la fotograf\u00eda. Tras dedicar exposiciones a nombres esenciales como <strong>Peter Lindbergh, Steven Meisel, Helmut Newton e <a href=\"https:\/\/www.revistavanityfair.es\/articulos\/exposicion-fotografia-irving-penn-a-coruna-fundacion-mop-marta-ortega\" rel=\"nofollow noopener\" target=\"_blank\">Irving Penn<\/a><\/strong>, la instituci\u00f3n presidida por <a href=\"https:\/\/www.revistavanityfair.es\/articulos\/marta-ortega-todo-lo-que-necesitas-saber\" rel=\"nofollow noopener\" target=\"_blank\"><strong>Marta Ortega<\/strong><\/a> inaugura el pr\u00f3ximo 22 de noviembre Wonderland, la primera gran retrospectiva en Espa\u00f1a de <a href=\"https:\/\/www.revistavanityfair.es\/articulos\/isabel-ii-annie-leibovitz-retrato-tiara-tension\" rel=\"nofollow noopener\" target=\"_blank\"><strong>Annie Leibovitz.<\/strong><\/a><\/p>\n<p>Considerada una de las retratistas m\u00e1s influyentes de nuestro tiempo, Leibovitz ha construido un archivo visual que forma parte de la memoria colectiva: de <strong>John Lennon y Yoko Ono<\/strong> en la m\u00edtica sesi\u00f3n de 1980, pasando por <a href=\"https:\/\/www.revistavanityfair.es\/articulos\/reyes-felipe-letizia-retratos-annie-leibovitz-banco-de-espana\" rel=\"nofollow noopener\" target=\"_blank\">los \u00faltimos retratos a los reyes de Espa\u00f1a<\/a> y otros monarcas como <strong>Isabel II<\/strong> o las portadas m\u00e1s ic\u00f3nicas de revistas como Rolling Stone, Vanity Fair o Vogue. Sus im\u00e1genes, entre lo \u00edntimo y lo teatral, han definido la manera en la que miramos a m\u00fasicos, actores, pol\u00edticos y personalidades de todo el mundo. <strong>Bruce Springsteen<\/strong> lo resumi\u00f3 con una frase: \u201cLa forma en la que Annie te retrate ser\u00e1 la forma en la que el mundo te ver\u00e1\u201d.<\/p>\n<p>El recorrido de la muestra, articulado en cuatro secciones, comienza con una instalaci\u00f3n inmersiva sobre su trabajo con los Rolling Stones, a los que acompa\u00f1\u00f3 durante la gira de 1975; contin\u00faa con la secci\u00f3n de Early Years y Stream of Consciousness, donde se aprecia la evoluci\u00f3n de su lenguaje fotogr\u00e1fico y en la que se combinan retratos de personalidades c\u00e9lebres junto a paisajes, interiores y objetos. El recorrido termina con Wonderland, un extenso cap\u00edtulo dedicado a su producci\u00f3n de moda con <strong>m\u00e1s de 100 im\u00e1genes, algunas de las cuales nunca se hab\u00edan expuesto antes<\/strong>. Leibovitz, que nunca se defini\u00f3 a s\u00ed misma como fot\u00f3grafa de moda, cre\u00f3 sin embargo algunas de las im\u00e1genes m\u00e1s poderosas del g\u00e9nero, muchas de ellas inspiradas en los cuentos que les le\u00eda a sus hijas y que hoy forman parte del imaginario cultural contempor\u00e1neo.<\/p>\n<p>Para Marta Ortega, Wonderland supone un hito dentro del programa de la fundaci\u00f3n: \u201cAnnie posee un talento m\u00e1gico para captar el aura de las personas que retrata. Su genio reside en su capacidad para encontrar continuamente esos momentos, esas verdades, que no est\u00e1n a la vista de nadie m\u00e1s. <strong>Me entusiasma que sea la primera mujer en presentar su trabajo dentro de nuestro programa de grandes exposiciones de fotograf\u00eda en A Coru\u00f1a<\/strong>. A lo largo de su carrera, Annie ha sido una extraordinaria representante de las mujeres de todas las edades. En particular, sus im\u00e1genes de mujeres mayores son de una dignidad y belleza sin parang\u00f3n\u201d, explica la presidenta de la fundaci\u00f3n en el comunicado.<\/p>\n<p>Wonderland abrir\u00e1 sus puertas el <strong>22 de noviembre y permanecer\u00e1 en A Coru\u00f1a hasta el 1 de mayo<\/strong> de 2026, una oportunidad \u00fanica para adentrarse en el universo creativo de Annie Leibovitz desde todas sus facetas.<\/p>\n","protected":false},"excerpt":{"rendered":"\u00a9 Annie Leibovitz La Fundaci\u00f3n MOP consolida A Coru\u00f1a como punto imprescindible del mapa internacional de la fotograf\u00eda.&hellip;\n","protected":false},"author":2,"featured_media":108063,"comment_status":"","ping_status":"","sticky":false,"template":"","format":"standard","meta":{"footnotes":""},"categories":[173],"tags":[37067,229,233,231,230,232,234,146,147,25,24,244,37261,23],"class_list":{"0":"post-108062","1":"post","2":"type-post","3":"status-publish","4":"format-standard","5":"has-post-thumbnail","7":"category-arte-y-diseno","8":"tag-annie-leibovitz","9":"tag-arte","10":"tag-arte-y-diseno","11":"tag-arts","12":"tag-arts-and-design","13":"tag-design","14":"tag-diseno","15":"tag-entertainment","16":"tag-entretenimiento","17":"tag-es","18":"tag-espana","19":"tag-fotografia","20":"tag-marta-ortega","21":"tag-spain"},"share_on_mastodon":{"url":"","error":""},"_links":{"self":[{"href":"https:\/\/www.europesays.com\/es\/wp-json\/wp\/v2\/posts\/108062","targetHints":{"allow":["GET"]}}],"collection":[{"href":"https:\/\/www.europesays.com\/es\/wp-json\/wp\/v2\/posts"}],"about":[{"href":"https:\/\/www.europesays.com\/es\/wp-json\/wp\/v2\/types\/post"}],"author":[{"embeddable":true,"href":"https:\/\/www.europesays.com\/es\/wp-json\/wp\/v2\/users\/2"}],"replies":[{"embeddable":true,"href":"https:\/\/www.europesays.com\/es\/wp-json\/wp\/v2\/comments?post=108062"}],"version-history":[{"count":0,"href":"https:\/\/www.europesays.com\/es\/wp-json\/wp\/v2\/posts\/108062\/revisions"}],"wp:featuredmedia":[{"embeddable":true,"href":"https:\/\/www.europesays.com\/es\/wp-json\/wp\/v2\/media\/108063"}],"wp:attachment":[{"href":"https:\/\/www.europesays.com\/es\/wp-json\/wp\/v2\/media?parent=108062"}],"wp:term":[{"taxonomy":"category","embeddable":true,"href":"https:\/\/www.europesays.com\/es\/wp-json\/wp\/v2\/categories?post=108062"},{"taxonomy":"post_tag","embeddable":true,"href":"https:\/\/www.europesays.com\/es\/wp-json\/wp\/v2\/tags?post=108062"}],"curies":[{"name":"wp","href":"https:\/\/api.w.org\/{rel}","templated":true}]}}