{"id":108082,"date":"2025-09-11T15:48:11","date_gmt":"2025-09-11T15:48:11","guid":{"rendered":"https:\/\/www.europesays.com\/es\/108082\/"},"modified":"2025-09-11T15:48:11","modified_gmt":"2025-09-11T15:48:11","slug":"la-jueza-de-la-dana-de-valencia-vuelve-a-invitar-a-mazon-a-declarar-como-investigado-y-cita-a-su-vicepresidenta-como-testigo","status":"publish","type":"post","link":"https:\/\/www.europesays.com\/es\/108082\/","title":{"rendered":"La jueza de la dana de Val\u00e8ncia vuelve a invitar a Maz\u00f3n a declarar como investigado y cita a su vicepresidenta como testigo"},"content":{"rendered":"<p class=\"ft-text ft-helper-closenews\">La jueza de la dana ha vuelto a invitar al presidente de la Generalitat Carlos Maz\u00f3n a que declare como investigado de forma voluntaria ante el Tribunal de Estancia 3 de Catarroja. \u00abComun\u00edquese nuevamente al presidente de la Generalitat Valenciana Carlos Maz\u00f3n Guixot, la posibilidad de comparecer en el presente procedimiento a los efectos de declarar como investigado, al amparo de lo dispuesto en el art. art\u00edculo 118 de la Ley de Enjuiciamiento Criminal\u00bb, seg\u00fan un auto que acaba de ser notificado a las partes.<\/p>\n<p class=\"ft-text\">La magistrada considera que la aportaci\u00f3n de la carta abierta de la periodista Maribel Vilaplana \u00abincide en una serie de elementos que afectar\u00edan, no solo a la toma de decisiones en el Cecopi (Centro de coordinaci\u00f3n operativo integrado, el cerebro de la emergencia) por los investigados, sino igualmente a la participaci\u00f3n que pudiera haber tenido en las mismas el presidente de la Generalitat Valenciana\u00bb en referencia al \u00abperiodo del tiempo que pas\u00f3 en un restaurante\u00bb que \u00abseg\u00fan la carta se ampliar\u00eda hasta una horquilla de entre las 18:30-18:45 horas\u00bb y respecto a las \u00abcomunicaciones telef\u00f3nicas que el presidente de la Generalitat tuvo con otras personas durante la tarde del 29 de octubre de 2024 y mientras se encontraba en un restaurante\u00bb. Y el \u00abhecho de que, seg\u00fan la carta, el presidente no demostrara ninguna inquietud tras las llamadas y continuara en el restaurante\u00bb, se\u00f1ala la jueza en el auto, al que ha tenido acceso <strong>Levante-EMV<\/strong>.<\/p>\n<p class=\"ft-text\">Pero esta informaci\u00f3n no le permite citar a declarar como investigado a Carlos Maz\u00f3n, por su condici\u00f3n de aforado, aunque la magistrada reitera \u00ablo expuesto en auto de 10 de marzo de 2025, en cuanto a la posibilidad de la declaraci\u00f3n del presidente de la Generalitat como investigado o querellado, que s\u00f3lo puede llevarse a cabo de forma voluntaria si por el aforado se solicitara\u00bb, tal como recog\u00eda tambi\u00e9n el auto del TSJCV que rechaz\u00f3 las querellas contra el jefe del Consell.<\/p>\n<p class=\"ft-text\">En la misma resoluci\u00f3n, la magistrada rechaza citar a declarar como testigo a la periodista que comi\u00f3 con Maz\u00f3n el 29 de octubre, Maribel Vilaplana, como solicitaba Podemos, que ejerce la acusaci\u00f3n popular en la causa. Aunque s\u00ed ha decidido \u00abunir al presente procedimiento, como documental, la carta abierta de la periodista Maribel Vilaplana, aportada por la representaci\u00f3n de Podemos, en su escrito de fecha de 8 de septiembre de 2025\u00bb. La jueza rechaza citar a Vilaplana porque \u00abdicha declaraci\u00f3n se tratar\u00eda de un acto directo de investigaci\u00f3n del propio presidente de la Generalitat Valenciana\u00bb.<\/p>\n<p class=\"ft-text\">En una providencia, la magistrada tambi\u00e9n acepta citar como testigo a la vicepresidenta del Consell, Susana Camarero, tal como reclamaba la familiar de una fallecida en la residencia de Paiporta, donde fallecieron seis residentes, durante la barrancada del 29 de octubre. De la tambi\u00e9n consellera de Servicios Sociales se ha sabido recientemente que se conect\u00f3 a la reuni\u00f3n del Cecopi de forma telem\u00e1tica a las 17.02 horas y la abandon\u00f3 38 minutos despu\u00e9s, a las 17.40, para acudir a una entrega de premios que seg\u00fan su agenda oficial transcurri\u00f3 entre las 18.00 y las 19.15 horas. En la misma providencia, la magistrada cita a declarar (a\u00fan sin fecha, al igual que Camarero, aunque hay medio centenar de testigos pendientes de agendar) al secretario auton\u00f3mico de Familia y Servicios Sociales, Ignacio Grande Ballesteros, un sargento coordinador del Consorcio Provincial de Bomberos y un comandante de la Unidad Militar de Emergencias (UME).<\/p>\n<p data-close=\"closedContent\" class=\"subscribeHideForDisplay\">Suscr\u00edbete para seguir leyendo<\/p>\n","protected":false},"excerpt":{"rendered":"La jueza de la dana ha vuelto a invitar al presidente de la Generalitat Carlos Maz\u00f3n a que&hellip;\n","protected":false},"author":2,"featured_media":108083,"comment_status":"","ping_status":"","sticky":false,"template":"","format":"standard","meta":{"footnotes":""},"categories":[8],"tags":[17,18,2007,1681,25,24,13,14,11,18834,9864,19,20,1439,9,10,15,16,23,12,21,22,739],"class_list":{"0":"post-108082","1":"post","2":"type-post","3":"status-publish","4":"format-standard","5":"has-post-thumbnail","7":"category-espana","8":"tag-breaking-news","9":"tag-breakingnews","10":"tag-carlos-mazon","11":"tag-dana","12":"tag-es","13":"tag-espana","14":"tag-featured-news","15":"tag-featurednews","16":"tag-headlines","17":"tag-invitar","18":"tag-jueza","19":"tag-latest-news","20":"tag-latestnews","21":"tag-mazon","22":"tag-news","23":"tag-noticias","24":"tag-noticias-destacadas","25":"tag-noticiasdestacadas","26":"tag-spain","27":"tag-titulares","28":"tag-ultimas-noticias","29":"tag-ultimasnoticias","30":"tag-vuelve"},"share_on_mastodon":{"url":"","error":""},"_links":{"self":[{"href":"https:\/\/www.europesays.com\/es\/wp-json\/wp\/v2\/posts\/108082","targetHints":{"allow":["GET"]}}],"collection":[{"href":"https:\/\/www.europesays.com\/es\/wp-json\/wp\/v2\/posts"}],"about":[{"href":"https:\/\/www.europesays.com\/es\/wp-json\/wp\/v2\/types\/post"}],"author":[{"embeddable":true,"href":"https:\/\/www.europesays.com\/es\/wp-json\/wp\/v2\/users\/2"}],"replies":[{"embeddable":true,"href":"https:\/\/www.europesays.com\/es\/wp-json\/wp\/v2\/comments?post=108082"}],"version-history":[{"count":0,"href":"https:\/\/www.europesays.com\/es\/wp-json\/wp\/v2\/posts\/108082\/revisions"}],"wp:featuredmedia":[{"embeddable":true,"href":"https:\/\/www.europesays.com\/es\/wp-json\/wp\/v2\/media\/108083"}],"wp:attachment":[{"href":"https:\/\/www.europesays.com\/es\/wp-json\/wp\/v2\/media?parent=108082"}],"wp:term":[{"taxonomy":"category","embeddable":true,"href":"https:\/\/www.europesays.com\/es\/wp-json\/wp\/v2\/categories?post=108082"},{"taxonomy":"post_tag","embeddable":true,"href":"https:\/\/www.europesays.com\/es\/wp-json\/wp\/v2\/tags?post=108082"}],"curies":[{"name":"wp","href":"https:\/\/api.w.org\/{rel}","templated":true}]}}