{"id":108088,"date":"2025-09-11T15:51:11","date_gmt":"2025-09-11T15:51:11","guid":{"rendered":"https:\/\/www.europesays.com\/es\/108088\/"},"modified":"2025-09-11T15:51:11","modified_gmt":"2025-09-11T15:51:11","slug":"variopinta-corrida-de-santiago-domecq-para-albacete","status":"publish","type":"post","link":"https:\/\/www.europesays.com\/es\/108088\/","title":{"rendered":"Variopinta corrida de Santiago Domecq para Albacete"},"content":{"rendered":"<p>Los toros de <strong>Santiago Domecq<\/strong> que protagonizan la corrida de toros de esta tarde en <strong>Albacete<\/strong> ya han sido sorteados y enchiquerados en los corrales del coso manchego. <strong>Sebasti\u00e1n Castella<\/strong>, <strong>Miguel \u00c1ngel Perera<\/strong> y <strong>Borja Jim\u00e9nez <\/strong>har\u00e1n el pase\u00edllo a partir de las 18:00 horas. Los dos sobreros pertenecen a la ganader\u00eda titular. El orden de lidia es el siguiente:<\/p>\n<p><a href=\"https:\/\/www.europesays.com\/es\/wp-content\/uploads\/2025\/09\/G0j2VdUWwAArqqD.jpg\"><img loading=\"lazy\" decoding=\"async\" class=\"alignnone size-full wp-image-545382 lazy\" src=\"https:\/\/www.europesays.com\/es\/wp-content\/uploads\/2025\/09\/G0j2VdUWwAArqqD.jpg\" alt=\"\" width=\"1080\" height=\"1080\"  data-\/><\/a><\/p>\n","protected":false},"excerpt":{"rendered":"Los toros de Santiago Domecq que protagonizan la corrida de toros de esta tarde en Albacete ya han&hellip;\n","protected":false},"author":2,"featured_media":108089,"comment_status":"","ping_status":"","sticky":false,"template":"","format":"standard","meta":{"footnotes":""},"categories":[277],"tags":[45,2545,373,168,25,24,37265,37266,23,167,374],"class_list":{"0":"post-108088","1":"post","2":"type-post","3":"status-publish","4":"format-standard","5":"has-post-thumbnail","7":"category-toreo","8":"tag-45","9":"tag-albacete","10":"tag-bullfighting","11":"tag-deportes","12":"tag-es","13":"tag-espana","14":"tag-feria-de-la-virgen-de-los-llanos","15":"tag-santiago-domecq","16":"tag-spain","17":"tag-sports","18":"tag-toreo"},"share_on_mastodon":{"url":"","error":""},"_links":{"self":[{"href":"https:\/\/www.europesays.com\/es\/wp-json\/wp\/v2\/posts\/108088","targetHints":{"allow":["GET"]}}],"collection":[{"href":"https:\/\/www.europesays.com\/es\/wp-json\/wp\/v2\/posts"}],"about":[{"href":"https:\/\/www.europesays.com\/es\/wp-json\/wp\/v2\/types\/post"}],"author":[{"embeddable":true,"href":"https:\/\/www.europesays.com\/es\/wp-json\/wp\/v2\/users\/2"}],"replies":[{"embeddable":true,"href":"https:\/\/www.europesays.com\/es\/wp-json\/wp\/v2\/comments?post=108088"}],"version-history":[{"count":0,"href":"https:\/\/www.europesays.com\/es\/wp-json\/wp\/v2\/posts\/108088\/revisions"}],"wp:featuredmedia":[{"embeddable":true,"href":"https:\/\/www.europesays.com\/es\/wp-json\/wp\/v2\/media\/108089"}],"wp:attachment":[{"href":"https:\/\/www.europesays.com\/es\/wp-json\/wp\/v2\/media?parent=108088"}],"wp:term":[{"taxonomy":"category","embeddable":true,"href":"https:\/\/www.europesays.com\/es\/wp-json\/wp\/v2\/categories?post=108088"},{"taxonomy":"post_tag","embeddable":true,"href":"https:\/\/www.europesays.com\/es\/wp-json\/wp\/v2\/tags?post=108088"}],"curies":[{"name":"wp","href":"https:\/\/api.w.org\/{rel}","templated":true}]}}