{"id":10809,"date":"2025-07-29T03:56:12","date_gmt":"2025-07-29T03:56:12","guid":{"rendered":"https:\/\/www.europesays.com\/es\/10809\/"},"modified":"2025-07-29T03:56:12","modified_gmt":"2025-07-29T03:56:12","slug":"quiero-ayudar-a-que-las-chicas-cumplan-su-sueno-de-vivir-del-tenis","status":"publish","type":"post","link":"https:\/\/www.europesays.com\/es\/10809\/","title":{"rendered":"\u00abQuiero ayudar a que las chicas cumplan su sue\u00f1o de vivir del tenis\u00bb"},"content":{"rendered":"<p class=\"v-mdl-ath__p v-mdl-ath__p--2\">\nCANARIAS7\n<\/p>\n<p class=\"v-mdl-ath__p v-mdl-ath__p--3\">\nLas Palmas de Gran Canaria\n<\/p>\n<p class=\"v-mdl-ath__p v-mdl-ath__p--6\">\nLunes, 28 de julio 2025, 11:35<\/p>\n<p class=\"v-p\">Con un sexto puesto en el ranking WTA en su haber, es una de las deportistas femeninas m\u00e1s importantes de nuestro pa\u00eds. Por sus logros deportivos, pero tambi\u00e9n por su ejemplo de superaci\u00f3n y entrega. Carla Su\u00e1rez, natural de Las Palmas de Gran Canaria, hija de un jugador de balonmano profesional y de una gimnasta, ha vivido por y para el deporte. Y ahora, tras colgar la raqueta, la grancanaria quiere devolver parte de lo que el tenis la ha dado desde su papel como seleccionadora espa\u00f1ola de la copa Billie Jean King. Estos d\u00edas no pierde de vista a las jugadoras espa\u00f1olas que compiten en el ITF W100 DISA Gran Canaria-Maspalomas que se celebra hasta el 3 de agosto en el club Conde Jackson Maspalomas y del que adem\u00e1s es imagen.<\/p>\n<p class=\"v-p\"><strong>-Afincada en Barcelona y madre de dos ni\u00f1as de dos a\u00f1os, \u00bfencuentra tiempo para venir a Gran Canaria?<\/strong><\/p>\n<p class=\"v-p\">-Tratamos de organizarnos para venir tres veces al a\u00f1o, en Navidades\u2026 Se echa de menos, pero por motivos personales y profesionales no puedo estar aqu\u00ed todo lo que quisiera.<\/p>\n<p class=\"v-p\"><strong>-Es la mejor tenista canaria de la historia, \u00bfqu\u00e9 significa para apoyar un torneo de esta categor\u00eda celebrado en tu tierra?<\/strong><\/p>\n<p class=\"v-p\">-Mucho. Me he dedicado al tenis pr\u00e1cticamente toda mi vida y el hecho de tener un torneo de esta calidad en la isla y de esta categor\u00eda es muy importante. Las jugadoras lo valoran mucho, saben que es un buen torneo y espero que se siga celebrando.<\/p>\n<p class=\"v-p\"><strong>-Le hemos o\u00eddo decir que para ellas es un lujo competir y entrenar en Gran Canaria \u00bfQu\u00e9 lo hace tan especial?<\/strong><\/p>\n<p class=\"v-p\">-Obviamente la fecha del torneo, la temperatura y sobre todo la cercan\u00eda de toda la organizaci\u00f3n. Tener el hotel al lado es una maravilla y lo valoran mucho. En el circuito habr\u00e1 tres, cuatro, cinco torneos as\u00ed y te permite descansar mejor. Poder ir caminando al club es un lujo. Pero la cercan\u00eda de toda la organizaci\u00f3n y c\u00f3mo se sienten aqu\u00ed es lo mejor.<\/p>\n<p><img decoding=\"async\" loading=\"lazy\" src=\"https:\/\/www.europesays.com\/es\/wp-content\/uploads\/2025\/07\/carla2-kiqC--650x455@Canarias7.jpg\" class=\"v-a-img\" width=\"650\" height=\"455\" alt=\"\" data-voc-vtm-id=\"in-text-traffic\"\/><\/p>\n<p><img loading=\"lazy\" decoding=\"async\" src=\"https:\/\/www.europesays.com\/es\/wp-content\/uploads\/2025\/07\/carla2-kiqC--1920x1344@Canarias7.jpg\" class=\"v-mdl__img-z\" width=\"1920\" height=\"1344\" alt=\"\"\/><\/p>\n<p class=\"v-p\"><strong>-\u00bfQu\u00e9 importancia tiene para Canarias y para Gran Canaria albergar un W100?<\/strong><\/p>\n<p class=\"v-p\">-Las jugadoras cuando organizan su calendario saben que van a tener un WTA100 en esas fechas y lo organizan queriendo estar en este torneo. Hablamos de jugadoras que se encuentran entre las 150 y 200 del mundo. Quieren estar aqu\u00ed y eso es muy importante para Espa\u00f1a y para Canarias, jugadoras extranjeras que suben el nivel del torneo.<\/p>\n<p class=\"v-p\"><strong>-Cuelga la raqueta y se convierte en seleccionadora. \u00bfQu\u00e9 es lo que m\u00e1s le atrajo de este proyecto? \u00bfPor qu\u00e9 decide aceptar?<\/strong><\/p>\n<p class=\"v-p\">-Creo que para m\u00ed era interesante ayudar a las chicas, al tenis espa\u00f1ol femenino que me ha dado tanto, ayudar a que puedan rendir, conseguir sus objetivos y luchar por sus sue\u00f1os.<\/p>\n<p class=\"v-p\"><strong>-\u00bfQu\u00e9 diferencia encuentra entre ser jugadora y seleccionadora?<\/strong><\/p>\n<p class=\"v-p\">-Cuando eres jugadora tienes todo el protagonismo y casi todo depende de ti y como seleccionadora es al contrario. Mi papel es hacerles las cosas lo m\u00e1s sencillas posible, darles todas las facilidades a las jugadoras para que puedan rendir al m\u00e1ximo en pista. Se trata de ir vigilando, observando el tenis femenino y luego a la hora de competir estar con el equipo y con las jugadoras.<\/p>\n<p class=\"v-p\"><strong>-\u00bfQu\u00e9 objetivos se ha marcado en esta nueva etapa?<\/strong><\/p>\n<p class=\"v-p\">-Nos encantar\u00eda ganar el t\u00edtulo, claro, pero mi objetivo es que cada a\u00f1o haya m\u00e1s jugadoras que puedan llegar a ser profesionales y puedan vivir del tenis. Chicas con 16, 17, 18 a\u00f1os, a las que podamos ayudar, que la Federaci\u00f3n se comprometa y que cumplan ese sue\u00f1o.<\/p>\n<p><img decoding=\"async\" loading=\"lazy\" src=\"https:\/\/www.europesays.com\/es\/wp-content\/uploads\/2025\/07\/carla3-kiqC--650x455@Canarias7.jpg\" class=\"v-a-img\" width=\"650\" height=\"455\" alt=\"\" data-voc-vtm-id=\"in-text-traffic\"\/><\/p>\n<p><img loading=\"lazy\" decoding=\"async\" src=\"https:\/\/www.europesays.com\/es\/wp-content\/uploads\/2025\/07\/carla3-kiqC--1920x1344@Canarias7.jpg\" class=\"v-mdl__img-z\" width=\"1920\" height=\"1344\" alt=\"\"\/><\/p>\n<p class=\"v-p\"><strong>-\u00bfA qu\u00e9 jugadoras destacar\u00eda?<\/strong><\/p>\n<p class=\"v-p\">-Leyre Romero, Katling Quevedo, ambas en este torneo, Ane Mintegui, que gan\u00f3 el Wimbledon Junior hace un par de a\u00f1os\u2026Pueden tener oportunidades, est\u00e1n haciendo un buen proyecto, se lo toman en serio. Las tengo en el radar, en el punto de mira, (r\u00ede). Me gusta c\u00f3mo juegan, juegan diferente y tiene ese esp\u00edritu de lucha, de sacrificio, todo lo que conlleva ser tenista profesional.<\/p>\n<p class=\"v-p\"><strong>-\u00bfQu\u00e9 opina sobre el deporte femenino? Igualdad de oportunidades, equidad en premios y trato\u2026<\/strong><\/p>\n<p class=\"v-p\">-Yo creo que el deporte femenino siempre ha estado en auge y que hemos vivido siempre t\u00edtulos y momentos inolvidables en muchas modalidades. Es verdad que el futbol ahora est\u00e1 teniendo mucho protagonismo, lo est\u00e1 haciendo muy bien y a nivel social es muy positivo porque es el deporte rey. Ha habido momentos en que no se ha valorado como deb\u00eda y est\u00e1bamos en un segundo plano. Ojal\u00e1 que socialmente las cosas vayan cambiando y se valore lo que las chicas hacen en el deporte. En tenis con Arantxa y Conchita vivimos una gran \u00e9poca, ahora con Paula parece que puede haber buenos resultados. Como selecci\u00f3n estamos entre las mejores ocho del mundo. Yo espero que las chicas en todos los deportes puedan seguir trabajando bien porque les dan las facilidades, los materiales y los centros necesarios y se siga hablando del deporte femenino.<\/p>\n<p class=\"v-p\"><strong>-Y ahora, adem\u00e1s, madre de dos ni\u00f1as, \u00bfqu\u00e9 tal la experiencia?<\/strong><\/p>\n<p class=\"v-p\">-Como no s\u00e9 lo que es tener una, lo llevo bastante bien (r\u00ede). Mi trabajo me permite pasar mucho tiempo con ellas en casa y en verano est\u00e1 siendo divertido. Lo m\u00e1s importante es verlas crecer sanas.<\/p>\n<p class=\"v-p\"><strong>-Una madre futbolista, la otra tenista, \u00bfqu\u00e9 les tira m\u00e1s?<\/strong><\/p>\n<p class=\"v-p\">-Darle una patada al bal\u00f3n est\u00e1 siendo m\u00e1s f\u00e1cil que la raqueta, pueden hacerlo en casa a todas horas, la raqueta la ven como un juguete y a veces la usan como espada o martillo contra su hermana\u2026 De momento se decantan por la pelota, y claro, a m\u00ed me gusta mucho el f\u00fatbol, yo creo que a d\u00eda de hoy han visto m\u00e1s f\u00fatbol que tenis. Al final ellas decidir\u00e1n si quieren dedicarse profesionalmente, pero s\u00ed les vamos a inculcar la importancia del deporte por salud.<\/p>\n<p class=\"v-p\"><strong>-Sexta del ranking WTA, una de las mejores tenistas espa\u00f1olas, ha superado un c\u00e1ncer, madre\u2026 \u00bfalguna meta para el futuro?<\/strong><\/p>\n<p class=\"v-p\">-No tengo metas u objetivos, he tenido suerte de formar una familia, estamos todas sanas y ahora quiero disfrutar. No s\u00f3lo de la familia que he creado, tambi\u00e9n de mis padres y mi hermano que han estado apoy\u00e1ndome toda la vida. Durante 20 a\u00f1os he estado viajando por el mundo y no he podido disfrutar de ellos.<\/p>\n<p>Comenta<\/p>\n<p>Reporta un error<\/p>\n","protected":false},"excerpt":{"rendered":"CANARIAS7 Las Palmas de Gran Canaria Lunes, 28 de julio 2025, 11:35 Con un sexto puesto en el&hellip;\n","protected":false},"author":2,"featured_media":10810,"comment_status":"","ping_status":"","sticky":false,"template":"","format":"standard","meta":{"footnotes":""},"categories":[274],"tags":[7836,168,25,24,23,167,327,326],"class_list":{"0":"post-10809","1":"post","2":"type-post","3":"status-publish","4":"format-standard","5":"has-post-thumbnail","7":"category-tenis","8":"tag-carla-suarez","9":"tag-deportes","10":"tag-es","11":"tag-espana","12":"tag-spain","13":"tag-sports","14":"tag-tenis","15":"tag-tennis"},"share_on_mastodon":{"url":"","error":""},"_links":{"self":[{"href":"https:\/\/www.europesays.com\/es\/wp-json\/wp\/v2\/posts\/10809","targetHints":{"allow":["GET"]}}],"collection":[{"href":"https:\/\/www.europesays.com\/es\/wp-json\/wp\/v2\/posts"}],"about":[{"href":"https:\/\/www.europesays.com\/es\/wp-json\/wp\/v2\/types\/post"}],"author":[{"embeddable":true,"href":"https:\/\/www.europesays.com\/es\/wp-json\/wp\/v2\/users\/2"}],"replies":[{"embeddable":true,"href":"https:\/\/www.europesays.com\/es\/wp-json\/wp\/v2\/comments?post=10809"}],"version-history":[{"count":0,"href":"https:\/\/www.europesays.com\/es\/wp-json\/wp\/v2\/posts\/10809\/revisions"}],"wp:featuredmedia":[{"embeddable":true,"href":"https:\/\/www.europesays.com\/es\/wp-json\/wp\/v2\/media\/10810"}],"wp:attachment":[{"href":"https:\/\/www.europesays.com\/es\/wp-json\/wp\/v2\/media?parent=10809"}],"wp:term":[{"taxonomy":"category","embeddable":true,"href":"https:\/\/www.europesays.com\/es\/wp-json\/wp\/v2\/categories?post=10809"},{"taxonomy":"post_tag","embeddable":true,"href":"https:\/\/www.europesays.com\/es\/wp-json\/wp\/v2\/tags?post=10809"}],"curies":[{"name":"wp","href":"https:\/\/api.w.org\/{rel}","templated":true}]}}