{"id":108094,"date":"2025-09-11T15:55:14","date_gmt":"2025-09-11T15:55:14","guid":{"rendered":"https:\/\/www.europesays.com\/es\/108094\/"},"modified":"2025-09-11T15:55:14","modified_gmt":"2025-09-11T15:55:14","slug":"mikel-azparren-abandona-la-vuelta","status":"publish","type":"post","link":"https:\/\/www.europesays.com\/es\/108094\/","title":{"rendered":"Mikel Azparren abandona La Vuelta"},"content":{"rendered":"<p data-mrf-recirculation=\"Links P\u00e1rrafos\" class=\"ue-c-article__paragraph paragraph ue-c-article--first-letter-highlighted\">El ciclista vasco Mikel Azparren se ha visto obligado a abandonar La Vuelta a Espa\u00f1a debido a una fatiga extrema que ven\u00eda arrastrando desde jornadas anteriores. El anuncio fue hecho por su equipo, Q36.5 Pro Cycling Team, que tambi\u00e9n confirm\u00f3 que el corredor regresar\u00e1 a casa para someterse a pruebas m\u00e9dicas adicionales.<\/p>\n<p>Final anticipado y tarea cumplida<\/p>\n<p data-mrf-recirculation=\"Links P\u00e1rrafos\" class=\"ue-c-article__paragraph paragraph\">Azparren, de <strong>26 a\u00f1os<\/strong>, ven\u00eda cumpliendo un rol clave como gregario de <strong>Tom Pidcock<\/strong>, quien pelea por subirse al podio de la clasificaci\u00f3n general. Durante las etapas m\u00e1s exigentes de monta\u00f1a, <strong>Azparren <\/strong>fue uno de los encargados de<strong> marcar el ritmo y proteger al brit\u00e1nico<\/strong> en los tramos m\u00e1s duros. Su entrega y sacrificio han sido fundamentales para mantener a Pidcock bien posicionado en la general.<\/p>\n<p data-mrf-recirculation=\"Links P\u00e1rrafos\" class=\"ue-c-article__paragraph paragraph\">El propio Azparren ya hab\u00eda dejado entrever que su cuerpo comenzaba a pasar factura. \u201c<strong>Estoy notando la fatiga, lo sent\u00ed en el d\u00eda de descanso.<\/strong> Gast\u00e9 mucha energ\u00eda el s\u00e1bado. Creo que Pidcock cada d\u00eda se est\u00e1 sintiendo mejor. El equipo est\u00e1 superando sus r\u00e9cords de potencia. <strong>Vamos con ilusi\u00f3n\u201d, coment\u00f3 a MARCA <\/strong>hace unos d\u00edas, reflejando el desgaste acumulado.<\/p>\n<p data-mrf-recirculation=\"Links P\u00e1rrafos\" class=\"ue-c-article__paragraph paragraph\">El abandono supone una p\u00e9rdida importante para el <strong>bloque de Pidcock,<\/strong> que se queda sin uno de sus motores en la monta\u00f1a. Azparren<strong> deja La Vuelta con el reconocimiento de sus compa\u00f1eros<\/strong> y del cuerpo t\u00e9cnico, que han agradecido p\u00fablicamente su esfuerzo.\u00a0<strong>\u00abGracias por todo, Xabier\u00bb,<\/strong> escribieron desde la cuenta oficial del equipo.<\/p>\n","protected":false},"excerpt":{"rendered":"El ciclista vasco Mikel Azparren se ha visto obligado a abandonar La Vuelta a Espa\u00f1a debido a una&hellip;\n","protected":false},"author":2,"featured_media":108095,"comment_status":"","ping_status":"","sticky":false,"template":"","format":"standard","meta":{"footnotes":""},"categories":[273],"tags":[313,312,168,25,24,23,167],"class_list":{"0":"post-108094","1":"post","2":"type-post","3":"status-publish","4":"format-standard","5":"has-post-thumbnail","7":"category-ciclismo","8":"tag-ciclismo","9":"tag-cycling","10":"tag-deportes","11":"tag-es","12":"tag-espana","13":"tag-spain","14":"tag-sports"},"share_on_mastodon":{"url":"","error":""},"_links":{"self":[{"href":"https:\/\/www.europesays.com\/es\/wp-json\/wp\/v2\/posts\/108094","targetHints":{"allow":["GET"]}}],"collection":[{"href":"https:\/\/www.europesays.com\/es\/wp-json\/wp\/v2\/posts"}],"about":[{"href":"https:\/\/www.europesays.com\/es\/wp-json\/wp\/v2\/types\/post"}],"author":[{"embeddable":true,"href":"https:\/\/www.europesays.com\/es\/wp-json\/wp\/v2\/users\/2"}],"replies":[{"embeddable":true,"href":"https:\/\/www.europesays.com\/es\/wp-json\/wp\/v2\/comments?post=108094"}],"version-history":[{"count":0,"href":"https:\/\/www.europesays.com\/es\/wp-json\/wp\/v2\/posts\/108094\/revisions"}],"wp:featuredmedia":[{"embeddable":true,"href":"https:\/\/www.europesays.com\/es\/wp-json\/wp\/v2\/media\/108095"}],"wp:attachment":[{"href":"https:\/\/www.europesays.com\/es\/wp-json\/wp\/v2\/media?parent=108094"}],"wp:term":[{"taxonomy":"category","embeddable":true,"href":"https:\/\/www.europesays.com\/es\/wp-json\/wp\/v2\/categories?post=108094"},{"taxonomy":"post_tag","embeddable":true,"href":"https:\/\/www.europesays.com\/es\/wp-json\/wp\/v2\/tags?post=108094"}],"curies":[{"name":"wp","href":"https:\/\/api.w.org\/{rel}","templated":true}]}}