{"id":108102,"date":"2025-09-11T15:59:09","date_gmt":"2025-09-11T15:59:09","guid":{"rendered":"https:\/\/www.europesays.com\/es\/108102\/"},"modified":"2025-09-11T15:59:09","modified_gmt":"2025-09-11T15:59:09","slug":"yo-soy-el-que-le-paga-a-el","status":"publish","type":"post","link":"https:\/\/www.europesays.com\/es\/108102\/","title":{"rendered":"\u00abYo soy el que le paga a \u00e9l\u00bb"},"content":{"rendered":"<p class=\"voc-p\" style=\"\">Tras asegurar que su compa\u00f1ero de d\u00fao durante tantos a\u00f1os es \u00ab<strong>indisciplinado<\/strong>\u00bb, ahora Lucas, de <a href=\"https:\/\/www.abc.es\/gente\/lucas-andy-lucas-denuncia-ofrecieron-droga-delante-20250602105947-nt.html\" target=\"_self\" data-voc-vtm-id=\"in-text-traffic\" title=\"Andy y Lucas\" data-mrf-link=\"www.abc.es\" rel=\"nofollow noopener\">Andy y Lucas<\/a>, ha vuelto a la carga y ha hecho nuevas revelaciones en el programa &#8216;<strong>Me quedo conmigo<\/strong>&#8216;, donde ha asegurado que \u00e9l es el \u00ab<strong>macho alfa<\/strong>\u00bb del grupo y que siempre ha llevado el tema de los dineros porque era \u00ab<strong>el m\u00e1s solvente<\/strong>\u00bb. Por si acaso, lo ha querido dejar bien claro: \u00ab<strong>Yo soy el que le paga a \u00e9l<\/strong>\u00bb.<\/p>\n<p class=\"voc-p\" style=\"\">Durante los \u00faltimos meses, Lucas ha sido noticia por dos cosas: por su gira de despedida del d\u00fao junto a Andy y <a href=\"https:\/\/www.abc.es\/gente\/lucas-andy-lucas-intento-llevar-nariz-cabeza-20250425185219-nt.html\" target=\"_self\" data-voc-vtm-id=\"in-text-traffic\" title=\"por su nariz\" data-mrf-link=\"www.abc.es\" rel=\"nofollow noopener\">por su nariz<\/a>. Se someti\u00f3 a una operaci\u00f3n del ap\u00e9ndice, se puso nervioso durante el postoperatorio, la cosa le qued\u00f3 fatal y <strong>llegaron muchos problemas, tambi\u00e9n psicol\u00f3gicos<\/strong>. Por eso est\u00e1 en el programa de Mediaset.<\/p>\n<p class=\"voc-p\" style=\"\">Sin embargo, Lucas ha hablado de todo, literalmente,<strong> durante la terapia televisada<\/strong> y ha ofrecido no pocos detalles de lo que ha sido, y todav\u00eda es, la relaci\u00f3n con su compa\u00f1ero de fatigas durante tantos a\u00f1os. \u00c9l se considera el &#8216;cerebro&#8217; del grupo.<\/p>\n<p>\nLucas, el \u00abmacho alfa\u00bb\n<\/p>\n<p class=\"voc-p\" style=\"\">Andy y Lucas, el d\u00fao gaditano formado por Andr\u00e9s Morales y Lucas Gonz\u00e1lez, irrumpi\u00f3 en la escena musical espa\u00f1ola en 2003 con <strong>un primer \u00e1lbum que fue un bombazo<\/strong> que cautiv\u00f3 los corazones de decenas de miles de adolescentes. Un aut\u00e9ntico fen\u00f3meno capaz de llenar estadios con sus historias de amor\u00edos y torturas adolescentes. Y as\u00ed hasta llegar a ahora, su gira de despedida.<\/p>\n<p class=\"voc-p\" style=\"\">Ahora, Lucas est\u00e1 de terapia y ha contado muchas interioridades sobre el funcionamiento del d\u00fao como parte de su terapia televisada. Sin filtros. Ha asegurado que <strong>\u00e9l es el \u00abmacho alfa\u00bb del d\u00fao y el cerebro de todo<\/strong>, el hombre que lo ha gestionado todo, desde el \u00e9xito hasta las finanzas, durante todos estos a\u00f1os.<\/p>\n<p class=\"voc-p\" style=\"\">Seg\u00fan ha contado, mientras Andy se enfocaba m\u00e1s en la interpretaci\u00f3n, Lucas pensaba <strong>las decisiones empresariales<\/strong>, incluyendo negociaci\u00f3n de contratos, coordinaci\u00f3n con la discogr\u00e1fica, gesti\u00f3n de giras, explotaci\u00f3n de la marca Andy y Lucas y m\u00e1s. <\/p>\n<p class=\"voc-p\" style=\"\">\u00abLe dije que<strong> iba a ser yo el empresario del grupo<\/strong> porque era el m\u00e1s solvente. Fue de mutuo acuerdo. <strong>Yo puse el dinero y desde entonces lo llevo todo<\/strong>. Yo soy el que pago a los m\u00fasicos, yo soy el que pago por sonido, yo soy el que pago al propio Andy, el que lleva el merchandising, el que habla con nuestro representante&#8230; Son horas, horas y horas y horas al tel\u00e9fono, son horas que no he estado con mi familia, son enfados, mosqueos&#8230;\u00bb, ha contado en el programa de Mediaset.<\/p>\n<p>\nSu generosidad con Andy\n<\/p>\n<p class=\"voc-p\" style=\"\">Sin embargo, Andy sostiene que ha sido muy generoso porque, a pesar de soportar sobre sus hombros <strong>el gran peso de la creaci\u00f3n de las canciones<\/strong>, el rumbo art\u00edstico y la gesti\u00f3n del grupo, se reparte los ingresos con Andy \u00abpor igual\u00bb.<\/p>\n<p class=\"voc-p\" style=\"\">\u00ab<strong>Ganamos lo mismo<\/strong>\u00bb, ha dicho. Aunque tambi\u00e9n ha reconocido: \u00abEs verdad que yo a lo mejor he hecho muchas canciones para Andy y Lucas, y yo cobro m\u00e1s por los derechos de autor\u2026\u00bb. Pero dejando a un lado eso, \u00abel resto es igual, y no lo veo mal, porque siempre he pensado que somos uno\u00bb.<\/p>\n<p class=\"voc-p\" style=\"\">Eso s\u00ed, y quiz\u00e1 intuyendo la repercusi\u00f3n que tendr\u00edan sus palabras, ha admitido: \u00abTampoco me gusta hablar de esto aqu\u00ed sin estar \u00e9l, <strong>me siento como si lo estuviera traicionando<\/strong>, y no quiero que pase en ning\u00fan momento\u00bb.<\/p>\n<p class=\"voc-p\" style=\"\">La raz\u00f3n por la que ha decidido abordar todos estos temas ahora, ante las c\u00e1maras y la mirada de toda Espa\u00f1a, es porque \u00abquer\u00eda estar delante de una profesional\u00bb para liberar finalmente sus sentimientos y emociones reprimidas, y \u00ab<strong>cerrar de una vez por todas<\/strong>\u00bb los rumores sobre su vida.<\/p>\n<p>Reportar un error<\/p>\n","protected":false},"excerpt":{"rendered":"Tras asegurar que su compa\u00f1ero de d\u00fao durante tantos a\u00f1os es \u00abindisciplinado\u00bb, ahora Lucas, de Andy y Lucas,&hellip;\n","protected":false},"author":2,"featured_media":108103,"comment_status":"","ping_status":"","sticky":false,"template":"","format":"standard","meta":{"footnotes":""},"categories":[174],"tags":[37268,16221,255,4083,16738,146,147,25,24,256,7357,37267,4696,5977,23],"class_list":{"0":"post-108102","1":"post","2":"type-post","3":"status-publish","4":"format-standard","5":"has-post-thumbnail","7":"category-famosos","8":"tag-alfa","9":"tag-andy","10":"tag-celebrities","11":"tag-desvela","12":"tag-duo","13":"tag-entertainment","14":"tag-entretenimiento","15":"tag-es","16":"tag-espana","17":"tag-famosos","18":"tag-lucas","19":"tag-macho","20":"tag-paga","21":"tag-relacion","22":"tag-spain"},"share_on_mastodon":{"url":"","error":""},"_links":{"self":[{"href":"https:\/\/www.europesays.com\/es\/wp-json\/wp\/v2\/posts\/108102","targetHints":{"allow":["GET"]}}],"collection":[{"href":"https:\/\/www.europesays.com\/es\/wp-json\/wp\/v2\/posts"}],"about":[{"href":"https:\/\/www.europesays.com\/es\/wp-json\/wp\/v2\/types\/post"}],"author":[{"embeddable":true,"href":"https:\/\/www.europesays.com\/es\/wp-json\/wp\/v2\/users\/2"}],"replies":[{"embeddable":true,"href":"https:\/\/www.europesays.com\/es\/wp-json\/wp\/v2\/comments?post=108102"}],"version-history":[{"count":0,"href":"https:\/\/www.europesays.com\/es\/wp-json\/wp\/v2\/posts\/108102\/revisions"}],"wp:featuredmedia":[{"embeddable":true,"href":"https:\/\/www.europesays.com\/es\/wp-json\/wp\/v2\/media\/108103"}],"wp:attachment":[{"href":"https:\/\/www.europesays.com\/es\/wp-json\/wp\/v2\/media?parent=108102"}],"wp:term":[{"taxonomy":"category","embeddable":true,"href":"https:\/\/www.europesays.com\/es\/wp-json\/wp\/v2\/categories?post=108102"},{"taxonomy":"post_tag","embeddable":true,"href":"https:\/\/www.europesays.com\/es\/wp-json\/wp\/v2\/tags?post=108102"}],"curies":[{"name":"wp","href":"https:\/\/api.w.org\/{rel}","templated":true}]}}