{"id":108108,"date":"2025-09-11T16:02:08","date_gmt":"2025-09-11T16:02:08","guid":{"rendered":"https:\/\/www.europesays.com\/es\/108108\/"},"modified":"2025-09-11T16:02:08","modified_gmt":"2025-09-11T16:02:08","slug":"no-participara-en-eurovision-si-esta-israel","status":"publish","type":"post","link":"https:\/\/www.europesays.com\/es\/108108\/","title":{"rendered":"no participar\u00e1 en Eurovisi\u00f3n si est\u00e1 Israel"},"content":{"rendered":"<p class=\"article-text\">\n        <strong>Irlanda no participar\u00e1 en Eurovisi\u00f3n 2026 si est\u00e1 Israel<\/strong>. La <strong>RT\u00c9<\/strong>, la televisi\u00f3n p\u00fablica del pa\u00eds, aprieta a la<strong> Uni\u00f3n Europea de Radiodifusi\u00f3n<\/strong> y ha anunciado que no estar\u00e1 en Viena si no se expulsa a la comitiva israel\u00ed del festival ante la situaci\u00f3n en Gaza.\n    <\/p>\n<p>    <a href=\"https:\/\/www.eldiario.es\/noticias\/rtve-anuncia-novedades-benidorm-fest-2026-abrira-ensayos-asegura-hara-eurovision_1_12588470.html\" data-mrf-recirculation=\"saber-mas\" data-dl-event=\"saber-mas\" rel=\"nofollow noopener\" target=\"_blank\"><\/p>\n<p class=\"know-more__title\">RTVE anuncia novedades del Benidorm Fest 2026, que abrir\u00e1 sus ensayos, y asegura que se har\u00e1 con o sin Eurovisi\u00f3n<\/p>\n<p>            <img decoding=\"async\" class=\"lazy\" loading=\"lazy\" data-src=\"https:\/\/static.eldiario.es\/clip\/a8e57852-93c9-4104-9bdb-f94215a35b1c_16-9-aspect-ratio_default_0.jpg\" src=\"data:image\/svg+xml,%3Csvg xmlns=\" http:=\"\" viewbox=\"0 0 880 495\" alt=\"RTVE anuncia novedades del Benidorm Fest 2026, que abrir\u00e1 sus ensayos, y asegura que se har\u00e1 con o sin Eurovisi\u00f3n\"\/><\/p>\n<p>                        <\/a><\/p>\n<p class=\"article-text\">\n        En un comunicado publicado este jueves 11 de septiembre, la emisora irlandesa se suma a la <strong>RTVSLO <\/strong>de <strong>Eslovenia <\/strong>y a la <strong>R\u00daV <\/strong>de <strong>Islandia <\/strong>y condiciona su participaci\u00f3n en la pr\u00f3xima edici\u00f3n del certamen europeo a las medidas que la <strong>UER <\/strong>tome con Israel. En su caso, la RT\u00c9 es rotunda: si no se expulsa a la KAN, Irlanda no estar\u00e1 en Eurovisi\u00f3n.\n    <\/p>\n<p class=\"article-text\">\n        En el texto, la cadena agradece a la Uni\u00f3n Europea de Radiodifusi\u00f3n el \u201c<strong>exhaustivo proceso de consulta<\/strong>\u201d iniciado en julio, as\u00ed como la extensi\u00f3n hasta diciembre del plazo para que los pa\u00edses se retiren del festival. No obstante, <strong>la delegaci\u00f3n irlandesa no espera m\u00e1s<\/strong> y comunica oficialmente su postura.\n    <\/p>\n<p class=\"article-text\">\n        \u201cRT\u00c9 considera que Irlanda no participar\u00e1 en el Festival de la Canci\u00f3n de Eurovisi\u00f3n 2026 si Israel sigue adelante con su participaci\u00f3n (&#8230;) <strong>La participaci\u00f3n de Irlanda ser\u00eda inadmisible dada la terrible y continua p\u00e9rdida de vidas en Gaza<\/strong>\u201d, expresan en el comunicado oficial, donde tambi\u00e9n manifiestan su \u201cprofunda preocupaci\u00f3n\u201d por el asesinato de periodistas y otras ejecuciones del Gobierno de Netanyahu. La decisi\u00f3n ser\u00e1 definitiva cuando la UER confirme su determinaci\u00f3n final respecto a Israel.\n    <\/p>\n<p>            <img decoding=\"async\" class=\"lazy\" loading=\"lazy\" data-src=\"https:\/\/static.eldiario.es\/clip\/e01f76c6-514a-43de-a0d1-1c134221fd9c_16-9-discover-aspect-ratio_default_0.jpg\" src=\"data:image\/svg+xml,%3Csvg xmlns=\" http:=\"\" viewbox=\"0 0 1200 675\" alt=\"La representante de Israel en Eurovisi\u00f3n 2025, Yuval Raphael\"\/><\/p>\n<p>    Comunicado completo de la TV de Irlanda<\/p>\n<p class=\"article-text\">\n        \u201cEn la Asamblea General de la Uni\u00f3n Europea de Radiodifusi\u00f3n (UER) celebrada en julio, varios miembros de la UER expresaron su preocupaci\u00f3n por la participaci\u00f3n de Israel en el Festival de la Canci\u00f3n de Eurovisi\u00f3n.\n    <\/p>\n<p class=\"article-text\">\n        RT\u00c9 agradece a la UER el exhaustivo proceso de consulta iniciado a ra\u00edz de dicha reuni\u00f3n y la extensi\u00f3n hasta diciembre de la opci\u00f3n de retirarse sin penalizaci\u00f3n.\n    <\/p>\n<p class=\"article-text\">\n        RT\u00c9 considera que Irlanda no participar\u00e1 en el Festival de la Canci\u00f3n de Eurovisi\u00f3n 2026 si Israel sigue adelante con su participaci\u00f3n, y la decisi\u00f3n final sobre la participaci\u00f3n de Irlanda se tomar\u00e1 una vez que la UER la tome.\n    <\/p>\n<p class=\"article-text\">\n        RT\u00c9 considera que la participaci\u00f3n de Irlanda ser\u00eda inadmisible dada la terrible y continua p\u00e9rdida de vidas en Gaza. RT\u00c9 tambi\u00e9n est\u00e1 profundamente preocupada por el asesinato selectivo de periodistas en Gaza, la denegaci\u00f3n de acceso al territorio a periodistas internacionales y la dif\u00edcil situaci\u00f3n de los rehenes restantes\u201c.\n    <\/p>\n<p>    RTVE espera y el ministro Urtasun plantea la retirada<\/p>\n<p class=\"article-text\">\n        En clave espa\u00f1ola, la decisi\u00f3n de seguir o no en Eurovisi\u00f3n todav\u00eda no se ha comunicado. Cierto es que <strong>RTVE<\/strong>, miembro del Big Five y representado en el grupo de referencia de la UER con la presidencia de <strong>Ana Mar\u00eda Bordas<\/strong>,<strong> lider\u00f3 desde antes de Basilea 2025 las presiones a la Uni\u00f3n Europea de Radiodifusi\u00f3n<\/strong> pidiendo un debate entre los miembros sobre la participaci\u00f3n de Israel. Algo que se acentu\u00f3 tras la final del pasado mes de mayo en Suiza, donde Yuval Raphael estuvo a punto de ganar el festival.\n    <\/p>\n<p class=\"article-text\">\n        Las reuniones en la <strong>Asamblea General de la UER<\/strong> celebradas en julio plantearon las primeras conversaciones \u201cprofundas\u201d sobre la postura del certamen respecto a la KAN israel\u00ed. Sin embargo, el organismo <a href=\"https:\/\/www.eldiario.es\/vertele\/noticias\/uer-comunica-ido-dialogo-eurovision-2025-participacion-israel-vuelve-retrasar-decision_1_12438126.html\" target=\"_blank\" data-mrf-recirculation=\"links-noticia\" class=\"link\" rel=\"nofollow noopener\">retras\u00f3 su decisi\u00f3n <\/a>y poco despu\u00e9s anunci\u00f3 que ampliaba hasta finales de a\u00f1o el plazo para que las delegaciones se retirasen sin pagar una penalizaci\u00f3n.\n    <\/p>\n<p>            <img decoding=\"async\" class=\"lazy\" loading=\"lazy\" data-src=\"https:\/\/static.eldiario.es\/clip\/6feb6392-45eb-498a-9ef0-dccf27cbc368_16-9-discover-aspect-ratio_default_0.jpg\" src=\"data:image\/svg+xml,%3Csvg xmlns=\" http:=\"\" viewbox=\"0 0 1200 675\" alt=\"Sede de la UER \/ EBU\"\/><\/p>\n<p class=\"article-text\">\n        As\u00ed las cosas, y mientras la situaci\u00f3n en Gaza se agrava d\u00eda a d\u00eda con m\u00e1s v\u00edctimas,<strong> la UER sigue sin tomar una determinaci\u00f3n. <\/strong>Tampoco la ha anunciado RTVE, que el pasado martes fij\u00f3 en el mes de diciembre el momento para conocer si participar\u00e1n o no en Eurovisi\u00f3n.\n    <\/p>\n<p>    <a href=\"https:\/\/www.eldiario.es\/vertele\/noticias\/directo-al-grano-estreno-horario-rtve-malas-lenguas-cintora_1_12593748.html\" data-mrf-recirculation=\"saber-mas-abajo\" data-dl-event=\"saber-mas-abajo\" rel=\"nofollow noopener\" target=\"_blank\"><\/p>\n<p class=\"know-more__title\">RTVE anuncia el horario de &#8216;Directo al grano&#8217; y confirma c\u00f3mo quedan las tardes de La 1, con cambios para &#8216;Malas lenguas&#8217;\n<\/p>\n<p>            <img decoding=\"async\" class=\"lazy\" loading=\"lazy\" data-src=\"https:\/\/static.eldiario.es\/clip\/4b785109-603b-436c-abf0-4d24a4617cf7_16-9-aspect-ratio_default_0.jpg\" src=\"data:image\/svg+xml,%3Csvg xmlns=\" http:=\"\" viewbox=\"0 0 880 495\" alt=\"RTVE anuncia el horario de 'Directo al grano' y confirma c\u00f3mo quedan las tardes de La 1, con cambios para 'Malas lenguas'\"\/><\/p>\n<p>                        <\/a><\/p>\n<p class=\"article-text\">\n        Entre tanto, el ministro <strong>Urtasun<\/strong>, en una intervenci\u00f3n en La hora de La 1, plante\u00f3 que RTVE y Espa\u00f1a se retiren si no se descalifica a Israel:\u00a0\u201c<strong>Si no logramos expulsarles, habr\u00e1 que adoptar medidas<\/strong>\u201d (&#8230;) \u201cNo se puede normalizar su participaci\u00f3n en foros internacionales como si nada ocurriera\u201d, apunt\u00f3, en la l\u00ednea que ha mantenido el Gobierno y, especialmente Sumar, desde antes de la pasada edici\u00f3n.\n    <\/p>\n","protected":false},"excerpt":{"rendered":"Irlanda no participar\u00e1 en Eurovisi\u00f3n 2026 si est\u00e1 Israel. La RT\u00c9, la televisi\u00f3n p\u00fablica del pa\u00eds, aprieta a&hellip;\n","protected":false},"author":2,"featured_media":108109,"comment_status":"","ping_status":"","sticky":false,"template":"","format":"standard","meta":{"footnotes":""},"categories":[171],"tags":[2651,146,147,25,24,201,24121,2908,74,689,1919,518,688,23,214,25165],"class_list":{"0":"post-108108","1":"post","2":"type-post","3":"status-publish","4":"format-standard","5":"has-post-thumbnail","7":"category-tv","8":"tag-aprieta","9":"tag-entertainment","10":"tag-entretenimiento","11":"tag-es","12":"tag-espana","13":"tag-esperan","14":"tag-eurovision","15":"tag-irlanda","16":"tag-israel","17":"tag-no","18":"tag-participara","19":"tag-rtve","20":"tag-si","21":"tag-spain","22":"tag-tv","23":"tag-uer"},"share_on_mastodon":{"url":"","error":""},"_links":{"self":[{"href":"https:\/\/www.europesays.com\/es\/wp-json\/wp\/v2\/posts\/108108","targetHints":{"allow":["GET"]}}],"collection":[{"href":"https:\/\/www.europesays.com\/es\/wp-json\/wp\/v2\/posts"}],"about":[{"href":"https:\/\/www.europesays.com\/es\/wp-json\/wp\/v2\/types\/post"}],"author":[{"embeddable":true,"href":"https:\/\/www.europesays.com\/es\/wp-json\/wp\/v2\/users\/2"}],"replies":[{"embeddable":true,"href":"https:\/\/www.europesays.com\/es\/wp-json\/wp\/v2\/comments?post=108108"}],"version-history":[{"count":0,"href":"https:\/\/www.europesays.com\/es\/wp-json\/wp\/v2\/posts\/108108\/revisions"}],"wp:featuredmedia":[{"embeddable":true,"href":"https:\/\/www.europesays.com\/es\/wp-json\/wp\/v2\/media\/108109"}],"wp:attachment":[{"href":"https:\/\/www.europesays.com\/es\/wp-json\/wp\/v2\/media?parent=108108"}],"wp:term":[{"taxonomy":"category","embeddable":true,"href":"https:\/\/www.europesays.com\/es\/wp-json\/wp\/v2\/categories?post=108108"},{"taxonomy":"post_tag","embeddable":true,"href":"https:\/\/www.europesays.com\/es\/wp-json\/wp\/v2\/tags?post=108108"}],"curies":[{"name":"wp","href":"https:\/\/api.w.org\/{rel}","templated":true}]}}