{"id":108110,"date":"2025-09-11T16:03:08","date_gmt":"2025-09-11T16:03:08","guid":{"rendered":"https:\/\/www.europesays.com\/es\/108110\/"},"modified":"2025-09-11T16:03:08","modified_gmt":"2025-09-11T16:03:08","slug":"la-ceremonia-del-homenaje-a-la-musica-andaluza-de-los-latin-grammy-en-imagenes","status":"publish","type":"post","link":"https:\/\/www.europesays.com\/es\/108110\/","title":{"rendered":"La ceremonia del homenaje a la m\u00fasica andaluza de los Latin Grammy, en im\u00e1genes"},"content":{"rendered":"<p>          11\/09\/2025<br \/>\n          <br \/><strong><br \/>\n                  Actualizado a las 12:53h.<br \/>\n              <\/strong><\/p>\n<p class=\"voc-p\" style=\"\">La Academia Latina de la Grabaci\u00f3n ha celebrado en Sevilla el evento Latin Grammy Celebra: La M\u00fasica de Andaluc\u00eda, un homenaje a algunos de los artistas m\u00e1s influyentes de esta tierra. Realizando un recorrido que abarc\u00f3 siglos de creatividad e innovaci\u00f3n, el homenaje fue testigo de momentos \u00fanicos dando comienzo con un tributo a Enrique Morente, figura esencial del flamenco contempor\u00e1neo que destac\u00f3 por su capacidad para unir tradici\u00f3n y vanguardia. El tributo, preparado por el compositor y productor musical, V\u00edctor Mart\u00ednez, se inspir\u00f3 en &#8216;Omega&#8217;, considerado una obra maestra y el disco m\u00e1s ic\u00f3nico de la carrera de Morente. <\/p>\n<p class=\"voc-p\" style=\"\">Sobre el escenario estuvo presente su hijo, Kiki Morente, acompa\u00f1ado de artistas que crecieron bajo su influencia, como La Tremendita y \u00c1ngeles Toledano. Tambi\u00e9n participaron Lagartija Nick y Ca\u00f1izares, quienes formaron parte de la producci\u00f3n original del \u00e1lbum.<\/p>\n","protected":false},"excerpt":{"rendered":"11\/09\/2025 Actualizado a las 12:53h. La Academia Latina de la Grabaci\u00f3n ha celebrado en Sevilla el evento Latin&hellip;\n","protected":false},"author":2,"featured_media":108111,"comment_status":"","ping_status":"","sticky":false,"template":"","format":"standard","meta":{"footnotes":""},"categories":[170],"tags":[20483,21982,146,147,25,24,2791,6552,1641,6950,184,185,23],"class_list":{"0":"post-108110","1":"post","2":"type-post","3":"status-publish","4":"format-standard","5":"has-post-thumbnail","7":"category-musica","8":"tag-andaluza","9":"tag-ceremonia","10":"tag-entertainment","11":"tag-entretenimiento","12":"tag-es","13":"tag-espana","14":"tag-grammy","15":"tag-homenaje","16":"tag-imagenes","17":"tag-latin","18":"tag-music","19":"tag-musica","20":"tag-spain"},"share_on_mastodon":{"url":"","error":""},"_links":{"self":[{"href":"https:\/\/www.europesays.com\/es\/wp-json\/wp\/v2\/posts\/108110","targetHints":{"allow":["GET"]}}],"collection":[{"href":"https:\/\/www.europesays.com\/es\/wp-json\/wp\/v2\/posts"}],"about":[{"href":"https:\/\/www.europesays.com\/es\/wp-json\/wp\/v2\/types\/post"}],"author":[{"embeddable":true,"href":"https:\/\/www.europesays.com\/es\/wp-json\/wp\/v2\/users\/2"}],"replies":[{"embeddable":true,"href":"https:\/\/www.europesays.com\/es\/wp-json\/wp\/v2\/comments?post=108110"}],"version-history":[{"count":0,"href":"https:\/\/www.europesays.com\/es\/wp-json\/wp\/v2\/posts\/108110\/revisions"}],"wp:featuredmedia":[{"embeddable":true,"href":"https:\/\/www.europesays.com\/es\/wp-json\/wp\/v2\/media\/108111"}],"wp:attachment":[{"href":"https:\/\/www.europesays.com\/es\/wp-json\/wp\/v2\/media?parent=108110"}],"wp:term":[{"taxonomy":"category","embeddable":true,"href":"https:\/\/www.europesays.com\/es\/wp-json\/wp\/v2\/categories?post=108110"},{"taxonomy":"post_tag","embeddable":true,"href":"https:\/\/www.europesays.com\/es\/wp-json\/wp\/v2\/tags?post=108110"}],"curies":[{"name":"wp","href":"https:\/\/api.w.org\/{rel}","templated":true}]}}