{"id":108131,"date":"2025-09-11T16:15:11","date_gmt":"2025-09-11T16:15:11","guid":{"rendered":"https:\/\/www.europesays.com\/es\/108131\/"},"modified":"2025-09-11T16:15:11","modified_gmt":"2025-09-11T16:15:11","slug":"de-momento-no-tengo-un-rival-en-mente","status":"publish","type":"post","link":"https:\/\/www.europesays.com\/es\/108131\/","title":{"rendered":"De momento no tengo un rival en mente"},"content":{"rendered":"<p data-mrf-recirculation=\"Links P\u00e1rrafos\" class=\"ue-c-article__paragraph paragraph ue-c-article--first-letter-highlighted\">El Teatro Amaya -Madrid- se visti\u00f3 de gala para acoger la rueda de prensa de <strong>WOW 22<\/strong>, que se disputar\u00e1 este s\u00e1bado 13 de septiembre en el<strong> Madrid Arena<\/strong>. En dicho evento estar\u00e1 en juego un nuevo cintur\u00f3n en la promotora, el de <strong>peso semipesado.<\/strong>\u00a0Enoc Solves y Darwin Rodr\u00edguez ser\u00e1 los encargados de disput\u00e1rselo. Ambos, junto al resto de <strong>protagonistas<\/strong> de la cartelera estelar acudieron a una rueda de prensa en la que<strong> Ilia Topuria <\/strong>estuvo presente como anfitri\u00f3n. &#8216;El Matador&#8217; fue el encargado de <strong>controlar los careos<\/strong>, y adem\u00e1s respondi\u00f3 a varias preguntas sobre su <strong>futuro.<\/strong><\/p>\n<p data-mrf-recirculation=\"Links P\u00e1rrafos\" class=\"ue-c-article__paragraph paragraph\"><strong><a href=\"https:\/\/www.entradas.com\/event\/wow-22-madrid-arena-casa-de-campo-20345525\/\" rel=\"nofollow noopener\" target=\"_blank\">CONSIGUE DESCUENTO EN LA COMPRA DE ENTRADAS PARA WOW 22 CON EL C\u00d3DIGO &#8216;MARCA22&#8217;<\/a><\/strong><\/p>\n<p data-mrf-recirculation=\"Links P\u00e1rrafos\" class=\"ue-c-article__paragraph paragraph\">La primera y <strong>principal duda <\/strong>gira en torno a cu\u00e1ndo volver\u00e1 a subirse al oct\u00e1gono. En su \u00faltima aparici\u00f3n -UFC 317- <strong>noque\u00f3<\/strong> a Charles Oliveira y se convirti\u00f3 en el primer <strong>doble campe\u00f3n invicto<\/strong> de la historia de la UFC. Su siguiente paso ser\u00e1 <strong>defender <\/strong>por primera vez el cintur\u00f3n de peso ligero, aunque su pr\u00f3ximo rival sigue siendo una<strong> inc\u00f3gnita.<\/strong><\/p>\n<blockquote class=\"ue-c-article__blockquote\">\n<p>Todav\u00eda no tengo ni idea de cu\u00e1ndo volver\u00e9 a pelear<\/p>\n<p>Ilia Topuria, en la rueda de prensa de WOW 22<\/p><\/blockquote>\n<p data-mrf-recirculation=\"Links P\u00e1rrafos\" class=\"ue-c-article__paragraph paragraph\">\u00abTodav\u00eda no tengo<strong> ni idea <\/strong>de cu\u00e1ndo volver\u00e9 a pelear, la verdad. Estamos en ello, estamos en medio de las <strong>negociaciones,<\/strong> ajustando el calendario del a\u00f1o que queda y del <strong>pr\u00f3ximo a\u00f1o<\/strong>. No puedo dar una respuesta todav\u00eda\u00bb, afirmaba en rueda de prensa. Al ser preguntado por su <strong>siguiente oponente<\/strong>, la respuesta fue igual de enigm\u00e1tica. \u00abDe momento <strong>no tengo rival <\/strong>en mente\u00bb. <strong>Paddy Pimblett<\/strong>, Justin Gaethje, Arman Tsarukyan&#8230; Todo est\u00e1 en el aire.<\/p>\n<p data-mrf-recirculation=\"Links P\u00e1rrafos\" class=\"ue-c-article__paragraph paragraph\">Adem\u00e1s, &#8216;El Matador&#8217; volvi\u00f3 a dar <strong>esperanzas<\/strong> a sus fan\u00e1ticos al reconocer que el tan ansiado <strong>UFC Espa\u00f1a<\/strong> est\u00e1 cada vez m\u00e1s cerca. \u00abCada d\u00eda es <strong>m\u00e1s probable<\/strong> que venga la UFC a Espa\u00f1a. Estamos sumando <strong>muchos peleadores<\/strong>\u00a0a la compa\u00f1\u00eda. Tenemos a mi hermano, a Joel, a Dani B\u00e1rez, pr\u00f3ximamente a <strong>Hecher Sosa.<\/strong>.. Espero que alguno de ellos tambi\u00e9n tenga la <strong>oportunidad <\/strong>de estar en ese evento para que sea hist\u00f3rico. No hay ninguna duda de que en alg\u00fan punto<strong> va a suceder<\/strong>\u00ab, sentenci\u00f3.<\/p>\n<p><img decoding=\"async\" width=\"1080\" height=\"1350\" class=\"ue-c-article__image lazyload\" alt=\"Cartelera de WOW 22.\" loading=\"lazy\" src=\"https:\/\/www.europesays.com\/es\/wp-content\/uploads\/2025\/09\/68c07d20e8dc5.jpeg\"\/><\/p>\n<p>Cartelera de WOW 22.WOW FC.<\/p>\n<p>Una cartelera hist\u00f3rica<\/p>\n<p data-mrf-recirculation=\"Links P\u00e1rrafos\" class=\"ue-c-article__paragraph paragraph\">El WOW 22 contar\u00e1 con <strong>combates de lujo.<\/strong> La segunda pelea pofesional de <strong>Antonio Fofirca<\/strong>, el combate entre Andrea Meneses vs Hayley Valentine, el regreso de <strong>Miguel \u00c1ngel &#8216;Colombo&#8217;<\/strong> tras su primera derrota profesional&#8230; Sin embargo, el de Enoc y Darwin acapara todas las portadas. No solo por el <strong>cintur\u00f3n<\/strong> en juego, sino por lo que ha costado durante a\u00f1os que esta pelea se lleve a cabo. Finalmente,<strong> WOW lo ha hecho posible.<\/strong><\/p>\n<blockquote class=\"ue-c-article__blockquote\">\n<p>Yo no hab\u00eda dado mis primeros pasos como peleador y ya estaba viendo los combates de Enoc<\/p>\n<p>Ilia Topuria, en la rueda de prensa de WOW 22<\/p><\/blockquote>\n<p data-mrf-recirculation=\"Links P\u00e1rrafos\" class=\"ue-c-article__paragraph paragraph\">\u00abEn esta cartelera tenemos una de las peleas <strong>m\u00e1s esperadas <\/strong>en las MMA de nuestro pa\u00eds. Enoc y Darwin llevan <strong>muchos a\u00f1os <\/strong>en este deporte. Yo no hab\u00eda dado mis<strong> primeros pasos<\/strong> como peleador y ya estaba viendo los combates de Enoc\u00bb, reconoc\u00eda Topuria. <strong>Darwin Rodr\u00edguez<\/strong>, por su parte, est\u00e1 a las puertas de la <strong>UFC,<\/strong> aunque quiere ir paso a paso. \u00abAhora pienso en el cintur\u00f3n de WOW, que hay que darle la<strong> importancia<\/strong> que tiene. La apuesta que ha hecho WOW para que este combate suceda es <strong>enorme<\/strong>. Despu\u00e9s de ganar espero <strong>dar el salto<\/strong> a la UFC\u00bb.<\/p>\n<p data-mrf-recirculation=\"Links P\u00e1rrafos\" class=\"ue-c-article__paragraph paragraph\">Enoc, que acudi\u00f3 al recinto acompa\u00f1ado de su inseparable amigo <strong>Dani B\u00e1rez &#8211;<\/strong>peleador de UFC y compa\u00f1ero de entrenamiento-,recalc\u00f3 que la edad es solo un <strong>n\u00famero<\/strong>. \u00abPara los m\u00e1s veteranos esto es incre\u00edble. Con <strong>41 a\u00f1os<\/strong>, estar peleando por un t\u00edtulo de WOW, para m\u00ed es un<strong> regalo.<\/strong> Lo siento por Darwin, que es una <strong>bell\u00edsima persona<\/strong>, pero mi \u00fanica derrota en los \u00faltimos ocho a\u00f1os fue contra un <strong>campe\u00f3n del mundo,<\/strong> que me avisaron a falta de 10 d\u00edas en <strong>Rusia.<\/strong> No creo que pierda esta pelea, va a ser una alegr\u00eda y <strong>un t\u00edtulo m\u00e1s<\/strong> para casa\u00bb.<\/p>\n<p>El plan de WOW<\/p>\n<p data-mrf-recirculation=\"Links P\u00e1rrafos\" class=\"ue-c-article__paragraph paragraph\">Hay que destacar la gran cantidad de <strong>p\u00fablico<\/strong> presente en el Teatro Amaya, lo que es otra prueba m\u00e1s del incre\u00edble<strong> crecimiento<\/strong> que est\u00e1 sufriendo WOW. De hecho, algunos fan\u00e1ticos pudieron realizar <strong>preguntas<\/strong> al propio Topuria, protagonizando grandes momentos que<strong> dieron color<\/strong> al \u00faltimo evento p\u00fablico de la promotora antes del s\u00e1bado.<\/p>\n<blockquote class=\"ue-c-article__blockquote\">\n<p>Queremos ir a Francia, a Reino Unido, incluso a M\u00e9xico fuera de Europa&#8230;<\/p>\n<p>Ilia Topuria, en la rueda de prensa de WOW 22<\/p><\/blockquote>\n<p data-mrf-recirculation=\"Links P\u00e1rrafos\" class=\"ue-c-article__paragraph paragraph\">El<strong> plan<\/strong> de la compa\u00f1\u00eda es claro, como confirm\u00f3 Ilia.<strong> Crecer<\/strong>, y llegar cada d\u00eda a m\u00e1s gente. \u00abTenemos un plan de<strong> expansi\u00f3n,<\/strong> y queremos llevar WOW a <strong>diferentes territorios<\/strong> de Europa. Queremos ir a Francia, a Reino Unido, incluso a <strong>M\u00e9xico<\/strong> fuera de Europa&#8230; Esperamos tener noticias sobre eso <strong>pronto<\/strong>\u00ab, finaliz\u00f3. WOW y las MMA espa\u00f1olas est\u00e1n viviendo una <strong>\u00e9poca hist\u00f3rica<\/strong>, que vivir\u00e1 un nuevo episodio en el Madrid Arena.<\/p>\n","protected":false},"excerpt":{"rendered":"El Teatro Amaya -Madrid- se visti\u00f3 de gala para acoger la rueda de prensa de WOW 22, que&hellip;\n","protected":false},"author":2,"featured_media":108132,"comment_status":"","ping_status":"","sticky":false,"template":"","format":"standard","meta":{"footnotes":""},"categories":[276],"tags":[168,25,24,23,167,343],"class_list":{"0":"post-108131","1":"post","2":"type-post","3":"status-publish","4":"format-standard","5":"has-post-thumbnail","7":"category-ufc","8":"tag-deportes","9":"tag-es","10":"tag-espana","11":"tag-spain","12":"tag-sports","13":"tag-ufc"},"share_on_mastodon":{"url":"","error":""},"_links":{"self":[{"href":"https:\/\/www.europesays.com\/es\/wp-json\/wp\/v2\/posts\/108131","targetHints":{"allow":["GET"]}}],"collection":[{"href":"https:\/\/www.europesays.com\/es\/wp-json\/wp\/v2\/posts"}],"about":[{"href":"https:\/\/www.europesays.com\/es\/wp-json\/wp\/v2\/types\/post"}],"author":[{"embeddable":true,"href":"https:\/\/www.europesays.com\/es\/wp-json\/wp\/v2\/users\/2"}],"replies":[{"embeddable":true,"href":"https:\/\/www.europesays.com\/es\/wp-json\/wp\/v2\/comments?post=108131"}],"version-history":[{"count":0,"href":"https:\/\/www.europesays.com\/es\/wp-json\/wp\/v2\/posts\/108131\/revisions"}],"wp:featuredmedia":[{"embeddable":true,"href":"https:\/\/www.europesays.com\/es\/wp-json\/wp\/v2\/media\/108132"}],"wp:attachment":[{"href":"https:\/\/www.europesays.com\/es\/wp-json\/wp\/v2\/media?parent=108131"}],"wp:term":[{"taxonomy":"category","embeddable":true,"href":"https:\/\/www.europesays.com\/es\/wp-json\/wp\/v2\/categories?post=108131"},{"taxonomy":"post_tag","embeddable":true,"href":"https:\/\/www.europesays.com\/es\/wp-json\/wp\/v2\/tags?post=108131"}],"curies":[{"name":"wp","href":"https:\/\/api.w.org\/{rel}","templated":true}]}}