{"id":108135,"date":"2025-09-11T16:18:09","date_gmt":"2025-09-11T16:18:09","guid":{"rendered":"https:\/\/www.europesays.com\/es\/108135\/"},"modified":"2025-09-11T16:18:09","modified_gmt":"2025-09-11T16:18:09","slug":"almeida-pone-en-aprietos-a-vingegaard-40%e2%80%b3-por-defender-en-la-bola","status":"publish","type":"post","link":"https:\/\/www.europesays.com\/es\/108135\/","title":{"rendered":"Almeida pone en aprietos a Vingegaard: 40\u2033 por defender en la Bola"},"content":{"rendered":"<p class=\"\"><a href=\"https:\/\/as.com\/ciclismo\/vuelta_espana\/la-corredores-se-protegen-pararan-las-etapas-o-incluso-la-vuelta-entera-n\/\" target=\"_self\" rel=\"nofollow noopener\" title=\"https:\/\/as.com\/ciclismo\/vuelta_espana\/la-corredores-se-protegen-pararan-las-etapas-o-incluso-la-vuelta-entera-n\/\"><b>La Vuelta sigue herida,<\/b><\/a> pero no de muerte. Toca mirar hacia adelante, no queda otra. La vida misma. Sea por que sus mejores sensaciones les han abandonado, o por falta de motivaci\u00f3n que deja el enrarecido ambiente, la ronda espa\u00f1ola llegaba a una etapa en la que los principales favoritos estar\u00edan obligados, s\u00ed o s\u00ed, a darlo todo. No sin una nueva decepci\u00f3n ante el clima de inseguridad que se respira, lo que condujo a un recorrido alternativo de una <a href=\"https:\/\/as.com\/ciclismo\/vuelta_espana\/la-crono-de-valladolid-recortada-a-12-km-para-una-mayor-proteccion-n\/\" target=\"_self\" rel=\"nofollow noopener\" title=\"https:\/\/as.com\/ciclismo\/vuelta_espana\/la-crono-de-valladolid-recortada-a-12-km-para-una-mayor-proteccion-n\/\">crono de Valladolid que apuntaba a decisiva<\/a> con sus 27 km originales y que qued\u00f3 en anecd\u00f3tica con sus 12,2 finales. Situaciones desesperadas requieren medidas desesperadas. Todos los esfuerzos est\u00e1n enfocados en llegar a Madrid, previo paso por una <b>Bola del Mundo que tras lo visto hoy deber\u00eda ser el juez definitivo<\/b> de La Vuelta. Si nadie lo impide&#8230;<\/p>\n<p class=\"\">Sobre el sinuoso y t\u00e9cnico trazado vallisoletano, <b>Joao Almeida <\/b>puso la carrera al rojo vivo<b> <\/b>de cara a la trascendental etapa del s\u00e1bado, despu\u00e9s de <b>recotarle 10 segundos a un Jonas Vingegaard<\/b> cuya versi\u00f3n es m\u00e1s terrenal con el paso de los d\u00edas. El dan\u00e9s defender\u00e1 40 segundos en las rampas imposibles de la Sierra de Guadarrama, ante un Almeida crecido que ha respondido de la mejor forma a la p\u00e9rdida de dos segundos que tuvo en el Morredero respecto al del Visma. En clave de podio, casi id\u00e9ntica renta ser\u00e1 la que defienda <b>Tom Pidcock sobre Jai Hindley, al que mejor\u00f3 por la m\u00ednima<\/b> (3\u2033) para contar con 39 segundos a su favor, que quiz\u00e1s se queden cortos en la Bola. El triunfador, tal como hiciera hace <a href=\"https:\/\/as.com\/ciclismo\/vuelta_espana\/vuelta-a-espana-2025-hoy-en-directo-etapa-18-contrarreloj-individual-valladolid-valladolid-en-vivo-online-n\/\" target=\"_self\" rel=\"nofollow noopener\" title=\"https:\/\/as.com\/ciclismo\/vuelta_espana\/vuelta-a-espana-2025-hoy-en-directo-etapa-18-contrarreloj-individual-valladolid-valladolid-en-vivo-online-n\/\"><b>dos a\u00f1os sobre este mismo escenario, fue Filippo Ganna.<\/b><\/a><\/p>\n<p class=\"\">Todos los focos apuntaban a un \u2018Top Ganna\u2019 que hasta el momento hab\u00eda pasado de puntillas en esta Vuelta. Eso s\u00ed, a la hora de la verdad, el \u2018Gigante de Verbania\u2019 no fall\u00f3. Gestion\u00f3 las fuerzas a la perfecci\u00f3n, yendo de menos a m\u00e1s para <b>pulverizar el crono en el \u00faltimo parcial. Ah\u00ed residi\u00f3 la clave de su triunfo, vuelo raso a un promedio de 56,2 km\/h<\/b> para un tiempo de 13:00. Pronto se vio que ser\u00eda imbatible, cuando hombres como Pedersen, Armirail, K\u00fcng y Vine eran m\u00e1s r\u00e1pidos que \u00e9l en el segundo punto intermedio. Especialmente dolorosa fue la llegada del australiano, que pas\u00f3 de meterle <b>9 segundos al italiano a perder uno<\/b> en l\u00ednea de meta.<\/p>\n<p>Noticias relacionadas<\/p>\n<p class=\"\">Con la resoluci\u00f3n de la etapa despejada, quedaba por ver la pugna entre los hombres de la general. Almeida iba con todo, transmitiendo unas <b>buenas sensaciones que se trasladaron al cron\u00f3metro:<\/b> mejoraba los registros de Ganna en el primer intermedio. Con un ritmo sostenido, finalmente lleg\u00f3 a meta 3\u00ba, con \u00fanicamente 8 segundos de p\u00e9rdida sobre el italiano. Vingegaard, por su parte, reflej\u00f3 m\u00e1s inseguridad, incluso <b>traz\u00f3 alguna curva con cierta imprecisi\u00f3n. <\/b>En meta, 9\u00aa plaza, con 10 segundos perdidos respecto a Almeida en un ejercicio de tan solo 12 km. La Bola dictar\u00e1 sentencia.<\/p>\n<p class=\"\"><b>\u00a1Tus opiniones importan!<\/b> Comenta en los art\u00edculos y suscr\u00edbete gratis a nuestra <a href=\"https:\/\/asfan.as.com\/newsletters\/\" target=\"_blank\" rel=\"nofollow noopener\" title=\"https:\/\/asfan.as.com\/newsletters\/\">newsletter<\/a> y a las alertas informativas en la <a href=\"https:\/\/as.com\/aplicacion-de-as-n\/\" target=\"_blank\" rel=\"nofollow noopener\" title=\"https:\/\/as.com\/aplicacion-de-as-n\/\">App<\/a> o el canal de <a href=\"https:\/\/www.whatsapp.com\/channel\/0029VaAasdA7j6g745nz9M10\" target=\"_blank\" rel=\"nofollow noopener\" title=\"https:\/\/www.whatsapp.com\/channel\/0029VaAasdA7j6g745nz9M10\">WhatsApp<\/a>. \u00bfBuscas licenciar contenido? Haz clic <a href=\"https:\/\/profesional.elpais.com\/soluciones-sindicacion?utm_medium=interno&amp;utm_source=crosslinking&amp;utm_campaign=sindicacion_as_pie_articulos\" target=\"_blank\" rel=\"nofollow noopener\" title=\"https:\/\/profesional.elpais.com\/soluciones-sindicacion?utm_medium=interno&amp;utm_source=crosslinking&amp;utm_campaign=sindicacion_as_pie_articulos\">aqu\u00ed<\/a><\/p>\n<p>\n        Etapas    <\/p>\n<ul class=\"stages\">\n<li>\n                                    <a href=\"https:\/\/as.com\/ciclismo\/vuelta_espana\/bernal-bate-a-landa-en-otro-final-recortado-por-las-manifestaciones-n\/\" rel=\"nofollow noopener\" target=\"_blank\"><br \/>\n                                    <\/a><\/p>\n<tr>\n<td>\n                                16\n                            <\/td>\n<td>\n                                                            <img decoding=\"async\" title=\"Monta\u00f1a\" loading=\"lazy\" class=\"s-inb icon\" src=\"https:\/\/as01.epimg.net\/img\/live-events\/iconset\/ciclismo\/hilly-stage.svg\" width=\"20\" height=\"20\"\/><\/p>\n<\/td>\n<td>\n<p>Poio &#8211; Mos Castro de Herville<\/p>\n<p>                                                                        <img decoding=\"async\" title=\"Colombia\" loading=\"lazy\" class=\"in-team-logo\" src=\"https:\/\/static.prisa.com\/aside\/resizer\/resize\/img\/common\/countries\/col.svg\" width=\"18\" height=\"12\" img=\"\"\/><\/p>\n<p>                                            Egan Bernal<br \/>\n                                            IGD<\/p>\n<\/td>\n<td>\n<p class=\"km\">167 Km<\/p>\n<p class=\"date\">Mar. 09-Septiembre<\/p>\n<\/td>\n<\/tr>\n<\/li>\n<li>\n                                    <a href=\"https:\/\/as.com\/ciclismo\/pellizzari-se-destapa-en-el-morredero-n\/\" rel=\"nofollow noopener\" target=\"_blank\"><br \/>\n                                    <\/a><\/p>\n<tr>\n<td>\n                                17\n                            <\/td>\n<td>\n                                                            <img decoding=\"async\" title=\"Monta\u00f1a\" loading=\"lazy\" class=\"s-inb icon\" src=\"https:\/\/as01.epimg.net\/img\/live-events\/iconset\/ciclismo\/hilly-stage.svg\" width=\"20\" height=\"20\"\/><\/p>\n<\/td>\n<td>\n<p>O Barco de Valdeorras &#8211; Alto de El Morredero<\/p>\n<p>                                                                        <img decoding=\"async\" title=\"Italia\" loading=\"lazy\" class=\"in-team-logo\" src=\"https:\/\/static.prisa.com\/aside\/resizer\/resize\/img\/common\/countries\/ita.svg\" width=\"18\" height=\"12\" img=\"\"\/><\/p>\n<p>                                            Giulio Pellizzari<br \/>\n                                            RBH<\/p>\n<\/td>\n<td>\n<p class=\"km\">143 Km<\/p>\n<p class=\"date\">Mi\u00e9. 10-Septiembre<\/p>\n<\/td>\n<\/tr>\n<\/li>\n<li>\n                                    <a href=\"https:\/\/as.com\/resultados\/ciclismo\/vuelta_espana\/2025\/directo\/regular_a_18_681b4e14073d670\/\" rel=\"nofollow noopener\" target=\"_blank\"><br \/>\n                                    <\/a><\/p>\n<tr>\n<td>\n                                18\n                            <\/td>\n<td>\n                                                            <img decoding=\"async\" title=\"Crono individual\" loading=\"lazy\" class=\"s-inb icon\" src=\"https:\/\/as01.epimg.net\/img\/live-events\/iconset\/ciclismo\/crono-stage.svg\" width=\"20\" height=\"20\"\/><\/p>\n<\/td>\n<td>\n<p>Valladolid &#8211; Valladolid<\/p>\n<p>                                                                        <img decoding=\"async\" title=\"Italia\" loading=\"lazy\" class=\"in-team-logo\" src=\"https:\/\/static.prisa.com\/aside\/resizer\/resize\/img\/common\/countries\/ita.svg\" width=\"18\" height=\"12\" img=\"\"\/><\/p>\n<p>                                            Filippo Ganna<br \/>\n                                            IGD<\/p>\n<\/td>\n<td>\n<p class=\"km\">12 Km<\/p>\n<p class=\"date\">Jue. 11-Septiembre<\/p>\n<\/td>\n<\/tr>\n<\/li>\n<li>\n<tr>\n<td>\n                                19\n                            <\/td>\n<td>\n                                                            <img decoding=\"async\" title=\"Mixta\" loading=\"lazy\" class=\"s-inb icon\" src=\"https:\/\/as01.epimg.net\/img\/live-events\/iconset\/ciclismo\/half-hilly-stage.svg\" width=\"20\" height=\"20\"\/><\/p>\n<\/td>\n<td>\n<p>Rueda &#8211; Guijuelo<\/p>\n<\/td>\n<td>\n<p class=\"km\">161 Km<\/p>\n<p class=\"date\">Vie. 12-Septiembre<\/p>\n<\/td>\n<\/tr>\n<\/li>\n<li>\n<tr>\n<td>\n                                20\n                            <\/td>\n<td>\n                                                            <img decoding=\"async\" title=\"Monta\u00f1a\" loading=\"lazy\" class=\"s-inb icon\" src=\"https:\/\/as01.epimg.net\/img\/live-events\/iconset\/ciclismo\/hilly-stage.svg\" width=\"20\" height=\"20\"\/><\/p>\n<\/td>\n<td>\n<p>Robledo de Chavela &#8211; Bola del Mundo. Navacerrada<\/p>\n<\/td>\n<td>\n<p class=\"km\">165 Km<\/p>\n<p class=\"date\">S\u00e1b. 13-Septiembre<\/p>\n<\/td>\n<\/tr>\n<\/li>\n<\/ul>\n","protected":false},"excerpt":{"rendered":"La Vuelta sigue herida, pero no de muerte. Toca mirar hacia adelante, no queda otra. La vida misma.&hellip;\n","protected":false},"author":2,"featured_media":108136,"comment_status":"","ping_status":"","sticky":false,"template":"","format":"standard","meta":{"footnotes":""},"categories":[273],"tags":[313,312,168,25,24,23,167],"class_list":{"0":"post-108135","1":"post","2":"type-post","3":"status-publish","4":"format-standard","5":"has-post-thumbnail","7":"category-ciclismo","8":"tag-ciclismo","9":"tag-cycling","10":"tag-deportes","11":"tag-es","12":"tag-espana","13":"tag-spain","14":"tag-sports"},"share_on_mastodon":{"url":"","error":""},"_links":{"self":[{"href":"https:\/\/www.europesays.com\/es\/wp-json\/wp\/v2\/posts\/108135","targetHints":{"allow":["GET"]}}],"collection":[{"href":"https:\/\/www.europesays.com\/es\/wp-json\/wp\/v2\/posts"}],"about":[{"href":"https:\/\/www.europesays.com\/es\/wp-json\/wp\/v2\/types\/post"}],"author":[{"embeddable":true,"href":"https:\/\/www.europesays.com\/es\/wp-json\/wp\/v2\/users\/2"}],"replies":[{"embeddable":true,"href":"https:\/\/www.europesays.com\/es\/wp-json\/wp\/v2\/comments?post=108135"}],"version-history":[{"count":0,"href":"https:\/\/www.europesays.com\/es\/wp-json\/wp\/v2\/posts\/108135\/revisions"}],"wp:featuredmedia":[{"embeddable":true,"href":"https:\/\/www.europesays.com\/es\/wp-json\/wp\/v2\/media\/108136"}],"wp:attachment":[{"href":"https:\/\/www.europesays.com\/es\/wp-json\/wp\/v2\/media?parent=108135"}],"wp:term":[{"taxonomy":"category","embeddable":true,"href":"https:\/\/www.europesays.com\/es\/wp-json\/wp\/v2\/categories?post=108135"},{"taxonomy":"post_tag","embeddable":true,"href":"https:\/\/www.europesays.com\/es\/wp-json\/wp\/v2\/tags?post=108135"}],"curies":[{"name":"wp","href":"https:\/\/api.w.org\/{rel}","templated":true}]}}