{"id":108140,"date":"2025-09-11T16:21:10","date_gmt":"2025-09-11T16:21:10","guid":{"rendered":"https:\/\/www.europesays.com\/es\/108140\/"},"modified":"2025-09-11T16:21:10","modified_gmt":"2025-09-11T16:21:10","slug":"el-granada-mantiene-abierto-el-contacto-con-el-rubin-kazan-por-hongla","status":"publish","type":"post","link":"https:\/\/www.europesays.com\/es\/108140\/","title":{"rendered":"El Granada mantiene abierto el contacto con el Rubin Kaz\u00e1n por Hongla"},"content":{"rendered":"<p>Granada y Rubin Kaz\u00e1n mantienen contactos abiertos por Martin Hongla, centrocampista rojiblanco que apunta a salir. Pese a que el cierre del mercado estival en  &#8230; Espa\u00f1a tuvo lugar la semana pasada, otras ligas como la rusa a\u00fan mantienen operativo el plazo. Concretamente, hasta esta medianoche. Por tanto, las pr\u00f3ximas horas resultar\u00e1n claves de cara a resolver la operaci\u00f3n con todo por decidir.<\/p>\n<p class=\"v-p\">Seg\u00fan pudo conocer IDEAL, el conjunto rojiblanco supo del inter\u00e9s formal del cuadro situado en Rusia por el mediocentro camerun\u00e9s, una situaci\u00f3n que avanzaron medios de dicho pa\u00eds. Ambos clubes se encuentran en conversaciones al respecto. Alfredo Garc\u00eda Amado, director general del Granada, afirm\u00f3 durante su \u00faltima comparecencia ante los medios de comunicaci\u00f3n que la entidad barajaba todos los escenarios posibles con Hongla, ya que \u00aba\u00fan quedan mercados abiertos. Si llegan ofertas por \u00e9l, las valoraremos\u00bb.<\/p>\n<p class=\"v-p\">El futbolista estaba llamado a incorporarse a la din\u00e1mica nazar\u00ed este jueves tras regresar de la concentraci\u00f3n con su selecci\u00f3n, a ra\u00edz de la cual se perdi\u00f3 el derbi ante el M\u00e1laga del pasado s\u00e1bado. Hongla ha estado en la rampa de salida del club durante todo el verano y cont\u00f3 con el inter\u00e9s del Aris de Sal\u00f3nica griego, que pretendi\u00f3 su fichaje sin \u00e9xito en varios momentos. Los problemas de visado de su familia, as\u00ed como sus ganas de continuar en Espa\u00f1a, tumbaron tal movimiento. Ahora, la perspectiva cambia al querer asegurar minutos para mantenerse titular en su selecci\u00f3n, que disputar\u00e1 la Copa Africana de Naciones en diciembre.<\/p>\n","protected":false},"excerpt":{"rendered":"Granada y Rubin Kaz\u00e1n mantienen contactos abiertos por Martin Hongla, centrocampista rojiblanco que apunta a salir. Pese a&hellip;\n","protected":false},"author":2,"featured_media":108141,"comment_status":"","ping_status":"","sticky":false,"template":"","format":"standard","meta":{"footnotes":""},"categories":[268],"tags":[1046,20170,168,25,24,280,282,494,12957,37277,5968,37276,281,23,167],"class_list":{"0":"post-108140","1":"post","2":"type-post","3":"status-publish","4":"format-standard","5":"has-post-thumbnail","7":"category-futbol","8":"tag-abierto","9":"tag-contacto","10":"tag-deportes","11":"tag-es","12":"tag-espana","13":"tag-football","14":"tag-futbol","15":"tag-granada","16":"tag-hongla","17":"tag-kazan","18":"tag-mantiene","19":"tag-rubin","20":"tag-soccer","21":"tag-spain","22":"tag-sports"},"share_on_mastodon":{"url":"","error":""},"_links":{"self":[{"href":"https:\/\/www.europesays.com\/es\/wp-json\/wp\/v2\/posts\/108140","targetHints":{"allow":["GET"]}}],"collection":[{"href":"https:\/\/www.europesays.com\/es\/wp-json\/wp\/v2\/posts"}],"about":[{"href":"https:\/\/www.europesays.com\/es\/wp-json\/wp\/v2\/types\/post"}],"author":[{"embeddable":true,"href":"https:\/\/www.europesays.com\/es\/wp-json\/wp\/v2\/users\/2"}],"replies":[{"embeddable":true,"href":"https:\/\/www.europesays.com\/es\/wp-json\/wp\/v2\/comments?post=108140"}],"version-history":[{"count":0,"href":"https:\/\/www.europesays.com\/es\/wp-json\/wp\/v2\/posts\/108140\/revisions"}],"wp:featuredmedia":[{"embeddable":true,"href":"https:\/\/www.europesays.com\/es\/wp-json\/wp\/v2\/media\/108141"}],"wp:attachment":[{"href":"https:\/\/www.europesays.com\/es\/wp-json\/wp\/v2\/media?parent=108140"}],"wp:term":[{"taxonomy":"category","embeddable":true,"href":"https:\/\/www.europesays.com\/es\/wp-json\/wp\/v2\/categories?post=108140"},{"taxonomy":"post_tag","embeddable":true,"href":"https:\/\/www.europesays.com\/es\/wp-json\/wp\/v2\/tags?post=108140"}],"curies":[{"name":"wp","href":"https:\/\/api.w.org\/{rel}","templated":true}]}}