{"id":108144,"date":"2025-09-11T16:23:14","date_gmt":"2025-09-11T16:23:14","guid":{"rendered":"https:\/\/www.europesays.com\/es\/108144\/"},"modified":"2025-09-11T16:23:14","modified_gmt":"2025-09-11T16:23:14","slug":"escaleras-de-cemento-descubre-10-propuestas-para-entender-por-que-estan-tan-de-moda-y-como-integrarlas-con-estilo","status":"publish","type":"post","link":"https:\/\/www.europesays.com\/es\/108144\/","title":{"rendered":"Escaleras de cemento: descubre 10 propuestas para entender por qu\u00e9 est\u00e1n tan de moda (y c\u00f3mo integrarlas con estilo)"},"content":{"rendered":"<p><strong>Las <a href=\"https:\/\/www.revistaad.es\/tags\/escaleras\" isautogenerated=\"true\" rel=\"nofollow noopener\" target=\"_blank\">escaleras<\/a> de cemento tienen una historia fascinante, as\u00ed que no es de extra\u00f1ar que sea el \u00faltimo objeto de deseo en las <a href=\"https:\/\/www.revistaad.es\/tags\/reformas\" isautogenerated=\"true\" rel=\"nofollow noopener\" target=\"_blank\">reformas<\/a> de casas.<\/strong><\/p>\n<p>De ser elementos utilitarios de f\u00e1bricas y edificios p\u00fablicos en el <a href=\"https:\/\/www.revistaad.es\/tags\/siglo-xx\" isautogenerated=\"true\" rel=\"nofollow noopener\" target=\"_blank\">siglo XX<\/a> a convertirse en aut\u00e9nticas <strong>piezas escult\u00f3ricas que definen el alma de una casa contempor\u00e1nea<\/strong>. El poder de las <a href=\"https:\/\/www.revistaad.es\/galerias\/escaleras-alucinantes-casas-ad\" rel=\"nofollow noopener\" target=\"_blank\">escaleras<\/a> de cemento radica en la paradoja: un material rudo y pesado que, en manos de <a href=\"https:\/\/www.revistaad.es\/tags\/arquitectos\" isautogenerated=\"true\" rel=\"nofollow noopener\" target=\"_blank\">arquitectos<\/a> visionarios, se transforma en formas ligeras, po\u00e9ticas y sorprendentes. Desde los <a href=\"https:\/\/www.revistaad.es\/tags\/anos-50\" isautogenerated=\"true\" rel=\"nofollow noopener\" target=\"_blank\">a\u00f1os 50<\/a>, con el <strong><a href=\"https:\/\/www.revistaad.es\/tags\/brutalismo\" isautogenerated=\"true\" rel=\"nofollow noopener\" target=\"_blank\">brutalismo<\/a> de <a href=\"https:\/\/www.revistaad.es\/tags\/le-corbusier\" rel=\"nofollow noopener\" target=\"_blank\">Le Corbusier<\/a><\/strong> y las visiones de <strong><a href=\"https:\/\/www.revistaad.es\/articulos\/por-que-tadao-ando-es-el-arquitecto-favorito-de-hollywood\" rel=\"nofollow noopener\" target=\"_blank\">Tadao Ando<\/a> en Jap\u00f3n<\/strong>, el cemento se consolid\u00f3 como la materia prima de quienes buscaban transmitir honestidad, fuerza y permanencia.<\/p>\n<p>Hoy, hablar de <strong>dise\u00f1os de escaleras de cemento es abrir un cat\u00e1logo de posibilidades infinitas:<\/strong> desde trazos minimalistas que flotan como cintas suspendidas hasta piezas monumentales que parecen <a href=\"https:\/\/www.revistaad.es\/arquitectura\/galerias\/esta-vivienda-en-el-ampurdan-ha-sido-concebida-como-un-templo\" rel=\"nofollow noopener\" target=\"_blank\">templos<\/a> dom\u00e9sticos. <strong>Estas estructuras se convierten en protagonistas silenciosas<\/strong>, marcando recorridos, generando atm\u00f3sferas y dialogando con la <a href=\"https:\/\/www.revistaad.es\/decoracion\/branded\/articulos\/newgarden-el-secreto-del-mejor-anfitrion\" rel=\"nofollow noopener\" target=\"_blank\">luz<\/a>. El resultado no es solo funcionalidad: es car\u00e1cter, teatralidad y, sobre todo, estilo.<\/p>\n<p><strong>1. Transparencia luminosa<\/strong><\/p>\n<p>Este tipo de escaleras convierte la claridad en la protagonista absoluta del espacio.<\/p>\n<p>\u00a9 Sam Frost \/ Estilismo de Lisa Rowe<\/p>\n<p>En este ejemplo, el cemento se viste de blanco y se al\u00eda con una barandilla de vidrio y acero, demostrando que las escaleras modernas tambi\u00e9n pueden transmitir ligereza. La geometr\u00eda recta contrasta con la transparencia del ventanal que va de suelo a techo, creando un efecto esc\u00e9nico donde cada pelda\u00f1o parece ascender hacia la luz. Esta composici\u00f3n conecta con los c\u00f3digos del <strong>estilo moderno californiano de mediados del siglo XX<\/strong>, donde <a href=\"https:\/\/www.revistaad.es\/diseno\/iconos\/articulos\/richard-neutra-biografia\/18862\" rel=\"nofollow noopener\" target=\"_blank\">Richard Neutra<\/a> exploraba la idea de vivir entre el interior y el exterior sin barreras visuales.<\/p>\n<p><strong>2. Org\u00e1nico y artesanal<\/strong><\/p>\n<p>El cemento se suaviza con un gesto artesanal gracias a la barandilla de hierro forjado.<\/p>\n<p>\u00a9 Sam Frost \/ Arte de Lou Castillo<\/p>\n","protected":false},"excerpt":{"rendered":"Las escaleras de cemento tienen una historia fascinante, as\u00ed que no es de extra\u00f1ar que sea el \u00faltimo&hellip;\n","protected":false},"author":2,"featured_media":108145,"comment_status":"","ping_status":"","sticky":false,"template":"","format":"standard","meta":{"footnotes":""},"categories":[173],"tags":[3830,229,233,231,230,8372,232,33065,234,146,147,25,24,23,28577,13721],"class_list":{"0":"post-108144","1":"post","2":"type-post","3":"status-publish","4":"format-standard","5":"has-post-thumbnail","7":"category-arte-y-diseno","8":"tag-alerta","9":"tag-arte","10":"tag-arte-y-diseno","11":"tag-arts","12":"tag-arts-and-design","13":"tag-decoracion","14":"tag-design","15":"tag-digital_syndication","16":"tag-diseno","17":"tag-entertainment","18":"tag-entretenimiento","19":"tag-es","20":"tag-espana","21":"tag-spain","22":"tag-tendencia","23":"tag-textabovecentergridwidth"},"share_on_mastodon":{"url":"","error":""},"_links":{"self":[{"href":"https:\/\/www.europesays.com\/es\/wp-json\/wp\/v2\/posts\/108144","targetHints":{"allow":["GET"]}}],"collection":[{"href":"https:\/\/www.europesays.com\/es\/wp-json\/wp\/v2\/posts"}],"about":[{"href":"https:\/\/www.europesays.com\/es\/wp-json\/wp\/v2\/types\/post"}],"author":[{"embeddable":true,"href":"https:\/\/www.europesays.com\/es\/wp-json\/wp\/v2\/users\/2"}],"replies":[{"embeddable":true,"href":"https:\/\/www.europesays.com\/es\/wp-json\/wp\/v2\/comments?post=108144"}],"version-history":[{"count":0,"href":"https:\/\/www.europesays.com\/es\/wp-json\/wp\/v2\/posts\/108144\/revisions"}],"wp:featuredmedia":[{"embeddable":true,"href":"https:\/\/www.europesays.com\/es\/wp-json\/wp\/v2\/media\/108145"}],"wp:attachment":[{"href":"https:\/\/www.europesays.com\/es\/wp-json\/wp\/v2\/media?parent=108144"}],"wp:term":[{"taxonomy":"category","embeddable":true,"href":"https:\/\/www.europesays.com\/es\/wp-json\/wp\/v2\/categories?post=108144"},{"taxonomy":"post_tag","embeddable":true,"href":"https:\/\/www.europesays.com\/es\/wp-json\/wp\/v2\/tags?post=108144"}],"curies":[{"name":"wp","href":"https:\/\/api.w.org\/{rel}","templated":true}]}}