{"id":108148,"date":"2025-09-11T16:25:08","date_gmt":"2025-09-11T16:25:08","guid":{"rendered":"https:\/\/www.europesays.com\/es\/108148\/"},"modified":"2025-09-11T16:25:08","modified_gmt":"2025-09-11T16:25:08","slug":"esto-es-lo-que-paso-realmente-la-unica-verdad","status":"publish","type":"post","link":"https:\/\/www.europesays.com\/es\/108148\/","title":{"rendered":"\u00abEsto es lo que pas\u00f3 realmente, la \u00fanica verdad\u00bb"},"content":{"rendered":"<p class=\"voc-p\" style=\"\">A r\u00edo revuelto, ganancia de pescadores. Eso ha de pensar <strong>Alessandro Lecquio<\/strong>, que lleva desde este lunes, cuando <strong>Mar Flores<\/strong> concedi\u00f3 una entrevista a &#8216;<strong>El Hormiguero<\/strong>&#8216; (Antena 3) en relaci\u00f3n a la publicaci\u00f3n de sus memorias, &#8216;Mar en calma&#8217;, hablando sobre lo que la modelo cuenta en el libro. \u00c9l, por ser uno de los principales aludidos, ha pasado por varios programas de Mediaset para desmontar la historia de Mar y ha aprovechado que Joaqu\u00edn Prat va camino de convertirse en &#8216;el rey de las tardes&#8217; en Telecinco para conceder una entrevista en exclusiva bajo una premisa clara: \u00abVoy a contar toda la verdad, la \u00fanica verdad, que esto es lo que pas\u00f3 realmente\u00bb.<\/p>\n<p class=\"voc-p\" style=\"\">Seg\u00fan \u00e9l, cuando comenz\u00f3 la relaci\u00f3n con Mar Flores, \u00e9l era el \u00fanico soltero, \u00aby con eso lo digo todo\u00bb. \u00abEsta mujer tiene una imaginaci\u00f3n tan activa, de verdad. Es ficci\u00f3n pura y dura lo que cuenta ella. Era una <strong>mujer joven y guapa<\/strong> que con su belleza consigui\u00f3 labrarse una profesi\u00f3n\u00bb. \u00abDada la coyuntura y los c\u00edrculos en los que se mov\u00eda, conoci\u00f3 a un hombre maduro, muy poderoso e inmensamente rico \u2013<strong>Fernando Fern\u00e1ndez Tapias<\/strong>\u2013, que se enamor\u00f3 o se encaprich\u00f3 de ella. Entonces aparec\u00ed yo\u2026\u00bb, ha relatado Alessandro Lecquio. <\/p>\n<p class=\"voc-p\" style=\"\">Sobre sus sentimientos, \u00e9l ha confesado que se enamor\u00f3 de la modelo y ella se vio en un tri\u00e1ngulo amoroso: \u00abLe gustaban los recursos econ\u00f3micos del hombre maduro y las cualidades del hombre joven y con otras circunstancias, sin un duro, como era mi caso\u00bb. \u00c9l, Lecquio, quer\u00eda que Mar terminara con Fern\u00e1ndez Tapias y de ah\u00ed ide\u00f3 las fotos de la discordia, sobre la que Flores ha dado una versi\u00f3n muy diferente a Alessandro Lecquio. El <strong>colaborador de Telecinco<\/strong> ha explicado que fue una encerrona que \u00e9l hizo a ella para conseguir que terminara con su pareja. Trataron de vender las <strong>fotos<\/strong> a &#8216;Hola&#8217; y finalmente acabaron en &#8216;<strong>Diez minutos<\/strong>&#8216;, \u00aba la que se vendieron por cinco millones de euros. <\/p>\n<p class=\"voc-p\" style=\"\">Una vez se publicaron, se produjo la ruptura de <strong>Mar y Fern\u00e1ndez Tapias<\/strong> y \u00abella desapareci\u00f3 cuando le di su parte del dinero, cantidad que me reclam\u00f3\u00bb. Alessandro Lecquio ha dado algunos detalles desconocidos de lo ocurrido y de sus relaciones amorosas, como es el hecho de que vivi\u00f3 un romance breve pero intenso con Sof\u00eda Mazagatos. <\/p>\n<p class=\"voc-p\" style=\"\">El tertuliano ha terminado hablando de forma rotunda, tratando de zanjar el tema. \u00abEl gran amor de mi vida es mi mujer, no <strong>Mar Flores<\/strong>. Y cuando esta mujer o cualquier persona dice &#8216;esta es mi verdad&#8217; ya sabes que te est\u00e1 enga\u00f1ando, que te va a contar una milonga, porque verdad hay una\u00bb. Se ha mostrado feliz con su presente, con una familia maravillosa y una hija estupenda\u00bb.<\/p>\n<p>Reportar un error<\/p>\n","protected":false},"excerpt":{"rendered":"A r\u00edo revuelto, ganancia de pescadores. Eso ha de pensar Alessandro Lecquio, que lleva desde este lunes, cuando&hellip;\n","protected":false},"author":2,"featured_media":108149,"comment_status":"","ping_status":"","sticky":false,"template":"","format":"standard","meta":{"footnotes":""},"categories":[171],"tags":[15651,37278,2912,24886,146,147,25,24,9646,15652,195,4191,17360,23,214,3001,24195],"class_list":{"0":"post-108148","1":"post","2":"type-post","3":"status-publish","4":"format-standard","5":"has-post-thumbnail","7":"category-tv","8":"tag-alessandro","9":"tag-contando","10":"tag-desmonta","11":"tag-detalle","12":"tag-entertainment","13":"tag-entretenimiento","14":"tag-es","15":"tag-espana","16":"tag-flores","17":"tag-lecquio","18":"tag-mar","19":"tag-paso","20":"tag-realmente","21":"tag-spain","22":"tag-tv","23":"tag-unica","24":"tag-verdad"},"share_on_mastodon":{"url":"","error":""},"_links":{"self":[{"href":"https:\/\/www.europesays.com\/es\/wp-json\/wp\/v2\/posts\/108148","targetHints":{"allow":["GET"]}}],"collection":[{"href":"https:\/\/www.europesays.com\/es\/wp-json\/wp\/v2\/posts"}],"about":[{"href":"https:\/\/www.europesays.com\/es\/wp-json\/wp\/v2\/types\/post"}],"author":[{"embeddable":true,"href":"https:\/\/www.europesays.com\/es\/wp-json\/wp\/v2\/users\/2"}],"replies":[{"embeddable":true,"href":"https:\/\/www.europesays.com\/es\/wp-json\/wp\/v2\/comments?post=108148"}],"version-history":[{"count":0,"href":"https:\/\/www.europesays.com\/es\/wp-json\/wp\/v2\/posts\/108148\/revisions"}],"wp:featuredmedia":[{"embeddable":true,"href":"https:\/\/www.europesays.com\/es\/wp-json\/wp\/v2\/media\/108149"}],"wp:attachment":[{"href":"https:\/\/www.europesays.com\/es\/wp-json\/wp\/v2\/media?parent=108148"}],"wp:term":[{"taxonomy":"category","embeddable":true,"href":"https:\/\/www.europesays.com\/es\/wp-json\/wp\/v2\/categories?post=108148"},{"taxonomy":"post_tag","embeddable":true,"href":"https:\/\/www.europesays.com\/es\/wp-json\/wp\/v2\/tags?post=108148"}],"curies":[{"name":"wp","href":"https:\/\/api.w.org\/{rel}","templated":true}]}}