{"id":10815,"date":"2025-07-29T03:59:11","date_gmt":"2025-07-29T03:59:11","guid":{"rendered":"https:\/\/www.europesays.com\/es\/10815\/"},"modified":"2025-07-29T03:59:11","modified_gmt":"2025-07-29T03:59:11","slug":"stymeir-snaer-thrastarson-nuevo-fichaje-del-caja-rural-cb-zamora","status":"publish","type":"post","link":"https:\/\/www.europesays.com\/es\/10815\/","title":{"rendered":"Stymeir Snaer \u00derastarson, nuevo fichaje del Caja Rural CB Zamora"},"content":{"rendered":"<p class=\"ft-text\"><strong>Styrmir Snaer \u00derastarson<\/strong> se ha convertido este lunes en nuevo jugador del <strong>Caja Rural CB Zamora<\/strong>. Un jugador que llega con la vitola de internacional por su pa\u00eds, Islandia, y una prometedora carrera por delante.<\/p>\n<p class=\"ft-text\">Nacido en 2001, el nuevo jugador del conjunto de Saulo Hern\u00e1ndez es un alero de 201 cent\u00edmetros capaz de desempe\u00f1ar funciones de ala p\u00edvot. Una versatilidad que ha puesto al servicio del<strong> Belfius Mons-Hainaut <\/strong>de la<strong> Liga BNXT (B\u00e9lgica y Pa\u00edses Bajos)<\/strong>, en las \u00faltimas dos temporadas y que le permiti\u00f3 proclamarse campe\u00f3n nacional en Islandia con la<strong> \u00darvalsdeild en 2021.<\/strong><\/p>\n<p class=\"ft-text\">\u00abDesde muy joven ha reunido experiencias poco habituales: debut profesional en Islandia<strong>, t\u00edtulos con \u00de\u00f3r \u00deorl\u00e1ksh\u00f6fn, paso por la NCAA (Davidson College)<\/strong> y presencia continua en las convocatorias de la selecci\u00f3n Islandesa. Ese recorrido le ha dotado de un perfil completo y adaptable, capaz de actuar en ambos lados de la pista y de ajustarse a distintos roles dentro de la rotaci\u00f3n\u00bb, destacan desde el Caja Rural Zamora, convencidos de que puede aportar mucho al plantel zamorano en Primera FEB.<\/p>\n<p class=\"ft-text\">\u00derastarson cuenta con un palmar\u00e9s impresionante, habiendo sido campe\u00f3n de Islandia, joven del a\u00f1o y parte del quinteto ideal de la liga de su pa\u00eds en 2021 y habiendo acumulado ya, tanto experiencia en la NCAA con los Wilcats, como a nivel internacional con su selecci\u00f3n disputando el<strong> Mundial 2023, el Preol\u00edmpico de Turqu\u00eda y los clasificatorios del Eurobasket de 2025<\/strong>. Una joven perla que puede llegar a brillar este curso vestida de azul\u00f3n.<\/p>\n","protected":false},"excerpt":{"rendered":"Styrmir Snaer \u00derastarson se ha convertido este lunes en nuevo jugador del Caja Rural CB Zamora. Un jugador&hellip;\n","protected":false},"author":2,"featured_media":10816,"comment_status":"","ping_status":"","sticky":false,"template":"","format":"standard","meta":{"footnotes":""},"categories":[269],"tags":[299,298,2611,2610,168,25,24,557,1612,7848,524,7846,23,167,7845,7847],"class_list":{"0":"post-10815","1":"post","2":"type-post","3":"status-publish","4":"format-standard","5":"has-post-thumbnail","7":"category-baloncesto","8":"tag-baloncesto","9":"tag-basketball","10":"tag-caja-rural","11":"tag-cb-zamora","12":"tag-deportes","13":"tag-es","14":"tag-espana","15":"tag-fichaje","16":"tag-islandia","17":"tag-ncaa","18":"tag-nuevo","19":"tag-snaer","20":"tag-spain","21":"tag-sports","22":"tag-stymeir","23":"tag-thrastarson"},"share_on_mastodon":{"url":"","error":""},"_links":{"self":[{"href":"https:\/\/www.europesays.com\/es\/wp-json\/wp\/v2\/posts\/10815","targetHints":{"allow":["GET"]}}],"collection":[{"href":"https:\/\/www.europesays.com\/es\/wp-json\/wp\/v2\/posts"}],"about":[{"href":"https:\/\/www.europesays.com\/es\/wp-json\/wp\/v2\/types\/post"}],"author":[{"embeddable":true,"href":"https:\/\/www.europesays.com\/es\/wp-json\/wp\/v2\/users\/2"}],"replies":[{"embeddable":true,"href":"https:\/\/www.europesays.com\/es\/wp-json\/wp\/v2\/comments?post=10815"}],"version-history":[{"count":0,"href":"https:\/\/www.europesays.com\/es\/wp-json\/wp\/v2\/posts\/10815\/revisions"}],"wp:featuredmedia":[{"embeddable":true,"href":"https:\/\/www.europesays.com\/es\/wp-json\/wp\/v2\/media\/10816"}],"wp:attachment":[{"href":"https:\/\/www.europesays.com\/es\/wp-json\/wp\/v2\/media?parent=10815"}],"wp:term":[{"taxonomy":"category","embeddable":true,"href":"https:\/\/www.europesays.com\/es\/wp-json\/wp\/v2\/categories?post=10815"},{"taxonomy":"post_tag","embeddable":true,"href":"https:\/\/www.europesays.com\/es\/wp-json\/wp\/v2\/tags?post=10815"}],"curies":[{"name":"wp","href":"https:\/\/api.w.org\/{rel}","templated":true}]}}