{"id":108164,"date":"2025-09-11T16:33:08","date_gmt":"2025-09-11T16:33:08","guid":{"rendered":"https:\/\/www.europesays.com\/es\/108164\/"},"modified":"2025-09-11T16:33:08","modified_gmt":"2025-09-11T16:33:08","slug":"francisco-y-su-vinculo-con-san-francisco-en-un-libro-postumo","status":"publish","type":"post","link":"https:\/\/www.europesays.com\/es\/108164\/","title":{"rendered":"Francisco y su v\u00ednculo con San Francisco, en un libro p\u00f3stumo"},"content":{"rendered":"<p>En la Sala de Prensa del Sagrado Convento de As\u00eds se present\u00f3, el mi\u00e9rcoles 10 de septiembre, el libro p\u00f3stumo de Jorge Mario Bergoglio \u201cMi San Francisco\u201d, que saldr\u00e1 a la venta el 18 de septiembre. La obra nace de una conversaci\u00f3n con el cardenal Marcello Semeraro, prefecto del Dicasterio para las Causas de los Santos. El volumen incluye adem\u00e1s una carta del papa Prevost y el pr\u00f3logo del secretario de Estado, cardenal Pietro Parolin.<\/p>\n<p style=\"text-align: justify;\"><b>Isabella H. de Carvalho \u2013 Ciudad del Vaticano<\/b><\/p>\n<p style=\"text-align: justify;\">Una publicaci\u00f3n \u201cque permite casi volver a escuchar la voz del Papa Francisco\u201d, y por la cual \u201cdamos gracias al Se\u00f1or por todo lo que nos regal\u00f3 a trav\u00e9s de \u00e9l\u201d. Con estas palabras Le\u00f3n XIV recuerda a su predecesor, fallecido el pasado 21 de abril, en una carta que aparece en el libro p\u00f3stumo \u201cMi San Francisco\u201d. El texto (Ediciones Messaggero Padova, 160 p\u00e1ginas), fruto de un di\u00e1logo mantenido en los \u00faltimos meses de 2024 entre Bergoglio y el cardenal Semeraro, recorre el profundo v\u00ednculo entre Francisco y el santo de As\u00eds, del que tom\u00f3 el nombre al inicio de su pontificado. El libro estar\u00e1 disponible en librer\u00edas a partir del 18 de septiembre y fue presentado el mi\u00e9rcoles 10 de septiembre por la tarde en As\u00eds. En el evento participaron el cardenal Semeraro, fra Giulio Cesareo, director de Comunicaci\u00f3n del Sacro Convento, y fra Massimiliano Patassini, director editorial del Messaggero di Sant\u2019Antonio.<\/p>\n<p>Le\u00f3n XIV: del nombre, una misi\u00f3n <\/p>\n<p style=\"text-align: justify;\">En una carta fechada el 22 de mayo, fiesta de santa Rita de Casia, Le\u00f3n XIV agradece al Prefecto del Dicasterio para las Causas de los Santos esta publicaci\u00f3n y destaca que Francisco no solo \u201ctom\u00f3\u201d ese nombre, sino que tambi\u00e9n \u201ctrat\u00f3 de identificarse con \u00e9l para hacerlo el rostro de su nueva misi\u00f3n\u201d. En el mismo texto, escrito un mes despu\u00e9s de la muerte de Bergoglio, el Papa Prevost subraya que \u201cno se ha borrado a\u00fan de nuestro coraz\u00f3n el impacto de su partida\u201d, un tema tambi\u00e9n abordado en el libro. Le\u00f3n XIV recuerda, adem\u00e1s, la respuesta del Papa argentino cuando le preguntaron si tem\u00eda la muerte: \u201cCuando uno es anciano comprende que falta poco para el final, y entonces se convierte en una gracia poder prepararse, poder releer la propia vida dando gracias al Se\u00f1or por todo lo recibido\u201d.<\/p>\n<p>    <img decoding=\"async\" src=\"data:image\/gif;base64,R0lGODlhAQABAIAAAAAAAP\/\/\/yH5BAEAAAAALAAAAAABAAEAAAIBRAA7\" data-original=\"https:\/\/www.vaticannews.va\/content\/dam\/vaticannews\/multimedia\/2025\/settembre\/10\/WhatsApp-Image-2025-09-10-at-19.29.39aem.jpg\/_jcr_content\/renditions\/cq5dam.thumbnail.cropped.750.422.jpeg\" alt=\"Presentaci\u00f3n del libro en As\u00eds, el mi\u00e9rcoles 10 de septiembre de 2025.\" title=\"Presentaci\u00f3n del libro en As\u00eds, el mi\u00e9rcoles 10 de septiembre de 2025.\"\/><\/p>\n<p>\n   Presentaci\u00f3n del libro en As\u00eds, el mi\u00e9rcoles 10 de septiembre de 2025.\n  <\/p>\n<p>El cardenal Parolin: las huellas de San Francisco en la vida de Bergoglio <\/p>\n<p style=\"text-align: justify;\">\u201cCuando uno se apega a un santo es porque lo descubre como amigo y como fuente de inspiraci\u00f3n\u201d para \u201cvivir con alegr\u00eda el Evangelio\u201d. As\u00ed le sucedi\u00f3 al Papa Francisco con el Pobrecillo de As\u00eds, escribe el cardenal Parolin en el pr\u00f3logo. Para \u00e9l, la influencia de San Francisco se refleja \u201cen las heridas de su existencia, en su modo de actuar, en sus opciones preferenciales, en sus afectos y deseos, incluso en los encuentros y hechos que marc\u00f3 con su vida\u201d. En el libro, el Papa evoca varias experiencias y momentos, como si reviviera las huellas benditas que el ejemplo del santo hab\u00eda dejado en su alma, ayud\u00e1ndole a ser como \u00e9l: agradecido con Dios y deseoso de reconocerlo en los pobres, de amarlo en quienes sufren y est\u00e1n solos.<\/p>\n<p style=\"text-align: justify;\">Parolin concluye que este testimonio, recogido en los \u00faltimos meses de Francisco, es casi \u201cun testamento espiritual, hecho de memoria viva y de acci\u00f3n de gracias\u201d. El \u201crostro luminoso y sereno\u201d del Papa en los \u00faltimos d\u00edas de su vida, a\u00f1ade, parece estar en sinton\u00eda con la gratitud y la alegr\u00eda hacia Dios que mostr\u00f3 San Francisco de As\u00eds en el final de su existencia.<\/p>\n<p>    <img decoding=\"async\" src=\"data:image\/gif;base64,R0lGODlhAQABAIAAAAAAAP\/\/\/yH5BAEAAAAALAAAAAABAAEAAAIBRAA7\" data-original=\"https:\/\/www.vaticannews.va\/content\/dam\/vaticannews\/multimedia\/2025\/settembre\/10\/WhatsApp-Image-2025-09-10-at-19.29.36aem.jpg\/_jcr_content\/renditions\/cq5dam.thumbnail.cropped.750.422.jpeg\" alt=\"Presentaci\u00f3n del libro p\u00f3stumo del Papa Francisco en As\u00eds, mi\u00e9rcoles 10 de septiembre de 2025.\" title=\"Presentaci\u00f3n del libro p\u00f3stumo del Papa Francisco en As\u00eds, mi\u00e9rcoles 10 de septiembre de 2025.\"\/><\/p>\n<p>\n   Presentaci\u00f3n del libro p\u00f3stumo del Papa Francisco en As\u00eds, mi\u00e9rcoles 10 de septiembre de 2025.\n  <\/p>\n<p>El cardenal Semeraro: San Francisco, clave para entender el pontificado <\/p>\n<p style=\"text-align: justify;\">En la rueda de prensa en As\u00eds, el cardenal Semeraro insisti\u00f3 en que \u201cel Papa Francisco interioriz\u00f3 la figura del santo de As\u00eds\u201d, algo que se reflej\u00f3 en el estilo de su pontificado y en su forma de afrontar las situaciones. \u201cLa santidad de San Francisco puede ser una clave interpretativa del ministerio petrino de Jorge Mario Bergoglio\u201d, afirm\u00f3. Cit\u00f3 como ejemplo las enc\u00edclicas <a href=\"https:\/\/www.vatican.va\/content\/francesco\/es\/encyclicals\/documents\/papa-francesco_20150524_enciclica-laudato-si.html\" rel=\"external nofollow noopener\" target=\"_blank\">Laudato si\u2019<\/a> y <a href=\"https:\/\/www.vatican.va\/content\/francesco\/es\/encyclicals\/documents\/papa-francesco_20201003_enciclica-fratelli-tutti.html\" rel=\"external nofollow noopener\" target=\"_blank\">Fratelli tutti,<\/a> inspiradas en el Pobrecillo de As\u00eds. El libro, a\u00f1adi\u00f3, aborda adem\u00e1s el di\u00e1logo con el islam y otras religiones, as\u00ed como el cuidado de la creaci\u00f3n.<\/p>\n<p style=\"text-align: justify;\">Semeraro destac\u00f3 tambi\u00e9n la insistencia del Papa en mirar el mundo desde las periferias y \u201clos descartados\u201d, promoviendo una \u201cIglesia en salida\u201d con un estilo \u201cfranciscano\u201d, que invita a comprender la realidad desde otra perspectiva. \u201cDe alg\u00fan modo, Francisco mostr\u00f3 la figura de San Francisco de As\u00eds como orientaci\u00f3n para la Iglesia de hoy\u201d, dijo el cardenal.<\/p>\n<p>Compromiso con la paz y reflexiones sobre la muerte <\/p>\n<p style=\"text-align: justify;\">El prefecto del Dicasterio subray\u00f3 asimismo el compromiso de Francisco con la paz, que contin\u00faa ahora con el mismo esp\u00edritu Le\u00f3n XIV: \u201cAmbos han dicho que esta situaci\u00f3n de derrota no debe desanimarnos para hablar de paz. Usaron la misma imagen de la semilla: cuando hablamos de paz, sembramos granos que entran en el coraz\u00f3n del hombre con la confianza de que germinen\u201d.<\/p>\n<p style=\"text-align: justify;\">Al responder qu\u00e9 pasaje del libro le tocaba m\u00e1s personalmente, Semeraro confes\u00f3 que a\u00fan le conmueve lo que Francisco escribi\u00f3 sobre envejecer y prepararse para la muerte. Record\u00f3 que en 2024, a\u00f1o en que se redact\u00f3 el libro, nadie pod\u00eda imaginar que un a\u00f1o despu\u00e9s, apenas una semana despu\u00e9s de saber que las pruebas estaban listas, el Papa morir\u00eda. \u201cEn el libro habl\u00f3 tambi\u00e9n de esto: de estar dispuesto a soltar, de recomponer v\u00ednculos para vivir en paz\u201d.<\/p>\n","protected":false},"excerpt":{"rendered":"En la Sala de Prensa del Sagrado Convento de As\u00eds se present\u00f3, el mi\u00e9rcoles 10 de septiembre, el&hellip;\n","protected":false},"author":2,"featured_media":108165,"comment_status":"","ping_status":"","sticky":false,"template":"","format":"standard","meta":{"footnotes":""},"categories":[42],"tags":[17,18,13,14,11,61,62,63,64,19,20,1496,37290,9,10,15,16,399,400,7243,9621,10777,12,21,22,65,66,67],"class_list":{"0":"post-108164","1":"post","2":"type-post","3":"status-publish","4":"format-standard","5":"has-post-thumbnail","7":"category-internacional","8":"tag-breaking-news","9":"tag-breakingnews","10":"tag-featured-news","11":"tag-featurednews","12":"tag-headlines","13":"tag-internacional","14":"tag-international","15":"tag-international-news","16":"tag-internationalnews","17":"tag-latest-news","18":"tag-latestnews","19":"tag-libro","20":"tag-marcello-semeraro","21":"tag-news","22":"tag-noticias","23":"tag-noticias-destacadas","24":"tag-noticiasdestacadas","25":"tag-papa-francisco","26":"tag-papa-leon-xiv","27":"tag-pietro-parolin","28":"tag-san-francisco","29":"tag-santos-y-beatos","30":"tag-titulares","31":"tag-ultimas-noticias","32":"tag-ultimasnoticias","33":"tag-world","34":"tag-world-news","35":"tag-worldnews"},"share_on_mastodon":{"url":"","error":""},"_links":{"self":[{"href":"https:\/\/www.europesays.com\/es\/wp-json\/wp\/v2\/posts\/108164","targetHints":{"allow":["GET"]}}],"collection":[{"href":"https:\/\/www.europesays.com\/es\/wp-json\/wp\/v2\/posts"}],"about":[{"href":"https:\/\/www.europesays.com\/es\/wp-json\/wp\/v2\/types\/post"}],"author":[{"embeddable":true,"href":"https:\/\/www.europesays.com\/es\/wp-json\/wp\/v2\/users\/2"}],"replies":[{"embeddable":true,"href":"https:\/\/www.europesays.com\/es\/wp-json\/wp\/v2\/comments?post=108164"}],"version-history":[{"count":0,"href":"https:\/\/www.europesays.com\/es\/wp-json\/wp\/v2\/posts\/108164\/revisions"}],"wp:featuredmedia":[{"embeddable":true,"href":"https:\/\/www.europesays.com\/es\/wp-json\/wp\/v2\/media\/108165"}],"wp:attachment":[{"href":"https:\/\/www.europesays.com\/es\/wp-json\/wp\/v2\/media?parent=108164"}],"wp:term":[{"taxonomy":"category","embeddable":true,"href":"https:\/\/www.europesays.com\/es\/wp-json\/wp\/v2\/categories?post=108164"},{"taxonomy":"post_tag","embeddable":true,"href":"https:\/\/www.europesays.com\/es\/wp-json\/wp\/v2\/tags?post=108164"}],"curies":[{"name":"wp","href":"https:\/\/api.w.org\/{rel}","templated":true}]}}