{"id":108184,"date":"2025-09-11T16:45:09","date_gmt":"2025-09-11T16:45:09","guid":{"rendered":"https:\/\/www.europesays.com\/es\/108184\/"},"modified":"2025-09-11T16:45:09","modified_gmt":"2025-09-11T16:45:09","slug":"estado-de-salud-jaime-anglada-2","status":"publish","type":"post","link":"https:\/\/www.europesays.com\/es\/108184\/","title":{"rendered":"ESTADO DE SALUD JAIME ANGLADA"},"content":{"rendered":"<p class=\"ft-text\"><a class=\"ft-link ft-link--decoration\" href=\"https:\/\/www.diariodemallorca.es\/tags\/jaime-anglada\/\" rel=\"nofollow noopener\" target=\"_blank\"><strong>Jaime Anglada<\/strong><\/a><strong> ha recibido el alta del servicio de Traumatolog\u00eda de Son Espases<\/strong>, seg\u00fan ha comunicado el hospital. A partir de ahora,<strong> el cantautor continuar\u00e1 su rehabilitaci\u00f3n en otro centro<\/strong>.<\/p>\n<p class=\"ft-text\"><a class=\"ft-link ft-link--decoration\" href=\"https:\/\/www.diariodemallorca.es\/videos\/cultura\/2025\/08\/08\/jaume-anglada-amigo-intimo-rey-120457900.html\" rel=\"nofollow noopener\" target=\"_blank\">Anglada fue atropellado el 8 de agosto<\/a> cuando iba en moto y a consecuencia de este accidente fue ingresado en la UCI de Son Espases en <strong>estado de extrema gravedad y con un politraumatismo.<\/strong> Fue el pasado d\u00eda 26 cuando fue trasladado a una planta de cuidados intermedios, donde su evoluci\u00f3n \u201cha sido muy favorable\u201d, detalla el comunicado del hospital.<\/p>\n<p class=\"ft-text\">En este tiempo ingresado, el cantautor ha sido operado en dos ocasiones, de la cadera y de la mand\u00edbula, con un resultado exitoso.<\/p>\n<p class=\"ft-text\">Las \u00faltimas semanas las ha pasado en planta, donde <a class=\"ft-link ft-link--decoration\" href=\"https:\/\/www.diariodemallorca.es\/cultura\/2025\/09\/07\/felipe-vi-visita-amigo-jaime-121329401.html\" rel=\"nofollow noopener\" target=\"_blank\">recibi\u00f3 la visita de Felipe VI<\/a>, amigo suyo desde la juventud, el pasado fin de semana. Tanto el rey como la reina Letizia han seguido muy de cerca la recuperaci\u00f3n de Anglada desde el d\u00eda del atropello.<\/p>\n<p class=\"ft-text\">Cabe recordar que el conductor del veh\u00edculo que le arroll\u00f3 en la calle Joan Mir\u00f3 de Palma, alrededor de la 1:30 horas, se dio a la fuga y fue detenido horas despu\u00e9s en su domicilio. Qued\u00f3 en libertad bajo fianza de 5.000 euros el pasado 28 de agosto.<\/p>\n","protected":false},"excerpt":{"rendered":"Jaime Anglada ha recibido el alta del servicio de Traumatolog\u00eda de Son Espases, seg\u00fan ha comunicado el hospital.&hellip;\n","protected":false},"author":2,"featured_media":108185,"comment_status":"","ping_status":"","sticky":false,"template":"","format":"standard","meta":{"footnotes":""},"categories":[174],"tags":[35632,5593,17214,37293,255,209,146,147,25,24,256,20970,1717,3684,5699,2877,27509,23,11214],"class_list":{"0":"post-108184","1":"post","2":"type-post","3":"status-publish","4":"format-standard","5":"has-post-thumbnail","7":"category-famosos","8":"tag-accidentes-de-trafico-en-mallorca","9":"tag-alta","10":"tag-anglada","11":"tag-cantautor","12":"tag-celebrities","13":"tag-cultura","14":"tag-entertainment","15":"tag-entretenimiento","16":"tag-es","17":"tag-espana","18":"tag-famosos","19":"tag-jaime-anglada","20":"tag-jaume","21":"tag-recibe","22":"tag-rehabilitacion","23":"tag-son","24":"tag-son-espases","25":"tag-spain","26":"tag-uci"},"share_on_mastodon":{"url":"","error":""},"_links":{"self":[{"href":"https:\/\/www.europesays.com\/es\/wp-json\/wp\/v2\/posts\/108184","targetHints":{"allow":["GET"]}}],"collection":[{"href":"https:\/\/www.europesays.com\/es\/wp-json\/wp\/v2\/posts"}],"about":[{"href":"https:\/\/www.europesays.com\/es\/wp-json\/wp\/v2\/types\/post"}],"author":[{"embeddable":true,"href":"https:\/\/www.europesays.com\/es\/wp-json\/wp\/v2\/users\/2"}],"replies":[{"embeddable":true,"href":"https:\/\/www.europesays.com\/es\/wp-json\/wp\/v2\/comments?post=108184"}],"version-history":[{"count":0,"href":"https:\/\/www.europesays.com\/es\/wp-json\/wp\/v2\/posts\/108184\/revisions"}],"wp:featuredmedia":[{"embeddable":true,"href":"https:\/\/www.europesays.com\/es\/wp-json\/wp\/v2\/media\/108185"}],"wp:attachment":[{"href":"https:\/\/www.europesays.com\/es\/wp-json\/wp\/v2\/media?parent=108184"}],"wp:term":[{"taxonomy":"category","embeddable":true,"href":"https:\/\/www.europesays.com\/es\/wp-json\/wp\/v2\/categories?post=108184"},{"taxonomy":"post_tag","embeddable":true,"href":"https:\/\/www.europesays.com\/es\/wp-json\/wp\/v2\/tags?post=108184"}],"curies":[{"name":"wp","href":"https:\/\/api.w.org\/{rel}","templated":true}]}}