{"id":108190,"date":"2025-09-11T16:49:08","date_gmt":"2025-09-11T16:49:08","guid":{"rendered":"https:\/\/www.europesays.com\/es\/108190\/"},"modified":"2025-09-11T16:49:08","modified_gmt":"2025-09-11T16:49:08","slug":"lyric-video-de-saurom-nuevo-video-de-astral-experience-metalmaurel-fest","status":"publish","type":"post","link":"https:\/\/www.europesays.com\/es\/108190\/","title":{"rendered":"Lyric v\u00eddeo de SAUROM. Nuevo v\u00eddeo de ASTRAL EXPERIENCE. Metalmaurel Fest."},"content":{"rendered":"<p>\u00a0<\/p>\n<p style=\"text-align: center;\"><strong><a href=\"#SAUROM\">Lyric v\u00eddeo de SAUROM<\/a> \u2013 <a href=\"#ASTRAL\">Nuevo v\u00eddeo de ASTRAL EXPERIENCE<\/a> \u2013 <a href=\"#Metalmaurel\">Metalmaurel Fest<\/a>.<\/strong><\/p>\n<p><strong><a href=\"https:\/\/saurom.com\/\" target=\"_blank\" rel=\"noopener nofollow\">SAUROM<\/a><\/strong> han estrenado un nuevo lyric v\u00eddeo para el tema \u201cUn segundo\u201d.<\/p>\n<p>La banda grab\u00f3 su \u00faltimo concierto en Madrid el pasado 21 de marzo para un futuro lanzamiento.<\/p>\n<p>Ten\u00e9is nuestra cr\u00f3nica en este <a href=\"https:\/\/www.rafabasa.com\/2025\/03\/24\/cronica-y-fotos-de-saurom-en-madrid\/\" rel=\"nofollow noopener\" target=\"_blank\">enlace<\/a>.<\/p>\n<p>Su anterior single en esta <a href=\"https:\/\/www.rafabasa.com\/2025\/02\/25\/nuevo-tema-y-fechas-de-saurom-fallece-el-ex-cantante-de-annihilator-y-omen-coburn-pharr-sanhedrin-estrenan-single\/#SAUROM\" rel=\"nofollow noopener\" target=\"_blank\">noticia<\/a>.<\/p>\n<p>\u00a0<\/p>\n<p><strong>ASTRAL EXPERIENCE<\/strong> han estrenado un nuevo single titulado \u201cA Tu Lado\u201d.<\/p>\n<p>El tema sirve de adelanto a su pr\u00f3ximo EP hom\u00f3nimo que ver\u00e1 la luz el pr\u00f3ximo 3 de octubre<\/p>\n<p>El material ha sido producido por Alberto Mar\u00edn (ANKHARA, DEF CON DOS, M\u00f3nica Naranjo) y grabado en The Mixtery Studios por Ra\u00fal Abell\u00e1n.<\/p>\n<p>Sus anteriores singles en este <a href=\"https:\/\/www.rafabasa.com\/2025\/02\/12\/helloween-astral-experience-predator\/#ASTRAL_EXPERIENCE\" target=\"_blank\" rel=\"noopener nofollow\">bloque<\/a>.<\/p>\n<p>M\u00e1s sobre el grupo en esta <a href=\"https:\/\/www.rafabasa.com\/2023\/11\/17\/buckcherry-destructor-astral-experience\/#ASTRAL_EXPERIENCE\" target=\"_blank\" rel=\"noopener nofollow\">noticia<\/a>.<\/p>\n<p>\u00a0<\/p>\n<p>El pr\u00f3ximo 28 de marzo se celebrar\u00e1 Carpa Municipal de Benamaurel, Granada, el <strong>Metalmaurel Fest.<\/strong><\/p>\n<p>Estas son las bandas participantes:<\/p>\n<ul>\n<li>SILVER<\/li>\n<li>OMISSION<\/li>\n<li>BALMOG<\/li>\n<li>WAR DOGS<\/li>\n<li>LEX LUCIFERI<\/li>\n<\/ul>\n<p>M\u00e1s detalles en este <a href=\"https:\/\/www.facebook.com\/profile.php?id=61551793342545\" rel=\"nofollow noopener\" target=\"_blank\">enlace<\/a>.<\/p>\n<p>\u00a0<\/p>\n<p align=\"center\"><strong>Sigue el\u00a0<a href=\"https:\/\/whatsapp.com\/channel\/0029VaCprxVBA1f555USvT2O\" target=\"_blank\" rel=\"nofollow noopener\">Canal de RAFABASA.COM en WhatsApp<\/a>, donde encontrar\u00e1s todas nuestras novedades al instante<\/strong><\/p>\n<p>\u00a0<\/p>\n<p>\u00a0<\/p>\n<p>\u00a0<\/p>\n<p>\u00a0<\/p>\n<p>\u00a0<\/p>\n","protected":false},"excerpt":{"rendered":"\u00a0 Lyric v\u00eddeo de SAUROM \u2013 Nuevo v\u00eddeo de ASTRAL EXPERIENCE \u2013 Metalmaurel Fest. SAUROM han estrenado un&hellip;\n","protected":false},"author":2,"featured_media":108191,"comment_status":"","ping_status":"","sticky":false,"template":"","format":"standard","meta":{"footnotes":""},"categories":[170],"tags":[37295,146,147,25,24,37296,184,185,37297,23],"class_list":{"0":"post-108190","1":"post","2":"type-post","3":"status-publish","4":"format-standard","5":"has-post-thumbnail","7":"category-musica","8":"tag-astral-experience","9":"tag-entertainment","10":"tag-entretenimiento","11":"tag-es","12":"tag-espana","13":"tag-metalmaurel-fest","14":"tag-music","15":"tag-musica","16":"tag-saurom","17":"tag-spain"},"share_on_mastodon":{"url":"","error":""},"_links":{"self":[{"href":"https:\/\/www.europesays.com\/es\/wp-json\/wp\/v2\/posts\/108190","targetHints":{"allow":["GET"]}}],"collection":[{"href":"https:\/\/www.europesays.com\/es\/wp-json\/wp\/v2\/posts"}],"about":[{"href":"https:\/\/www.europesays.com\/es\/wp-json\/wp\/v2\/types\/post"}],"author":[{"embeddable":true,"href":"https:\/\/www.europesays.com\/es\/wp-json\/wp\/v2\/users\/2"}],"replies":[{"embeddable":true,"href":"https:\/\/www.europesays.com\/es\/wp-json\/wp\/v2\/comments?post=108190"}],"version-history":[{"count":0,"href":"https:\/\/www.europesays.com\/es\/wp-json\/wp\/v2\/posts\/108190\/revisions"}],"wp:featuredmedia":[{"embeddable":true,"href":"https:\/\/www.europesays.com\/es\/wp-json\/wp\/v2\/media\/108191"}],"wp:attachment":[{"href":"https:\/\/www.europesays.com\/es\/wp-json\/wp\/v2\/media?parent=108190"}],"wp:term":[{"taxonomy":"category","embeddable":true,"href":"https:\/\/www.europesays.com\/es\/wp-json\/wp\/v2\/categories?post=108190"},{"taxonomy":"post_tag","embeddable":true,"href":"https:\/\/www.europesays.com\/es\/wp-json\/wp\/v2\/tags?post=108190"}],"curies":[{"name":"wp","href":"https:\/\/api.w.org\/{rel}","templated":true}]}}