{"id":108204,"date":"2025-09-11T16:56:09","date_gmt":"2025-09-11T16:56:09","guid":{"rendered":"https:\/\/www.europesays.com\/es\/108204\/"},"modified":"2025-09-11T16:56:09","modified_gmt":"2025-09-11T16:56:09","slug":"la-responsable-de-exteriores-de-la-ue-descalifica-de-plano-la-actuacion-de-borrell-en-gaza","status":"publish","type":"post","link":"https:\/\/www.europesays.com\/es\/108204\/","title":{"rendered":"La responsable de Exteriores de la UE descalifica de plano la actuaci\u00f3n de Borrell en Gaza"},"content":{"rendered":"<p class=\"article-text\">\n        La alta comisionada de la UE para Asuntos Exteriores y vicepresidenta de la Comisi\u00f3n, Kaja Kallas, descalific\u00f3 de plano y sin contemplaciones el papel desempe\u00f1ado por su antecesor, Josep Borrell, ante\u00a0la devastaci\u00f3n de Gaza por parte de Israel.\n    <\/p>\n<p class=\"article-text\">\n        En un encuentro este martes con periodistas espa\u00f1oles en Estrasburgo, Kallas afirm\u00f3 que, durante el mandato de Borrell, la Comisi\u00f3n \u201cno hizo nada, no propuso nada, no plante\u00f3 opciones al Consejo para hacer una cosa u otra y poder avanzar, de modo que lo estamos haciendo durante este mandato\u201d. \u201cNada sali\u00f3 de la Comisi\u00f3n cuando estaba Borrell\u201d, sentenci\u00f3.\n    <\/p>\n<p class=\"article-text\">\n        Para la responsable de Exteriores de la UE, la posici\u00f3n vehementemente cr\u00edtica que exhib\u00eda Borrell contra Israel no ten\u00eda a la postre ninguna eficacia: \u201cYo podr\u00eda ser muy fuerte en el lenguaje, lo que significa que los israel\u00edes no me hablasen, que fue lo que ocurri\u00f3 con mi antecesor. \u00bfY qu\u00e9 se consigue con ello? \u00bfSe detiene la matanza si propongo algo que s\u00e9 de antemano que no ir\u00e1 a ning\u00fan sitio?\u201d, inquiri\u00f3 ret\u00f3ricamente.\n    <\/p>\n<p class=\"article-text\">\n        Kallas aleg\u00f3 que desde que asumi\u00f3 el cargo [el 1 de diciembre pasado] ha impreso a la pol\u00edtica europea en Gaza un giro pragm\u00e1tico, teniendo en cuenta que no hay un consenso en las posiciones de los gobiernos de la Uni\u00f3n y que, adem\u00e1s, Estados Unidos es un aliado incondicional de Israel, lo cual complica a la UE el escenario para tomar iniciativas m\u00e1s contundentes. Se preci\u00f3 de que, bajo su mandato, se ha logrado introducir ayuda humanitaria a Gaza, gracias a su capacidad para el entendimiento con las partes implicadas. \u201cEstoy de acuerdo en que no es suficiente y que podr\u00edamos tomar una posici\u00f3n m\u00e1s fuerte, pero es m\u00e1s de lo que hab\u00eda antes\u201d, justific\u00f3.\n    <\/p>\n<p class=\"article-text\">\n        Cit\u00f3 a modo de ejemplo que, mientras de marzo a julio de este a\u00f1o no entr\u00f3 en la franja ning\u00fan cami\u00f3n de ayuda humanitaria, entre julio y comienzos de septiembre ingresaron 2.904 veh\u00edculos. Mencion\u00f3 tambi\u00e9n como logros la reparaci\u00f3n de infraestructuras esenciales, el suministro de agua desalinizada, la llegada de combustible a Gaza y la apertura\u00a0de rutas de acceso desde Egipto y Jordania. \u201cSon hechos\u201d, subray\u00f3. \u201cNadie podr\u00e1 alegar que hemos sido inactivos. Somos los jugadores m\u00e1s activos por Gaza en la arena internacional\u201d, alarde\u00f3.\n    <\/p>\n<p class=\"article-text\">\n        Las declaraciones de Kallas se produjeron un d\u00eda antes de que la presidenta de la Comisi\u00f3n, Ursula von der Leyen, en su discurso sobre el Estado de la Uni\u00f3n, sorprendiera con una intervenci\u00f3n inusualmente dura en ella contra Israel y propusiera suspender parcialmente el acuerdo de asociaci\u00f3n de la UE con ese pa\u00eds, as\u00ed como establecer sanciones contra los ministros extremistas y los colonos violentos israel\u00edes. Se da la circunstancia de que Borrell se pronunci\u00f3 en repetidas ocasiones en favor de medidas coercitivas sin encontrar los apoyos para ponerlas en pr\u00e1ctica. Ahora est\u00e1 por ver si Von der Leyen tiene amarrado el consenso de los mandatarios de los Estados miembros para concretar su propuesta o si se trata de un saludo al sol ante la creciente presi\u00f3n internacional por lo que muchos ven como pasividad, e incluso complicidad, de Europa frente a Israel.\n    <\/p>\n<p>    <a href=\"https:\/\/www.eldiario.es\/internacional\/von-der-leyen-propone-suspension-acuerdo-comercial-israel-frenar-genocidio-gaza_1_12591007.html\" data-mrf-recirculation=\"saber-mas-abajo\" data-dl-event=\"saber-mas-abajo\" rel=\"nofollow noopener\" target=\"_blank\"><\/p>\n<p class=\"know-more__title\">Von der Leyen propone la suspensi\u00f3n parcial del acuerdo comercial con Israel para frenar el genocidio de Gaza<\/p>\n<p>            <img decoding=\"async\" class=\"lazy\" loading=\"lazy\" data-src=\"https:\/\/static.eldiario.es\/clip\/f427ecb0-cb95-4de6-90f8-3b94ed4fe550_16-9-aspect-ratio_default_0.jpg\" src=\"data:image\/svg+xml,%3Csvg xmlns=\" http:=\"\" viewbox=\"0 0 880 495\" alt=\"Von der Leyen propone la suspensi\u00f3n parcial del acuerdo comercial con Israel para frenar el genocidio de Gaza\"\/><\/p>\n<p>                        <\/a><\/p>\n<p class=\"article-text\">\n        Kallas se refiri\u00f3 tambi\u00e9n al paquete de nueve medidas en apoyo de Gaza y contra Israel anunciadas este martes por el presidente Pedro S\u00e1nchez. \u201cCada estado miembro puede tomar sus decisiones\u201d, dijo la responsable de Exteriores comunitaria. \u201cAlgunos pa\u00edses han decidido ir por su cuenta y esto muestra la frustraci\u00f3n que algunos estados sienten al no poderse tomar ese tipo de decisiones a un nivel europeo\u201d. Reconoci\u00f3 que la incapacidad para lograr consensos en el\u00a0caso de Gaza est\u00e1 minando la credibilidad de la Uni\u00f3n ante sus ciudadanos, en particulares los m\u00e1s j\u00f3venes, aunque insisti\u00f3 en todo momento en que para lograr avances hay que mantener la interlocuci\u00f3n con todas las partes.\n    <\/p>\n","protected":false},"excerpt":{"rendered":"La alta comisionada de la UE para Asuntos Exteriores y vicepresidenta de la Comisi\u00f3n, Kaja Kallas, descalific\u00f3 de&hellip;\n","protected":false},"author":2,"featured_media":108205,"comment_status":"","ping_status":"","sticky":false,"template":"","format":"standard","meta":{"footnotes":""},"categories":[42],"tags":[4641,37300,17,18,37299,37298,13,14,694,11,61,62,63,64,19,20,9,10,15,16,35924,4297,12,943,21,22,65,66,67],"class_list":{"0":"post-108204","1":"post","2":"type-post","3":"status-publish","4":"format-standard","5":"has-post-thumbnail","7":"category-internacional","8":"tag-actuacion","9":"tag-borrell","10":"tag-breaking-news","11":"tag-breakingnews","12":"tag-descalifica","13":"tag-exteriores","14":"tag-featured-news","15":"tag-featurednews","16":"tag-gaza","17":"tag-headlines","18":"tag-internacional","19":"tag-international","20":"tag-international-news","21":"tag-internationalnews","22":"tag-latest-news","23":"tag-latestnews","24":"tag-news","25":"tag-noticias","26":"tag-noticias-destacadas","27":"tag-noticiasdestacadas","28":"tag-plano","29":"tag-responsable","30":"tag-titulares","31":"tag-ue","32":"tag-ultimas-noticias","33":"tag-ultimasnoticias","34":"tag-world","35":"tag-world-news","36":"tag-worldnews"},"share_on_mastodon":{"url":"","error":""},"_links":{"self":[{"href":"https:\/\/www.europesays.com\/es\/wp-json\/wp\/v2\/posts\/108204","targetHints":{"allow":["GET"]}}],"collection":[{"href":"https:\/\/www.europesays.com\/es\/wp-json\/wp\/v2\/posts"}],"about":[{"href":"https:\/\/www.europesays.com\/es\/wp-json\/wp\/v2\/types\/post"}],"author":[{"embeddable":true,"href":"https:\/\/www.europesays.com\/es\/wp-json\/wp\/v2\/users\/2"}],"replies":[{"embeddable":true,"href":"https:\/\/www.europesays.com\/es\/wp-json\/wp\/v2\/comments?post=108204"}],"version-history":[{"count":0,"href":"https:\/\/www.europesays.com\/es\/wp-json\/wp\/v2\/posts\/108204\/revisions"}],"wp:featuredmedia":[{"embeddable":true,"href":"https:\/\/www.europesays.com\/es\/wp-json\/wp\/v2\/media\/108205"}],"wp:attachment":[{"href":"https:\/\/www.europesays.com\/es\/wp-json\/wp\/v2\/media?parent=108204"}],"wp:term":[{"taxonomy":"category","embeddable":true,"href":"https:\/\/www.europesays.com\/es\/wp-json\/wp\/v2\/categories?post=108204"},{"taxonomy":"post_tag","embeddable":true,"href":"https:\/\/www.europesays.com\/es\/wp-json\/wp\/v2\/tags?post=108204"}],"curies":[{"name":"wp","href":"https:\/\/api.w.org\/{rel}","templated":true}]}}