{"id":108211,"date":"2025-09-11T17:03:15","date_gmt":"2025-09-11T17:03:15","guid":{"rendered":"https:\/\/www.europesays.com\/es\/108211\/"},"modified":"2025-09-11T17:03:15","modified_gmt":"2025-09-11T17:03:15","slug":"comesana-y-la-convocatoria-a-la-davis-esto-es-lo-que-mas-amo-y-luche-muchisimo-por-estar-aca","status":"publish","type":"post","link":"https:\/\/www.europesays.com\/es\/108211\/","title":{"rendered":"Comesa\u00f1a y la convocatoria a la Davis: \u00abEsto es lo que m\u00e1s amo, y luch\u00e9 much\u00edsimo por estar ac\u00e1\u00bb"},"content":{"rendered":"<p>&#13;<br \/>\n                    &#13;<br \/>\n                        &#13;<br \/>\n&#13;<\/p>\n<p>El marplatense integra la lista del equipo argentino que visitar\u00e1 a Pa\u00edses Bajos. En la previa, repas\u00f3 su presente y las sensaciones de cumplir un sue\u00f1o que tiene desde ni\u00f1o. <\/p>\n<p>&#13;<\/p>\n<p>                <img fetchpriority=\"low\"  alt=\"Author\"\/><\/p>\n<p><img decoding=\"async\" class=\"mainImg r16x9\" width=\"416\" height=\"234\" fetchpriority=\"high\" src=\"https:\/\/www.europesays.com\/es\/wp-content\/uploads\/2025\/09\/comesana_416x234.webp\"  alt=\"Comesa\u00f1a\" title=\"Comesa\u00f1a\"\/> Comesa\u00f1a, durante un Sudamericano sub-12 (Notitenis).<\/p>\n<p>Vestido \u00edntegramente por la marca que lo auspicia (Fila), y sosteniendo el conjunto de pelotas de tenis que act\u00faa de centro de mesa, Francisco Comesa\u00f1a simplemente tendr\u00eda que cambiar los pantalones largos por los cortos para entrar a jugar. Su aspecto siempre est\u00e1 acompa\u00f1ado de una sonrisa, pero esta se agiganta cuando habla de la Davis: \u00ab<b>Estoy ansioso por el viaje, por vivir algo que es totalmente nuevo para mi. Me alegro mucho de haber so\u00f1ado tanto tiempo con esto y hoy poder lograrlo<\/b>\u00ab.\u00a0<\/p>\n<p>En <a onclick=\"ga4SelectContentEvent(&quot;Comesa\\u00f1a y la convocatoria a la Davis: \\&quot;Esto es lo que m\\u00e1s amo, y luch\\u00e9 much\\u00edsimo por estar ac\\u00e1\\&quot;&quot;, &quot;Tenis&quot;, &quot;Nota&quot;);\" href=\"https:\/\/www.tycsports.com\/tenis\/argentina-vs-paises-bajos-en-la-copa-davis-2025-en-vivo-donde-ver-por-tv-y-online-id685038.html\" target=\"_blank\" rel=\"nofollow noopener\">la serie donde Argentina visitar\u00e1 a Pa\u00edses Bajos<\/a> por la segunda ronda de la clasificaci\u00f3n a las Finales de la Copa Davis, <b>Francisco Comesa\u00f1a tendr\u00e1 su primera oportunidad para representar al pa\u00eds<\/b>. En la previa, charl\u00f3 con <b><a onclick=\"ga4SelectContentEvent(&quot;Comesa\\u00f1a y la convocatoria a la Davis: \\&quot;Esto es lo que m\\u00e1s amo, y luch\\u00e9 much\\u00edsimo por estar ac\\u00e1\\&quot;&quot;, &quot;Tenis&quot;, &quot;Nota&quot;);\" href=\"http:\/\/TyCSports.com\" target=\"_blank\" rel=\"nofollow noopener\">TyCSports.com<\/a><\/b> sobre el sue\u00f1o cumplido, el que le queda por cumplir y su presente en el circuito. \u00ab<b>Esto es lo que m\u00e1s amo, y luch\u00e9 much\u00edsimo por estar ac\u00e1, as\u00ed que estoy contento y ansioso de poder disfrutarlo junto a todos los chicos<\/b>\u00ab, afirm\u00f3.    <\/p>\n<p>&#13;<\/p>\n<p>\u00ab<b>Fui el \u00faltimo en enterarme, porque <a onclick=\"ga4SelectContentEvent(&quot;Comesa\\u00f1a y la convocatoria a la Davis: \\&quot;Esto es lo que m\\u00e1s amo, y luch\\u00e9 much\\u00edsimo por estar ac\\u00e1\\&quot;&quot;, &quot;Tenis&quot;, &quot;Nota&quot;);\" href=\"https:\/\/www.tycsports.com\/tenis\/increible-victoria-de-un-argentino-en-cincinnati-suspension-por-lluvia-vomitos-y-tres-match-points-en-contra-id679459.html\" target=\"_blank\" rel=\"nofollow noopener\">ten\u00eda que jugar un partido muy importante contra Opelka<\/a> y no quer\u00edan que me desconcentre<\/b>\u00bb comenta. En el Masters 1000 de Cincinnati, en la previa del partido de tercera ronda contra Reilly Opelka, Javier Frana, capit\u00e1n del equipo argentino, le dio la noticia a Sebasti\u00e1n Gutierrez -coach de Comesa\u00f1a-. El enfrentamiento contra el estadounidense fue una batalla de casi tres horas: 6-7(4), 6-4 y 7-5. En el medio, el marplatense tuvo que ser atendido por los m\u00e9dicos porque le baj\u00f3 la presi\u00f3n, e incluso sac\u00f3 1-4 abajo en el set decisivo. Con esa victoria consigui\u00f3 clasificar por primera vez a los octavos de final de un Masters 1000, pero la mejor noticia vendr\u00eda despu\u00e9s. \u00ab<b>Estaba haciendo bici para recuperar, y ah\u00ed vino Guti a decirme que me hab\u00edan convocado<\/b>\u00ab, recuerda Come.<\/p>\n<p>Del otro lado de la red estar\u00e1 el equipo que lleg\u00f3 a la final en la edici\u00f3n pasada, aunque la lista no trae nombres tan fuertes como en 2024. Sin Tallon Griekspoor (31), los singlistas convocados son: Jesper de Jong (79), Botic van de Zandschulp (82) y Guy den Ouden (160). En el dobles estar\u00e1n Sander Arends (24) y Sem Verbeek (47). El debutante entiende que no ser\u00e1 sencillo, pero tambi\u00e9n <b>prioriza la idea de mirar lo propio antes que lo ajeno<\/b>. \u00abSon dur\u00edsimos, pero nosotros&#8230; bueno, decir nosotros todav\u00eda es raro, no me acostumbro -acota mientras se r\u00ede-. <b>Como dec\u00eda, cuando entr\u00e1s a la cancha es 50 y 50 y siempre vamos a dar lo mejor de cada uno, tanto al que le toque jugar como al que le toque verlo de afuera<\/b>\u00ab, sentencia.<\/p>\n<p><img decoding=\"async\" class=\"mainImg\" fetchpriority=\"low\" loading=\"lazy\" src=\"https:\/\/www.europesays.com\/es\/wp-content\/uploads\/2025\/09\/comesana_w862.webp.webp\" alt=\"Comesa\u00f1a\" title=\"Comesa\u00f1a\"\/> Comesa\u00f1a, a la izquierda del \u00e1rbitro, como alcanzapelotas en la serie ante Italia que se disput\u00f3 en 2014 en Mar del Plata.<\/p>\n<p>        De un tenista se pueden observar muchas cosas: un drive potente, un buen rev\u00e9s paralelo, la devoluci\u00f3n, el saque, y en los mejores casos todas al mismo tiempo. En el argentino que hoy est\u00e1 61\u00b0 del mundo hay elementos muy vistosos, como el saque o la volea, pero algo que llama la atenci\u00f3n es la manera de disfrutar los partidos. \u00ab<b>Soy una persona muy positiva, siempre alegre<\/b>\u00ab, define. \u00abSonriente\u00bb, agrega, y no hay quien pueda desmentirlo. \u00abNo todos los d\u00edas son de diez, pero <b>trato de disfrutar a pleno porque amo el tenis<\/b>. Al final es mi forma de ser, y cuando me desconecto o estoy sufriendo adentro de la cancha me apoyo en mi equipo\u00bb, concluye. <\/p>\n<p>Su actualidad es m\u00e1s que positiva, y cuenta con el beneficio de que le queda bien jugar en los grandes escenarios. Al respecto, Comesa\u00f1a explica que es una motivaci\u00f3n competir en el primer nivel: \u00ab<b>Obvio que es dif\u00edcil, y al principio me cost\u00f3 adaptarme al circuito, sentirme parte, pero hoy ya estoy m\u00e1s asentado y pertenecer a este escal\u00f3n te empuja siempre a m\u00e1s<\/b>\u00ab. Adem\u00e1s, opina sobre la gran paridad que hay entre los 70-80 mejores del mundo: \u00abUn d\u00eda el 70 le gana a uno del top 10 y no es una sorpresa. Las oportunidades para que eso pase no son muchas, pero <b>en un mal d\u00eda cualquiera te puede complicar<\/b>\u00ab.<\/p>\n<p>El Tibur\u00f3n ama el tenis, y lo deja en evidencia en cada punto de vista. En sus objetivos prioriza mantenerse lo m\u00e1s arriba posible en el ranking para seguir siendo parte de todos los torneos grandes &#8211;<b>jug\u00f3 los \u00faltimos seis M1000 y este a\u00f1o solo se perdi\u00f3 Indian Wells<\/b>-, y se permite so\u00f1ar en grande, algo en lo que hacen hincapi\u00e9 junto con Guti: \u00abSiempre hablamos de imaginarnos lo mejor, de ir por eso. <b>Yo quiero ganar Wimbledon, es mi sue\u00f1o y pienso mucho en eso. Si ma\u00f1ana no puedo, voy a terminar mi carrera sabiendo que di todo por cumplirlo<\/b>\u00ab. Por otro lado, tampoco est\u00e1 peleado con la idea de \u00abbajar de nivel\u00bb: \u00abIgual, si me va mal y me toca bajar a <b>jugar Challenger lo voy a hacer y lo voy a aceptar como un desaf\u00edo m\u00e1s<\/b>, porque es algo que a todos nos puedo pasar y a veces es necesario\u00bb.<\/p>\n<p>&#13;<\/p>\n<p>        Hasta llegar a la <b>Davis, al mejor ranking de su carrera, a jugar los cuatro Grand Slams<\/b>, y a alcanzar todo el resto de sus logros, Comesa\u00f1a pas\u00f3 por situaciones como competir en un torneo en Suecia donde le toc\u00f3 hospedarse al lado de las v\u00edas del tren, o como <b>casi quedar detenido en la frontera rumana<\/b> porque su firma no coincid\u00eda con la de su DNI.<\/p>\n<p>&#8211; A ese Francisco chiquito, que la pele\u00f3, que a los 16 a\u00f1os se mud\u00f3 a Capital para vivir solo, \u00bfqu\u00e9 le dir\u00edas?<\/p>\n<p><b>&#8211; Que se rompa el alma, que sue\u00f1e mucho y que nunca deje de disfrutar. Le dir\u00eda que siempre est\u00e9 preparado porque nunca se sabe cuando te puede tocar a vos.<\/b><\/p>\n<p><img decoding=\"async\" class=\"mainImg r16x9\" width=\"416\" height=\"234\" fetchpriority=\"low\" loading=\"lazy\" src=\"https:\/\/www.europesays.com\/es\/wp-content\/uploads\/2025\/09\/francisco-comesana_416x234.webp\"  alt=\"Francisco Comesa\u00f1a\" title=\"Francisco Comesa\u00f1a\"\/> Francisco Comesa\u00f1a gan\u00f3 un incre\u00edble partido en el Masters 1000 de Cincinnati (GettyImages).&#13;<\/p>\n<p>        <img decoding=\"async\" loading=\"lazy\" src=\"https:\/\/www.europesays.com\/es\/wp-content\/uploads\/2025\/08\/tenis-.png\" width=\"50\" heigth=\"50\" alt=\"Logo de Tenis\"\/><\/p>\n<p class=\"subs-tag\">&#13;<br \/>\n            &#13;<br \/>\n            &#13;<br \/>\n            &#13;<br \/>\n            &#13;<br \/>\n            &#13;<br \/>\n         No te pierdas nada<\/p>\n<p>        &#13;<br \/>\n            Recib\u00ed las \u00faltimas noticias de Tenis \u00a1y m\u00e1s!    &#13;<br \/>\n    &#13;<\/p>\n<p>&#13;<br \/>\n    &#13;<br \/>\n       &#13;<br \/>\n&#13;<br \/>\n        Te puede interesar<a href=\"https:\/\/www.tycsports.com\/tenis\/cruces-definidos-argentina-paises-bajos-segunda-ronda-clasificatoria-copa-davise-id685277.html\" onclick=\"ga4SelectContentEvent(&quot;Se definieron los cruces entre Argentina y Pa\\u00edses Bajos: lo que hay que saber&quot;,&quot;Tenis&quot;,&quot;page_nota-comun-2024-blo_4109&quot;,&quot;Tiziano Pascale&quot;);\" class=\"cardImageHolder\" rel=\"nofollow noopener\" target=\"_blank\"><img decoding=\"async\" class=\"cardImage r16x9\" width=\"416\" height=\"234\" fetchpriority=\"low\" loading=\"lazy\" src=\"https:\/\/www.europesays.com\/es\/wp-content\/uploads\/2025\/09\/delegacion-argentina-copa-davis_416x234.webp.webp\"  alt=\"Se definieron los cruces entre Argentina y Pa\u00edses Bajos: lo que hay que saber\" title=\"Se definieron los cruces entre Argentina y Pa\u00edses Bajos: lo que hay que saber\"\/><\/a><a href=\"https:\/\/www.tycsports.com\/tenis\/anna-kalinskaya-revelo-holger-rune-invito-salir-tenis-deporte-us-open-id685148.html\" onclick=\"ga4SelectContentEvent(&quot;Mensajes y esc\\u00e1ndalo en el circuito: del filoso \\&quot;est\\u00e1 desesperado\\&quot; al \\&quot;si quiero una cita, se la pido\\&quot;&quot;,&quot;Tenis&quot;,&quot;page_nota-comun-2024-blo_4109&quot;,&quot;Mat\\u00edas Besana&quot;);\" class=\"cardImageHolder\" rel=\"nofollow noopener\" target=\"_blank\"><img decoding=\"async\" class=\"cardImage r16x9\" width=\"416\" height=\"234\" fetchpriority=\"low\" loading=\"lazy\" src=\"https:\/\/www.europesays.com\/es\/wp-content\/uploads\/2025\/09\/anna-kalinskaya-tenista-rusa-de-26-anos_416x234.webp\"  alt=\"Mensajes y esc\u00e1ndalo en el circuito: del filoso &quot;est\u00e1 desesperado&quot; al &quot;si quiero una cita, se la pido&quot;\" title=\"Mensajes y esc\u00e1ndalo en el circuito: del filoso &quot;est\u00e1 desesperado&quot; al &quot;si quiero una cita, se la pido&quot;\"\/><\/a><a href=\"https:\/\/www.tycsports.com\/tenis\/horacio-zeballos-campeon-us-open-sumo-argentina-copa-davis-paises-bajos-holanda-cerundolo-etcheverry-id684847.html\" onclick=\"ga4SelectContentEvent(&quot;Tras ganar el US Open, Zeballos se sum\\u00f3 al equipo de Copa Davis: \\u201cAhora tengo la cabeza en aportar mi punto\\u201d&quot;,&quot;Tenis&quot;,&quot;page_nota-comun-2024-blo_4109&quot;,&quot;Mat\\u00edas Besana&quot;);\" class=\"cardImageHolder\" rel=\"nofollow noopener\" target=\"_blank\">&#13;<br \/>\n                    &#13;<br \/>\n                    &#13;<br \/>\n                <img decoding=\"async\" class=\"cardImage r16x9\" width=\"416\" height=\"234\" fetchpriority=\"low\" loading=\"lazy\" src=\"https:\/\/www.europesays.com\/es\/wp-content\/uploads\/2025\/09\/horacio-zeballos-el-cuarto-numero-uno-en-la-historia-del-tenis-argentino_416x234.webp\"  alt=\"Tras ganar el US Open, Zeballos se sum\u00f3 al equipo de Copa Davis: \u201cAhora tengo la cabeza en aportar mi punto\u201d\" title=\"Tras ganar el US Open, Zeballos se sum\u00f3 al equipo de Copa Davis: \u201cAhora tengo la cabeza en aportar mi punto\u201d\"\/><\/a><a href=\"https:\/\/www.tycsports.com\/tenis\/rafael-nadal-aconsejo-carlos-alcaraz-diferencias-jannik-sinner-final-us-open-tenis-id684539.html\" onclick=\"ga4SelectContentEvent(&quot;Antes de la final del US Open, Nadal aconsej\\u00f3 a Alcaraz y marc\\u00f3 sus diferencias con Sinner&quot;,&quot;Tenis&quot;,&quot;page_nota-comun-2024-blo_4109&quot;,&quot;Mat\\u00edas Besana&quot;);\" class=\"cardImageHolder\" rel=\"nofollow noopener\" target=\"_blank\"><img decoding=\"async\" class=\"cardImage r16x9\" width=\"416\" height=\"234\" fetchpriority=\"low\" loading=\"lazy\" src=\"https:\/\/www.europesays.com\/es\/wp-content\/uploads\/2025\/09\/carlos-alcaraz-y-rafael-nadal-tenistas-espanoles_416x234.webp\"  alt=\"Antes de la final del US Open, Nadal aconsej\u00f3 a Alcaraz y marc\u00f3 sus diferencias con Sinner\" title=\"Antes de la final del US Open, Nadal aconsej\u00f3 a Alcaraz y marc\u00f3 sus diferencias con Sinner\"\/><\/a><a href=\"https:\/\/www.tycsports.com\/tenis\/aryna-sabalenka-campeona-us-open-segunda-vez-id684458.html\" onclick=\"ga4SelectContentEvent(&quot;Aryna Sabalenka, campeona del US Open por segunda vez consecutiva&quot;,&quot;Tenis&quot;,&quot;page_nota-comun-2024-blo_4109&quot;,&quot;Federico Zbogar&quot;);\" class=\"cardImageHolder\" rel=\"nofollow noopener\" target=\"_blank\">&#13;<br \/>\n                    &#13;<br \/>\n                    &#13;<br \/>\n                <img decoding=\"async\" class=\"cardImage r16x9\" width=\"416\" height=\"234\" fetchpriority=\"low\" loading=\"lazy\" src=\"https:\/\/www.europesays.com\/es\/wp-content\/uploads\/2025\/09\/aryna-sabalenka-campeona-del-us-open-2025_416x234.webp\"  alt=\"Aryna Sabalenka, campeona del US Open por segunda vez consecutiva\" title=\"Aryna Sabalenka, campeona del US Open por segunda vez consecutiva\"\/><\/a><a href=\"https:\/\/www.tycsports.com\/tenis\/horacio-zeballos-y-marcel-granollers-campeones-us-open-remontada-id684431.html\" onclick=\"ga4SelectContentEvent(&quot;Zeballos levant\\u00f3 tres matchpoints en contra y se consagr\\u00f3 en dobles junto a Granollers&quot;,&quot;Tenis&quot;,&quot;page_nota-comun-2024-blo_4109&quot;,&quot;Ciro Frustaci Zaccaro&quot;);\" class=\"cardImageHolder\" rel=\"nofollow noopener\" target=\"_blank\">&#13;<br \/>\n                    &#13;<br \/>\n                    &#13;<br \/>\n                <img decoding=\"async\" class=\"cardImage r16x9\" width=\"416\" height=\"234\" fetchpriority=\"low\" loading=\"lazy\" src=\"https:\/\/www.europesays.com\/es\/wp-content\/uploads\/2025\/09\/horacio-zeballos-marcel-granollers-us-open_416x234.webp.webp\"  alt=\"Zeballos levant\u00f3 tres matchpoints en contra y se consagr\u00f3 en dobles junto a Granollers\" title=\"Zeballos levant\u00f3 tres matchpoints en contra y se consagr\u00f3 en dobles junto a Granollers\"\/><\/a>&#13;<br \/>\n&#13;<br \/>\n    &#13;<br \/>\n&#13;<br \/>\n&#13;<br \/>\n                  &#13;<\/p>\n","protected":false},"excerpt":{"rendered":"&#13; &#13; &#13; &#13; El marplatense integra la lista del equipo argentino que visitar\u00e1 a Pa\u00edses Bajos. En&hellip;\n","protected":false},"author":2,"featured_media":108212,"comment_status":"","ping_status":"","sticky":false,"template":"","format":"standard","meta":{"footnotes":""},"categories":[274],"tags":[13877,168,25,24,23,167,327,326],"class_list":{"0":"post-108211","1":"post","2":"type-post","3":"status-publish","4":"format-standard","5":"has-post-thumbnail","7":"category-tenis","8":"tag-copa-davis","9":"tag-deportes","10":"tag-es","11":"tag-espana","12":"tag-spain","13":"tag-sports","14":"tag-tenis","15":"tag-tennis"},"share_on_mastodon":{"url":"","error":""},"_links":{"self":[{"href":"https:\/\/www.europesays.com\/es\/wp-json\/wp\/v2\/posts\/108211","targetHints":{"allow":["GET"]}}],"collection":[{"href":"https:\/\/www.europesays.com\/es\/wp-json\/wp\/v2\/posts"}],"about":[{"href":"https:\/\/www.europesays.com\/es\/wp-json\/wp\/v2\/types\/post"}],"author":[{"embeddable":true,"href":"https:\/\/www.europesays.com\/es\/wp-json\/wp\/v2\/users\/2"}],"replies":[{"embeddable":true,"href":"https:\/\/www.europesays.com\/es\/wp-json\/wp\/v2\/comments?post=108211"}],"version-history":[{"count":0,"href":"https:\/\/www.europesays.com\/es\/wp-json\/wp\/v2\/posts\/108211\/revisions"}],"wp:featuredmedia":[{"embeddable":true,"href":"https:\/\/www.europesays.com\/es\/wp-json\/wp\/v2\/media\/108212"}],"wp:attachment":[{"href":"https:\/\/www.europesays.com\/es\/wp-json\/wp\/v2\/media?parent=108211"}],"wp:term":[{"taxonomy":"category","embeddable":true,"href":"https:\/\/www.europesays.com\/es\/wp-json\/wp\/v2\/categories?post=108211"},{"taxonomy":"post_tag","embeddable":true,"href":"https:\/\/www.europesays.com\/es\/wp-json\/wp\/v2\/tags?post=108211"}],"curies":[{"name":"wp","href":"https:\/\/api.w.org\/{rel}","templated":true}]}}