{"id":108217,"date":"2025-09-11T17:06:08","date_gmt":"2025-09-11T17:06:08","guid":{"rendered":"https:\/\/www.europesays.com\/es\/108217\/"},"modified":"2025-09-11T17:06:08","modified_gmt":"2025-09-11T17:06:08","slug":"definidos-los-cruces-de-semifinales-de-la-supercopa-lf-endesa-2025","status":"publish","type":"post","link":"https:\/\/www.europesays.com\/es\/108217\/","title":{"rendered":"Definidos los cruces de semifinales de la Supercopa LF Endesa 2025"},"content":{"rendered":"<p>Perfumer\u00edas Avenida contra Valencia Basket y Casademont Zaragoza contra Hozono Global Jairis ser\u00e1n los cruces de semifinales de la Supercopa LF Endesa. El acto, presentado por Amaya Valdemoro, ha sido retransmitido por el canal de Twitch de la FEB.<\/p>\n<p>\u00c1REA DE COMUNICACI\u00d3N FEB<\/p>\n<p>La temporada 2025\/26 comenzar\u00e1, como ya es tradici\u00f3n, con la disputa de la Supercopa LF Endesa. La cita ser\u00e1 en el Palacio de los Deportes de Huesca los d\u00edas 27 y 28 de septiembre con las c\u00e1maras de televisi\u00f3n en directo. Por primera vez la competici\u00f3n llega a Arag\u00f3n y a una ciudad de amplia tradici\u00f3n de baloncesto.<\/p>\n<p>El primer cruce (s\u00e1bado 27 17:15 h) enfrentar\u00e1 al Perfumer\u00edas Avenida frente al Valencia Basket mientras que la segunda semifinal (s\u00e1bado 27 20:00 h) enfrentar\u00e1 al Casademont Zaragoza y al Hozono Global Jairis. El domingo 28 (17:00 h) ser\u00e1 la gran final con los dos ganadores de los partidos de semis.<\/p>\n<p>XXIII SUPERCOPA LF ENDESA:<br \/>&#13;<br \/>\nFecha: S\u00e1bado 27 y domingo 28 de septiembre<br \/>&#13;<br \/>\n Lugar: Palacio de los Deportes de Huesca<br \/>&#13;<br \/>\n TV: Teledeporte<\/p>\n<p>Semi 1: S\u00e1bado 27 a las 17:15 h. Perfumer\u00edas Avenida vs Valencia Basket<br \/>&#13;<br \/>\n Semi 2: S\u00e1bado 27 a las 20:00 h. Casademont Zaragoza vs Hozono Global Jairis<br \/>&#13;<br \/>\n Final: Domingo 28 a las 17:00 h.<\/p>\n<p>El equipo valenciano tiene en su palmar\u00e9s tres t\u00edtulos, ya que tambi\u00e9n venci\u00f3 en Tenerife 2021 y Las Palmas de Gran Canaria 2023, mientras que el equipo m\u00e1s laureado sigue siendo el Perfumer\u00edas Avenida, con nueve t\u00edtulos. El Casademont Zaragoza jugar\u00e1 su tercera Supercopa LF Endesa y el Hozono Global Jairis disputar\u00e1 la segunda consecutiva tras la celebrada el pasado curso en su pista.<\/p>\n<p>Una cita que contar\u00e1 con el respaldo del Gobierno de Arag\u00f3n, de Arag\u00f3n Turismo y del Ayuntamiento de Huesca para poder llevar la competici\u00f3n hasta la localidad del alto Arag\u00f3n. <\/p>\n<p>PALMAR\u00c9S<br \/>&#13;<br \/>\n 9 | Perfumer\u00edas Avenida<br \/>&#13;<br \/>\n 6 | Ros Casares Valencia<br \/>&#13;<br \/>\n 3 | Spar Girona<br \/>&#13;<br \/>\n 3 | Valencia Basket<br \/>&#13;<br \/>\n 1 | UB FC Barcelona<\/p>\n<p>\u00daLTIMOS CAMPEONES<br \/>&#13;<br \/>\n 2020 Bilbao | Perfumer\u00edas Avenida<br \/>&#13;<br \/>\n 2021 Tenerife | Valencia <br \/>&#13;<br \/>\n 2022 Vitoria | Spar Girona<br \/>&#13;<br \/>\n 2023 Las Palmas | Valencia Basket<br \/>&#13;<br \/>\n 2024 Alcantarilla | Valencia Basket<br \/>&#13;<br \/>\n 2025 Huesca | \u00bf?<\/p>\n","protected":false},"excerpt":{"rendered":"Perfumer\u00edas Avenida contra Valencia Basket y Casademont Zaragoza contra Hozono Global Jairis ser\u00e1n los cruces de semifinales de&hellip;\n","protected":false},"author":2,"featured_media":108218,"comment_status":"","ping_status":"","sticky":false,"template":"","format":"standard","meta":{"footnotes":""},"categories":[269],"tags":[4605,299,1918,298,4597,4613,4616,4609,4608,4610,168,4603,4606,25,24,4120,4598,4614,2713,4601,830,4599,4600,4602,4615,4617,4607,4604,23,167,4611,4612],"class_list":{"0":"post-108217","1":"post","2":"type-post","3":"status-publish","4":"format-standard","5":"has-post-thumbnail","7":"category-baloncesto","8":"tag-arbitros-baloncesto","9":"tag-baloncesto","10":"tag-basket","11":"tag-basketball","12":"tag-basquet","13":"tag-canalfeb","14":"tag-clasificacion","15":"tag-copa-princesa","16":"tag-copa-principe","17":"tag-copa-reina","18":"tag-deportes","19":"tag-eba","20":"tag-entrenadores-baloncesto","21":"tag-es","22":"tag-espana","23":"tag-estadisticas","24":"tag-federacion-baloncesto","25":"tag-jornada-virtual","26":"tag-jugadores","27":"tag-laeb-plata","28":"tag-leb-oro","29":"tag-liga-espana","30":"tag-liga-espanola-baloncesto","31":"tag-liga-femenina","32":"tag-marcadores-baloncesto","33":"tag-rankings","34":"tag-reglas-baloncesto","35":"tag-seleccion-baloncesto","36":"tag-spain","37":"tag-sports","38":"tag-supercopa","39":"tag-television-baloncesto"},"share_on_mastodon":{"url":"","error":""},"_links":{"self":[{"href":"https:\/\/www.europesays.com\/es\/wp-json\/wp\/v2\/posts\/108217","targetHints":{"allow":["GET"]}}],"collection":[{"href":"https:\/\/www.europesays.com\/es\/wp-json\/wp\/v2\/posts"}],"about":[{"href":"https:\/\/www.europesays.com\/es\/wp-json\/wp\/v2\/types\/post"}],"author":[{"embeddable":true,"href":"https:\/\/www.europesays.com\/es\/wp-json\/wp\/v2\/users\/2"}],"replies":[{"embeddable":true,"href":"https:\/\/www.europesays.com\/es\/wp-json\/wp\/v2\/comments?post=108217"}],"version-history":[{"count":0,"href":"https:\/\/www.europesays.com\/es\/wp-json\/wp\/v2\/posts\/108217\/revisions"}],"wp:featuredmedia":[{"embeddable":true,"href":"https:\/\/www.europesays.com\/es\/wp-json\/wp\/v2\/media\/108218"}],"wp:attachment":[{"href":"https:\/\/www.europesays.com\/es\/wp-json\/wp\/v2\/media?parent=108217"}],"wp:term":[{"taxonomy":"category","embeddable":true,"href":"https:\/\/www.europesays.com\/es\/wp-json\/wp\/v2\/categories?post=108217"},{"taxonomy":"post_tag","embeddable":true,"href":"https:\/\/www.europesays.com\/es\/wp-json\/wp\/v2\/tags?post=108217"}],"curies":[{"name":"wp","href":"https:\/\/api.w.org\/{rel}","templated":true}]}}