{"id":108219,"date":"2025-09-11T17:07:10","date_gmt":"2025-09-11T17:07:10","guid":{"rendered":"https:\/\/www.europesays.com\/es\/108219\/"},"modified":"2025-09-11T17:07:10","modified_gmt":"2025-09-11T17:07:10","slug":"fc-barcelona-oficial-thiago-se-incorpora-al-staff-de-hansi-flick","status":"publish","type":"post","link":"https:\/\/www.europesays.com\/es\/108219\/","title":{"rendered":"FC Barcelona | Oficial: Thiago se incorpora al staff de Hansi Flick"},"content":{"rendered":"<p class=\"ft-text\"><strong>Thiago Alc\u00e1ntara ha comenzado a trabajar sobre el c\u00e9sped como miembro del staff t\u00e9cnico del primer equipo<\/strong>, en calidad de asistente del entrenador Hansi Flick. <a class=\"ft-link ft-link--decoration\" href=\"https:\/\/www.sport.es\/es\/noticias\/barca\/bases-estilo-thiago-insistido-flick-121421749\" rel=\"nofollow noopener\" target=\"_blank\">Su labor consistir\u00e1 en colaborar en aspectos t\u00e1cticos y en la preparaci\u00f3n de las sesiones de entrenamiento<\/a>, entre otras tareas, aportando su experiencia y visi\u00f3n del juego para <strong>enriquecer el trabajo diario del equipo.<\/strong><\/p>\n<p class=\"ft-text\">Esta fue la informaci\u00f3n facilitada oficialmente por la entidad barcelonista despu\u00e9s de unos d\u00edas de negociaciones. <strong>Finalmente qued\u00f3 delimitado el trabajo que efectuar\u00eda el mayor de los Alc\u00e1ntara y su contrato.<\/strong><\/p>\n<p class=\"ft-text\"><a class=\"ft-link ft-link--decoration\" href=\"https:\/\/www.sport.es\/es\/noticias\/barca\/thiago-alcantara-vuelve-barca-121299962\" rel=\"nofollow noopener\" target=\"_blank\">Thiago ya particip\u00f3 en el almuerzo que organiz\u00f3 el staff de Hansi Flick<\/a> esta semana y solo era cuesti\u00f3n de solucionar <strong>unos detalles para que se incorporara de una manera definitiva.<\/strong><\/p>\n<p class=\"ft-text\">Cabe recordar que <strong>el ex jugador ya estuvo al lado de Flick en la pretemporada del verano del 2024 <\/strong>cuando le ayud\u00f3 a su integraci\u00f3n en el club. Thiago hizo un trabajo de nexo con los jugadores que fue de gran utilidad para el t\u00e9cnico teut\u00f3n.<\/p>\n<p class=\"ft-text\">Thiago realiz\u00f3 esta labor por una cuesti\u00f3n de amistad y dej\u00f3 el puesto durante la temporada para encargarse de otros asuntos personales. <strong>Su retirada en Liverpool era muy reciente y a\u00fan estuvo un tiempo en Inglaterra<\/strong>, as\u00ed como arranc\u00f3 otros proyectos como <a class=\"ft-link ft-link--decoration\" href=\"https:\/\/www.sport.es\/es\/noticias\/futbol-catalan\/oficial-jordi-alba-thiago-alcantara-116616830\" rel=\"nofollow noopener\" target=\"_blank\">la adquisici\u00f3n de L&#8217;Hospitalet junto a Jordi Alba.<\/a><\/p>\n<p>El equipo al completo<\/p>\n<p class=\"ft-text\">Adem\u00e1s de Thiago, en cuanto a la plantilla, despu\u00e9s de que el martes algunos internacionales volvieran a participar en las sesiones, este jueves han llegado el resto de jugadores que faltaban:<strong> Rashford, Kounde, Raphinha, Christensen, Ronald Araujo y Roony Bardghji. <\/strong><\/p>\n<p class=\"ft-text\"><strong>El brasile\u00f1o y el uruguayo, que han sido de los \u00faltimos en reincorporarse, han realizado tareas espec\u00edficas de recuperaci\u00f3n<\/strong> antes de integrarse completamente a la din\u00e1mica grupal. Ambos llegaban de un largo viaje en Suram\u00e9rica. <a class=\"ft-link ft-link--decoration\" href=\"https:\/\/www.sport.es\/es\/noticias\/barca\/monumental-cabreo-raphinha-121412254\" rel=\"nofollow noopener\" target=\"_blank\">Raphinha tuvo que jugar en Bolivia, mientras que Araujo lo hizo en Santiago de Chile.<\/a><\/p>\n<p class=\"ft-text\">Tambi\u00e9n han participado los habituales del filial: <strong>Dro, Toni y Jofre, mientras que Frenkie, Balde y Gavi se han ejercitado al margen<\/strong>; concretamente, el holand\u00e9s ha realizado parte de la sesi\u00f3n sobre el c\u00e9sped para retomar el ritmo con normalidad. <strong>Su lesi\u00f3n es leve, pero parece casi imposible que llegue al encuentro del domingo.<\/strong><\/p>\n<p class=\"ft-text\">Con toda la plantilla ya reunida, el equipo ha continuado trabajando con <strong>la vista puesta en el partido del domingo contra el Valencia,<\/strong> el primero como locales de esta temporada.<strong> Flick a\u00fan contar\u00e1 con dos sesiones m\u00e1s, el viernes y el s\u00e1bado, para pulir los detalles t\u00e1cticos<\/strong> de cara a un duelo exigente ante un rival renovado. El domingo, el Bar\u00e7a buscar\u00e1 reencontrarse con la victoria ante la afici\u00f3n tras el empate en Vallecas.<\/p>\n","protected":false},"excerpt":{"rendered":"Thiago Alc\u00e1ntara ha comenzado a trabajar sobre el c\u00e9sped como miembro del staff t\u00e9cnico del primer equipo, en&hellip;\n","protected":false},"author":2,"featured_media":108220,"comment_status":"","ping_status":"","sticky":false,"template":"","format":"standard","meta":{"footnotes":""},"categories":[268],"tags":[2296,210,168,25,24,4970,280,282,281,23,167,37303],"class_list":{"0":"post-108219","1":"post","2":"type-post","3":"status-publish","4":"format-standard","5":"has-post-thumbnail","7":"category-futbol","8":"tag-barca","9":"tag-barcelona","10":"tag-deportes","11":"tag-es","12":"tag-espana","13":"tag-flick","14":"tag-football","15":"tag-futbol","16":"tag-soccer","17":"tag-spain","18":"tag-sports","19":"tag-thiago"},"share_on_mastodon":{"url":"","error":""},"_links":{"self":[{"href":"https:\/\/www.europesays.com\/es\/wp-json\/wp\/v2\/posts\/108219","targetHints":{"allow":["GET"]}}],"collection":[{"href":"https:\/\/www.europesays.com\/es\/wp-json\/wp\/v2\/posts"}],"about":[{"href":"https:\/\/www.europesays.com\/es\/wp-json\/wp\/v2\/types\/post"}],"author":[{"embeddable":true,"href":"https:\/\/www.europesays.com\/es\/wp-json\/wp\/v2\/users\/2"}],"replies":[{"embeddable":true,"href":"https:\/\/www.europesays.com\/es\/wp-json\/wp\/v2\/comments?post=108219"}],"version-history":[{"count":0,"href":"https:\/\/www.europesays.com\/es\/wp-json\/wp\/v2\/posts\/108219\/revisions"}],"wp:featuredmedia":[{"embeddable":true,"href":"https:\/\/www.europesays.com\/es\/wp-json\/wp\/v2\/media\/108220"}],"wp:attachment":[{"href":"https:\/\/www.europesays.com\/es\/wp-json\/wp\/v2\/media?parent=108219"}],"wp:term":[{"taxonomy":"category","embeddable":true,"href":"https:\/\/www.europesays.com\/es\/wp-json\/wp\/v2\/categories?post=108219"},{"taxonomy":"post_tag","embeddable":true,"href":"https:\/\/www.europesays.com\/es\/wp-json\/wp\/v2\/tags?post=108219"}],"curies":[{"name":"wp","href":"https:\/\/api.w.org\/{rel}","templated":true}]}}