{"id":108223,"date":"2025-09-11T17:10:07","date_gmt":"2025-09-11T17:10:07","guid":{"rendered":"https:\/\/www.europesays.com\/es\/108223\/"},"modified":"2025-09-11T17:10:07","modified_gmt":"2025-09-11T17:10:07","slug":"piedad-bonnett-se-sincera-sobre-su-libro-la-mujer-incierta-autobiografia-vulnerabilidad-y-rebeldia","status":"publish","type":"post","link":"https:\/\/www.europesays.com\/es\/108223\/","title":{"rendered":"Piedad Bonnett se sincera sobre su libro La Mujer Incierta: Autobiograf\u00eda, vulnerabilidad y rebeld\u00eda"},"content":{"rendered":"<p>La reconocida <b>poeta, novelista y cr\u00edtica literaria Piedad Bonnett <\/b>describi\u00f3 <b>\u201cLa Mujer Incierta\u201d<\/b> como su libro m\u00e1s autobiogr\u00e1fico hasta la fecha, aunque aclar\u00f3 que no se trata de una autobiograf\u00eda tradicional. <\/p>\n<p>\u201cEs absolutamente autobiogr\u00e1fico, es la \u00fanica vez que de verdad he hecho un libro autobiogr\u00e1fico <b>en el sentido de que soy yo la protagonista,<\/b> ahora no es una autobiograf\u00eda. Es un libro que a partir del tema del cuerpo, que es como el hilo conductor, habla de una serie de cosas de mi propia vida, pero siempre pensando tambi\u00e9n en mujeres de mi generaci\u00f3n y en mujeres en general\u201d.<\/p>\n<p>Bonett explic\u00f3 que el libro aborda temas como la educaci\u00f3n recibida y la<b> b\u00fasqueda de la libertad. <\/b>\u201cSolo toco unos temas de mi propia vida como lo que te estaba diciendo el cuerpo tambi\u00e9n la educaci\u00f3n que recib\u00ed como una cosa que nos determina para siempre y sobre todo el tema de la libertad y de las elecciones cu\u00e1nto me equivoqu\u00e9 yo cu\u00e1nto tambi\u00e9n hice por encima de todo lo que eran digamos los imperativos que me coaccionaban\u201d.<\/p>\n<p>En ese sentido, la autora destac\u00f3 la importancia de mostrar la vulnerabilidad para mostrar que siempre tenemos incertidumbres: \u201cNo para mostrarme como una hero\u00edna sino precisamente como dice el t\u00edtulo para mostrar que uno siempre tiene incertidumbres y bueno eso es vulnerabilidades para mostrar que yo soy vulnerable y que muchas mujeres y muchos hombres tambi\u00e9n lo son\u201d.<\/p>\n<p><b>Noticia en desarrollo <\/b><\/p>\n","protected":false},"excerpt":{"rendered":"La reconocida poeta, novelista y cr\u00edtica literaria Piedad Bonnett describi\u00f3 \u201cLa Mujer Incierta\u201d como su libro m\u00e1s autobiogr\u00e1fico&hellip;\n","protected":false},"author":2,"featured_media":108224,"comment_status":"","ping_status":"","sticky":false,"template":"","format":"standard","meta":{"footnotes":""},"categories":[172],"tags":[224,3943,1803,146,147,25,24,1807,225,37308,2052,23],"class_list":{"0":"post-108223","1":"post","2":"type-post","3":"status-publish","4":"format-standard","5":"has-post-thumbnail","7":"category-libros","8":"tag-books","9":"tag-cali","10":"tag-colombia","11":"tag-entertainment","12":"tag-entretenimiento","13":"tag-es","14":"tag-espana","15":"tag-lectura","16":"tag-libros","17":"tag-piedad-bonnett","18":"tag-poesia","19":"tag-spain"},"share_on_mastodon":{"url":"","error":""},"_links":{"self":[{"href":"https:\/\/www.europesays.com\/es\/wp-json\/wp\/v2\/posts\/108223","targetHints":{"allow":["GET"]}}],"collection":[{"href":"https:\/\/www.europesays.com\/es\/wp-json\/wp\/v2\/posts"}],"about":[{"href":"https:\/\/www.europesays.com\/es\/wp-json\/wp\/v2\/types\/post"}],"author":[{"embeddable":true,"href":"https:\/\/www.europesays.com\/es\/wp-json\/wp\/v2\/users\/2"}],"replies":[{"embeddable":true,"href":"https:\/\/www.europesays.com\/es\/wp-json\/wp\/v2\/comments?post=108223"}],"version-history":[{"count":0,"href":"https:\/\/www.europesays.com\/es\/wp-json\/wp\/v2\/posts\/108223\/revisions"}],"wp:featuredmedia":[{"embeddable":true,"href":"https:\/\/www.europesays.com\/es\/wp-json\/wp\/v2\/media\/108224"}],"wp:attachment":[{"href":"https:\/\/www.europesays.com\/es\/wp-json\/wp\/v2\/media?parent=108223"}],"wp:term":[{"taxonomy":"category","embeddable":true,"href":"https:\/\/www.europesays.com\/es\/wp-json\/wp\/v2\/categories?post=108223"},{"taxonomy":"post_tag","embeddable":true,"href":"https:\/\/www.europesays.com\/es\/wp-json\/wp\/v2\/tags?post=108223"}],"curies":[{"name":"wp","href":"https:\/\/api.w.org\/{rel}","templated":true}]}}