{"id":108234,"date":"2025-09-11T17:16:08","date_gmt":"2025-09-11T17:16:08","guid":{"rendered":"https:\/\/www.europesays.com\/es\/108234\/"},"modified":"2025-09-11T17:16:08","modified_gmt":"2025-09-11T17:16:08","slug":"la-desolacion-de-lucas-de-andy-y-lucas-al-recordar-lo-que-le-ocurrio-con-su-hijo-por-su-nariz-me-tiraron-una-bolsa-de-droga-delante-de-el-el-mundo","status":"publish","type":"post","link":"https:\/\/www.europesays.com\/es\/108234\/","title":{"rendered":"La desolaci\u00f3n de Lucas, de Andy y Lucas, al recordar lo que le ocurri\u00f3 con su hijo por su nariz: &quot;Me tiraron una bolsa de droga delante de \u00e9l&quot; &#8211; El Mundo"},"content":{"rendered":"<ol>\n<li><a href=\"https:\/\/news.google.com\/rss\/articles\/CBMif0FVX3lxTE9xY1ZJYTBSUkdqNlI0TkZZQjNVM0JpWFlsYjZoTHVHRmx4U1JNTlFlaVM0YWhJRU15VE43YWRGX2I5alk4eFJ4ckFtZWd2bDlMUUM2bjUzWC1KeXNCbmpycndsQ3JOSDJkWnRZVV83dGhBZHdVUVB4VE1FV0JqMzQ?oc=5\" target=\"_blank\" rel=\"nofollow noopener\">La desolaci\u00f3n de Lucas, de Andy y Lucas, al recordar lo que le ocurri\u00f3 con su hijo por su nariz: \u00abMe tiraron una bolsa de droga delante de \u00e9l\u00bb<\/a>&nbsp;&nbsp;El Mundo<\/li>\n<li><a href=\"https:\/\/news.google.com\/rss\/articles\/CBMi2AFBVV95cUxOYmVFaExKT0s1NF9LSFZFYlhDUEFiWER3TG83RHNKRzVUeTRYSDRZbE5lTWZJUnBVZGdzbXI4WDFMQURoalVPcVJUZGRhSWVJZ3hfQWVmdTl5QXdkZ1M1ZTZTeWI2TXc0blZDNG0yNXpUdW9oS2xnVjlZNGZhREhpdnRyNFRMUGUwUG56LTh4MG9ybk9uTnVsTmVaQU5tQjF1alYzbDd4TTdEWTNZVEcxeVFUWUNLWkczdWxUYTVSaTh3LTB1ci1TYUhzbEhrWDNKYzV3cWxvbTc?oc=5\" target=\"_blank\" rel=\"nofollow noopener\">Lucas se sincera y aclara el estado de su relaci\u00f3n con Andy: \u201cNo quiero tirarle por los suelos\u201d<\/a>&nbsp;&nbsp;Diario AS<\/li>\n<li><a href=\"https:\/\/news.google.com\/rss\/articles\/CBMixgFBVV95cUxNMUJjdkpNZXNrR1p0ZFpwZy1OMGxhT1d2ZjE5NDRjbDV2S3hOVUdIS0JKQnBhdTFhVy1pbkFjY3l5WkVaMVh3YXZHeVlMUEpPcEE2Vnk0ZExnY01NcDNqbDlvUDNwc09ud2U2VWYxZlBQNGdHS0QtNjVRUXdQUUFHSkZ1MXIyd3ZVTFc2WHB3Xy1TSnIwVmVjSE91LUFMa2tEdGN3VnduZnAtdFYxaHR0c1E0RS1uOFhkcGs3NUtMdWZhcHNDM1E?oc=5\" target=\"_blank\" rel=\"nofollow noopener\">Lucas, de Andy y Lucas, confiesa cu\u00e1l es su verdadero estado de salud:\u201cNo fren\u00e9 cuando deb\u00eda\u201d<\/a>&nbsp;&nbsp;HOLA<\/li>\n<li><a href=\"https:\/\/news.google.com\/rss\/articles\/CBMigAJBVV95cUxPVEZrcGU0THFUV3FKRTJUdDdVdnVhQkpmQ3hJb29lZ3NiMm13aXFOVXpPSWU5VERmc2tnVUFXZ1AwMUNoUDBPUDByR3Y1anZUV21oVXBid2JCaGxTR3RnNE1KUjZYVHpNRm1xRXg2RS1WYTh0T1g2MHdiS1hURjlqTVU4Rk9QMFk4cmFvTGtIcUJzZGxHczVjdDRTUzBVNkZRY0hJZGcwLUJtaklpem5QbXNSRmp5UXk1b3U5RjhVLXBYZTVXb0tYTTBlUkptNjQ1S1NMR1JQZGV4Wm5QdlBEdTNDTEh5em55RlZxMWRKY0NNZGRTdy1YVGtDSXlkXzZL?oc=5\" target=\"_blank\" rel=\"nofollow noopener\">Lucas habla claro sobre su nariz: \u00bbHe tenido que parar la grabaci\u00f3n 3 o 4 veces porque tengo sangrados por mi cicatriz. Me oper\u00e9 y no fui un buen enfermo\u00bb<\/a>&nbsp;&nbsp;La Vanguardia<\/li>\n<li><a href=\"https:\/\/news.google.com\/rss\/articles\/CBMiyAFBVV95cUxQdUFoaEdOc2x5c2tfWjRWRUZ2OGJHYjVKdXprX3dFMHh0VXQ4OTB4MjBsd0N6T0s1cHVrMkN1U0FVdGNCLURyMjJrcExSSkdySGJVZGJ3RTlnR2U2Q29RRTNCS1FaUDdGVzRCZnZoRnRrZk1OLXhURm9EbkM1dmZHYmg0UWctOGF5NmwycEdKc0ZlRHdLM2xrNXl1R1lneE1lX1VQb3dVdUdFUTl5RGEtNmFrRTV3a3A3MThReUx5Nms1N1dOMW1Yag?oc=5\" target=\"_blank\" rel=\"nofollow noopener\">El enigm\u00e1tico mensaje de Andy Morales en redes tras las pol\u00e9micas declaraciones de Lucas<\/a>&nbsp;&nbsp;Diario de C\u00e1diz<\/li>\n<\/ol>\n","protected":false},"excerpt":{"rendered":"La desolaci\u00f3n de Lucas, de Andy y Lucas, al recordar lo que le ocurri\u00f3 con su hijo por&hellip;\n","protected":false},"author":2,"featured_media":108235,"comment_status":"","ping_status":"","sticky":false,"template":"","format":"standard","meta":{"footnotes":""},"categories":[91],"tags":[146,147,25,24,955,23,807],"class_list":{"0":"post-108234","1":"post","2":"type-post","3":"status-publish","4":"format-standard","5":"has-post-thumbnail","7":"category-entretenimiento","8":"tag-entertainment","9":"tag-entretenimiento","10":"tag-es","11":"tag-espana","12":"tag-mediaset","13":"tag-spain","14":"tag-television"},"share_on_mastodon":{"url":"","error":""},"_links":{"self":[{"href":"https:\/\/www.europesays.com\/es\/wp-json\/wp\/v2\/posts\/108234","targetHints":{"allow":["GET"]}}],"collection":[{"href":"https:\/\/www.europesays.com\/es\/wp-json\/wp\/v2\/posts"}],"about":[{"href":"https:\/\/www.europesays.com\/es\/wp-json\/wp\/v2\/types\/post"}],"author":[{"embeddable":true,"href":"https:\/\/www.europesays.com\/es\/wp-json\/wp\/v2\/users\/2"}],"replies":[{"embeddable":true,"href":"https:\/\/www.europesays.com\/es\/wp-json\/wp\/v2\/comments?post=108234"}],"version-history":[{"count":0,"href":"https:\/\/www.europesays.com\/es\/wp-json\/wp\/v2\/posts\/108234\/revisions"}],"wp:featuredmedia":[{"embeddable":true,"href":"https:\/\/www.europesays.com\/es\/wp-json\/wp\/v2\/media\/108235"}],"wp:attachment":[{"href":"https:\/\/www.europesays.com\/es\/wp-json\/wp\/v2\/media?parent=108234"}],"wp:term":[{"taxonomy":"category","embeddable":true,"href":"https:\/\/www.europesays.com\/es\/wp-json\/wp\/v2\/categories?post=108234"},{"taxonomy":"post_tag","embeddable":true,"href":"https:\/\/www.europesays.com\/es\/wp-json\/wp\/v2\/tags?post=108234"}],"curies":[{"name":"wp","href":"https:\/\/api.w.org\/{rel}","templated":true}]}}