{"id":108268,"date":"2025-09-11T17:36:09","date_gmt":"2025-09-11T17:36:09","guid":{"rendered":"https:\/\/www.europesays.com\/es\/108268\/"},"modified":"2025-09-11T17:36:09","modified_gmt":"2025-09-11T17:36:09","slug":"ruedan-en-ubarmin-la-pelicula-de-terror-the-night-house-basada-en-la-novela-de-jo-nesbo","status":"publish","type":"post","link":"https:\/\/www.europesays.com\/es\/108268\/","title":{"rendered":"Ruedan en Ubarmin la pel\u00edcula de terror &#8216;The Night House&#8217;, basada en la novela de Jo Nesb\u00f8"},"content":{"rendered":"<p>\n        La <strong>Cl\u00ednica Ubarmin<\/strong>, ubicada en el <strong>Valle de Eg\u00fc\u00e9s,<\/strong> ha acogido esta semana el <a href=\"https:\/\/www.noticiasdenavarra.com\/tags\/rodajes\/\" title=\"rodaje\" target=\"_blank\" class=\"link copy\" rel=\"nofollow noopener\">rodaje<\/a> de algunas escenas de <strong>The Night House<\/strong>, pel\u00edcula de <strong>terror psicol\u00f3gico <\/strong>basada en la novela hom\u00f3nima de <strong>Jo Nesb\u00f8<\/strong>.\n<\/p>\n<p class=\"article-body__text \">\n        La pel\u00edcula, que se ha rodado tambi\u00e9n en<a href=\"https:\/\/www.noticiasdealava.eus\/cultura\/2025\/08\/26\/the-night-house-inicia-rodaje-vitoria-gasteiz-ikastola-olabie-escenario-alava-araba-aaron-paul-jacob-tremblay-10015959.html\" title=\"Vitoria-Gasteiz\" target=\"_blank\" class=\"link copy\" rel=\"nofollow noopener\"> Vitoria-Gasteiz<\/a> y continuar\u00e1 en Bizkaia, est\u00e1 protagonizada por <strong>Aaron Paul<\/strong>, conocido mundialmente por su papel de <strong>Jesse Pinkman<\/strong> en la emblem\u00e1tica serie<strong> Breaking Bad<\/strong>, y por el joven actor <strong>Jacob Trembla<\/strong>y, que ha trabajado en pel\u00edculas como <strong>Wonder<\/strong>,<strong> La habitaci\u00f3n<\/strong> o <strong>The Toxic Avenger<\/strong>.\n<\/p>\n<p class=\"article-body__text \">\n        \u201cTras la reciente muerte de sus padres, Richard, <strong>un estudiante de secundaria, es enviado a vivir con unos familiares en el remoto pueblo <\/strong>de Ballantyne. Un d\u00eda, durante una <strong>inocente broma telef\u00f3nica<\/strong> en una cabina, Richard presencia con sorpresa c\u00f3mo su compa\u00f1ero de clase es violentamente absorbido por el auricular y desaparece sin dejar rastro.<strong> La polic\u00eda sospecha que Richard es el responsable<\/strong>, y nadie cree su historia, excepto Karen, una compa\u00f1era adolescente que tambi\u00e9n es una marginada. A medida que Richard y Karen tratan de entender la inexplicable muerte de su amigo, pronto se dan cuenta de que <strong>han desatado fuerzas malignas aterradoras\u00bb.<\/strong>\n<\/p>\n<p class=\"article-body__text \">\n        Esta es la sinopsis oficial de la historia creada por<strong> Jo Nesb\u00f8,<\/strong> autor superventas de t\u00edtulos como El mu\u00f1eco de nieve, Eclipse o Cuchillo.\n<\/p>\n<p class=\"article-photo__footer\">\n            Jacob Tremblay, en San Diego este a\u00f1o.            Gage Skidmore        <\/p>\n<p>  Inquietante<\/p>\n<p class=\"article-body__text \">\n        Dirige la pel\u00edcula <strong>Jesper Ganslandt, que tambi\u00e9n ha escrito el gui\u00f3n junto a Nesb\u00f8<\/strong>. Steven Schneider, conocido por su trabajo en \u00e9xitos del g\u00e9nero como <strong>Paranormal Activity<\/strong> , <strong>Insidious<\/strong> y <strong>Split, <\/strong>entre otros.\n<\/p>\n<p class=\"article-body__text \">\n        <strong>Schneider <\/strong>expres\u00f3 hace unos meses su emoci\u00f3n respecto a The Night House: \u201cEs una<strong> pel\u00edcula de terror inquietante, fresca y absolutamente apasionante<\/strong>. Estoy deseando ver c\u00f3mo toma forma en colaboraci\u00f3n con el talentos\u00edsimo Jesper Ganslandt, Hope Studios y los incre\u00edbles talentos de Aaron Paul y Jacob Tremblay. \u00a1Juntos estamos preparados para ofrecer algo verdaderamente inolvidable!\u201d.<\/p>\n","protected":false},"excerpt":{"rendered":"La Cl\u00ednica Ubarmin, ubicada en el Valle de Eg\u00fc\u00e9s, ha acogido esta semana el rodaje de algunas escenas&hellip;\n","protected":false},"author":2,"featured_media":108269,"comment_status":"","ping_status":"","sticky":false,"template":"","format":"standard","meta":{"footnotes":""},"categories":[169],"tags":[177,146,147,25,24,176,175,1257,10718,23,6667,3498,37319],"class_list":{"0":"post-108268","1":"post","2":"type-post","3":"status-publish","4":"format-standard","5":"has-post-thumbnail","7":"category-cine","8":"tag-cine","9":"tag-entertainment","10":"tag-entretenimiento","11":"tag-es","12":"tag-espana","13":"tag-film","14":"tag-movies","15":"tag-pelicula","16":"tag-ruedan","17":"tag-spain","18":"tag-terror","19":"tag-the","20":"tag-ubarmin"},"share_on_mastodon":{"url":"","error":""},"_links":{"self":[{"href":"https:\/\/www.europesays.com\/es\/wp-json\/wp\/v2\/posts\/108268","targetHints":{"allow":["GET"]}}],"collection":[{"href":"https:\/\/www.europesays.com\/es\/wp-json\/wp\/v2\/posts"}],"about":[{"href":"https:\/\/www.europesays.com\/es\/wp-json\/wp\/v2\/types\/post"}],"author":[{"embeddable":true,"href":"https:\/\/www.europesays.com\/es\/wp-json\/wp\/v2\/users\/2"}],"replies":[{"embeddable":true,"href":"https:\/\/www.europesays.com\/es\/wp-json\/wp\/v2\/comments?post=108268"}],"version-history":[{"count":0,"href":"https:\/\/www.europesays.com\/es\/wp-json\/wp\/v2\/posts\/108268\/revisions"}],"wp:featuredmedia":[{"embeddable":true,"href":"https:\/\/www.europesays.com\/es\/wp-json\/wp\/v2\/media\/108269"}],"wp:attachment":[{"href":"https:\/\/www.europesays.com\/es\/wp-json\/wp\/v2\/media?parent=108268"}],"wp:term":[{"taxonomy":"category","embeddable":true,"href":"https:\/\/www.europesays.com\/es\/wp-json\/wp\/v2\/categories?post=108268"},{"taxonomy":"post_tag","embeddable":true,"href":"https:\/\/www.europesays.com\/es\/wp-json\/wp\/v2\/tags?post=108268"}],"curies":[{"name":"wp","href":"https:\/\/api.w.org\/{rel}","templated":true}]}}