{"id":108278,"date":"2025-09-11T17:41:08","date_gmt":"2025-09-11T17:41:08","guid":{"rendered":"https:\/\/www.europesays.com\/es\/108278\/"},"modified":"2025-09-11T17:41:08","modified_gmt":"2025-09-11T17:41:08","slug":"larry-ellison-los-extravagantes-caprichos-del-hombre-mas-rico-del-mundo-el-mundo","status":"publish","type":"post","link":"https:\/\/www.europesays.com\/es\/108278\/","title":{"rendered":"Larry Ellison: los extravagantes caprichos del hombre m\u00e1s rico del mundo &#8211; El Mundo"},"content":{"rendered":"<ol>\n<li><a href=\"https:\/\/news.google.com\/rss\/articles\/CBMifEFVX3lxTE1MTGprTURUaXYwN3dnVUhXa1B5VEhPbHFkdUVoUzBXNHhpQk5WOFNqVjNHVjNBdVZTdmRkektSQ05oZ0RZYWJzSmFjTm9nWkhSTHZDTEg4Vk5Cb0VjTksxLS1NVXh5RWhXSHlVTVJUTmtMTkNkYXZvNy1EbWQ?oc=5\" target=\"_blank\" rel=\"nofollow noopener\">Larry Ellison: los extravagantes caprichos del hombre m\u00e1s rico del mundo<\/a>&nbsp;&nbsp;El Mundo<\/li>\n<li><a href=\"https:\/\/news.google.com\/rss\/articles\/CBMiW0FVX3lxTFBjNzhZdVVnZ20yNmFnRmJoam93MkVHTzk1SW1RNjZaakRsV2RsVEdFU3BMdmFMQjc2bnlRVU44enhUY3FtcUxCMDA5Y3J6c1ZDa0ZVOWNGdmI0aWs?oc=5\" target=\"_blank\" rel=\"nofollow noopener\">Qui\u00e9n es Larry Ellison, el magnate que destron\u00f3 a Elon Musk como hombre m\u00e1s rico del mundo<\/a>&nbsp;&nbsp;BBC<\/li>\n<li><a href=\"https:\/\/news.google.com\/rss\/articles\/CBMinAJBVV95cUxQc3FpQXNsYmlxcC1mcWNxUDlSU29ZZmJMbUFIT0pna0xzdjVYaXNyYmEtSEI1T0RIMXBSNnZ0d0FuT0EwRi1jOHNQV3gxcGJ0WDE2VjNYQ2RVMWNtNEFYWi1xbktSVFl1a0tnOFBPWUlWNVBwTGxaT0R5bnZ2RVo3WXYxc0Q3UFhXV0FCYWVjWFJ0LW0yaDVVQW5vQXZ6RWE0ODk1eGdHWUNvWktrZmF4WFd4TkwzalNsVG1SdDhmYW91X0sxSWtKclJYVzNyTmpQWU4wMEdkV1J1NmVNandLaGhsenU1ZEpnUzhsc3FESVo1Vm40Z0s2ZmJoN2ZCYlZnR1ZhOUplUE82ZXhmMHdKQlVRSU1VaTNFTlhPd9IBsAJBVV95cUxOeEpMN3lUOFFvZzlUcTl6elpLaUlzdUpKbVQtSXZKcnpfUjhTNkJJNHVsa2FzOUthV0pQNFJwT3E3VGpWWElXV2N2M3hlR25ueXNEZTE2dUhxY211SHRBWWdFZENPWWJWMVdBMU5DYTlKSG02MlRVU2JKQm44MXVLbm5WQ3ZRQ1NseE42VlhTeHNPSFVtY2c5b1dfSWs3ME1yeE1jZ0dzN25iM205Mlc5UFlseHdIenJZTTZLOXdVa2Fkd2JiS3Y2Q1U4eGJwdFQ3aksxNExiSG1ZNnpqOHJiZ2xta3p5UHlQR2Z4dm5wUFd1VTVxNmoyYTZNc2stWnBXUFdIM0pKZjFEY0dsOUdrRldiUHNlZWw5YVFzOEN5ZEM2U0pDU1I4SldPX3BUdTBw?oc=5\" target=\"_blank\" rel=\"nofollow noopener\">Una isla en Hawaii, acciones de Tesla y due\u00f1o de Indian Wells: \u00bfQui\u00e9n es Larry Ellison y c\u00f3mo ha conseguido ser el hombre m\u00e1s rico del mundo?<\/a>&nbsp;&nbsp;Cadena SER<\/li>\n<li><a href=\"https:\/\/news.google.com\/rss\/articles\/CBMikgFBVV95cUxQeW81U2VScWZTWmxQc0VucGJDLUk4Vk9yMjBGU2NWZXBwMjBXckI3RFRmdHdsam1wU3pvU3JQRUcyNmFCWWFzTzZtZmVNMVNSdkVIZ2p0UFE0eklsZS1MaHc4SmVPU3Z4Nmw1NjBIcWZCUVpYNmJ2cWNTQXR0azFHb3NBTXVYWmVfQWFFRTZCc05rZw?oc=5\" target=\"_blank\" rel=\"nofollow noopener\">Larry Ellison, el empresario de 80 a\u00f1os que ha superado a Elon Musk como el m\u00e1s rico del mundo, destapa su secreto de longevidad: \u00abLa muerte nunca ha tenido sentido para m\u00ed\u00bb<\/a>&nbsp;&nbsp;Men&#8217;s Health<\/li>\n<li><a href=\"https:\/\/news.google.com\/rss\/articles\/CBMipAFBVV95cUxOX3hieFI0Sk95dTVmQ1ppS1RXd081bkZyenZVeldlWDBwcVNhSDZTOEd6MjJVekdBWktKTnBoeER3X19Sa2ZzXy1Od2RUTVA1VTluYmx3V2w5cTNtMjgweU9vRVh2LWZhZ0ctelluR1R2dWJfM01DeEswS0s1SmtSVHFRNWd3NVVMRUdrZFBiSXRCNWdjZVVHNHhuVHhKSXlMbVg4TA?oc=5\" target=\"_blank\" rel=\"nofollow noopener\">Qui\u00e9n es Larry Ellison, el tecn\u00f3logo que ha destronado a Elon Musk como el hombre m\u00e1s rico del mundo<\/a>&nbsp;&nbsp;ABC<\/li>\n<\/ol>\n","protected":false},"excerpt":{"rendered":"Larry Ellison: los extravagantes caprichos del hombre m\u00e1s rico del mundo&nbsp;&nbsp;El Mundo Qui\u00e9n es Larry Ellison, el magnate&hellip;\n","protected":false},"author":2,"featured_media":108279,"comment_status":"","ping_status":"","sticky":false,"template":"","format":"standard","meta":{"footnotes":""},"categories":[80],"tags":[82,729,95,94,25,24,36904,23],"class_list":{"0":"post-108278","1":"post","2":"type-post","3":"status-publish","4":"format-standard","5":"has-post-thumbnail","7":"category-economia","8":"tag-business","9":"tag-dda","10":"tag-economia","11":"tag-economy","12":"tag-es","13":"tag-espana","14":"tag-larry-ellison-english","15":"tag-spain"},"share_on_mastodon":{"url":"","error":""},"_links":{"self":[{"href":"https:\/\/www.europesays.com\/es\/wp-json\/wp\/v2\/posts\/108278","targetHints":{"allow":["GET"]}}],"collection":[{"href":"https:\/\/www.europesays.com\/es\/wp-json\/wp\/v2\/posts"}],"about":[{"href":"https:\/\/www.europesays.com\/es\/wp-json\/wp\/v2\/types\/post"}],"author":[{"embeddable":true,"href":"https:\/\/www.europesays.com\/es\/wp-json\/wp\/v2\/users\/2"}],"replies":[{"embeddable":true,"href":"https:\/\/www.europesays.com\/es\/wp-json\/wp\/v2\/comments?post=108278"}],"version-history":[{"count":0,"href":"https:\/\/www.europesays.com\/es\/wp-json\/wp\/v2\/posts\/108278\/revisions"}],"wp:featuredmedia":[{"embeddable":true,"href":"https:\/\/www.europesays.com\/es\/wp-json\/wp\/v2\/media\/108279"}],"wp:attachment":[{"href":"https:\/\/www.europesays.com\/es\/wp-json\/wp\/v2\/media?parent=108278"}],"wp:term":[{"taxonomy":"category","embeddable":true,"href":"https:\/\/www.europesays.com\/es\/wp-json\/wp\/v2\/categories?post=108278"},{"taxonomy":"post_tag","embeddable":true,"href":"https:\/\/www.europesays.com\/es\/wp-json\/wp\/v2\/tags?post=108278"}],"curies":[{"name":"wp","href":"https:\/\/api.w.org\/{rel}","templated":true}]}}