{"id":10829,"date":"2025-07-29T04:09:12","date_gmt":"2025-07-29T04:09:12","guid":{"rendered":"https:\/\/www.europesays.com\/es\/10829\/"},"modified":"2025-07-29T04:09:12","modified_gmt":"2025-07-29T04:09:12","slug":"nuria-roca-cautiva-con-el-vestido-de-290-euros-ideal-para-invitadas-de-mas-de-50-anos","status":"publish","type":"post","link":"https:\/\/www.europesays.com\/es\/10829\/","title":{"rendered":"Nuria Roca cautiva con el vestido de 290 euros ideal para invitadas de m\u00e1s de 50 a\u00f1os"},"content":{"rendered":"<p class=\"paragraph\">Semanas de emociones para <a href=\"https:\/\/www.esdiario.com\/chismografo\/250623\/161722\/nuria-roca-mete-hachazo-rey-felipe-clasista-espectadores-sexta-vieron-venir.html\" title=\"Nuria Roca mete un rej\u00f3n al Rey Felipe por \" clasista=\"\" que=\"\" ni=\"\" los=\"\" fieles=\"\" de=\"\" la=\"\" sexta=\"\" vieron=\"\" venir=\"\" rel=\"nofollow noopener\" target=\"_blank\"><b>Nuria Roca<\/b>,<\/a> una vez finalizada la temporada de <b>La Roca de La Sexta, <\/b>que presenta los domingos en la cadena verde de <b>Atresmedia<\/b>, con su marido, Juan del Val, como colaborador. Despu\u00e9s de reencontrarse con su hijo mayor, Juan, reci\u00e9n terminada la grabaci\u00f3n de la \u00faltima temporada de <a href=\"https:\/\/www.esdiario.com\/chismografo\/250509\/158719\/primer-escaldado-trio-isla-tentaciones-supervivientes-nombre.html\" title=\"El primer escaldado del tr\u00edo de \" la=\"\" isla=\"\" de=\"\" las=\"\" tentaciones=\"\" en=\"\" ya=\"\" tiene=\"\" nombre=\"\" is rel=\"nofollow noopener\" target=\"_blank\">La Isla de las Tentaciones<\/a> en la que trabaj\u00f3 formando parte del equipo t\u00e9cnico, Nuria celebr\u00f3 por todo lo alto una boda de lo m\u00e1s especial, la de su compa\u00f1era de programa <b>Marta Critikian.<\/b><\/p>\n<p>            <a href=\"#\" title=\"\"><\/p>\n<p>                    <img loading=\"lazy\" decoding=\"async\" data-index=\"\" width=\"140\" height=\"140\" alt=\"\" data-full=\"[object Object]\" data-original=\"[object Object]\" src=\"https:\/\/imagenes.esdiario.com\/files\/related_image\/uploads\/2025\/07\/23\/6880a41fb9f8a.jpeg\" data-full-src=\"https:\/\/www.europesays.com\/es\/wp-content\/uploads\/2025\/07\/6880a41fb9f8a.jpeg\"\/><\/p>\n<p>            <\/a><\/p>\n<p class=\"paragraph\">La colaboradora de La Roca se cas\u00f3 este fin de semana con <b>Fran Gil <\/b>en el segoviano Santuario de La Fuencisla y el \u00abconvite\u00bb tuvo lugar en el Caser\u00edo de Lobones, donde disfrutaron de lo lindo no solo <b><a href=\"https:\/\/www.esdiario.com\/chismografo\/250619\/161505\/confesion-nuria-roca-sobre-juan-val.html\" title=\"Dura confesi\u00f3n de Nuria Roca sobre Juan del Val: \u201ccuando no me guste se acab\u00f3\u201d\" rel=\"nofollow noopener\" target=\"_blank\">Nuria Roca y Juan del Val,<\/a><\/b> sino otros muchos compa\u00f1eros de La Sexta como <b><a href=\"https:\/\/www.esdiario.com\/chismografo\/250720\/163550\/pilar-vidal-desvela-enfermedad-le-apartada-television.html\" title=\"Pilar Vidal desvela la enfermedad que le tiene apartada de la televisi\u00f3n\" rel=\"nofollow noopener\" target=\"_blank\">Pilar Vidal<\/a>, Nacho Garc\u00eda o Berni Barrachina. <\/b>No obstante, si alguien acapar\u00f3 miradas fue la presentadora, con un traje de invitada ideal para mujeres de m\u00e1s de 50 a\u00f1os.<\/p>\n<p class=\"c-detail__media__subtitle\">\n<p>        Pilar Vidal, Marta Critikian y Nuria Roca.<\/p>\n<p class=\"paragraph\">Seg\u00fan Vanitatis, una pieza de la marca Dragon Girl Collection, creada por Ana Mar\u00eda Chico de Guzm\u00e1n, fundadora tambi\u00e9n de la marca de accesorios Mimoki. En concreto, el vestido que luci\u00f3 Roca era el modelo Olympia Giardina, con un precioso estampado floral en rosa y verde claro y mangas abullonadas, cuello fruncido y falda con paneles. Se trata de una edici\u00f3n limitada con un precio de 289 euros, que Nuria combin\u00f3 con un peque\u00f1o y estrecho cintur\u00f3n de piel rojo de Loewe, recoge la cuenta de Instagram de Los tacones de Olivia, que dio todos los detalles de un look inspirador para invitadas de +50, como se dice ahora en las webs de moda.<\/p>\n","protected":false},"excerpt":{"rendered":"Semanas de emociones para Nuria Roca, una vez finalizada la temporada de La Roca de La Sexta, que&hellip;\n","protected":false},"author":2,"featured_media":10830,"comment_status":"","ping_status":"","sticky":false,"template":"","format":"standard","meta":{"footnotes":""},"categories":[91],"tags":[146,147,25,24,4259,23],"class_list":{"0":"post-10829","1":"post","2":"type-post","3":"status-publish","4":"format-standard","5":"has-post-thumbnail","7":"category-entretenimiento","8":"tag-entertainment","9":"tag-entretenimiento","10":"tag-es","11":"tag-espana","12":"tag-nuria-roca","13":"tag-spain"},"share_on_mastodon":{"url":"","error":""},"_links":{"self":[{"href":"https:\/\/www.europesays.com\/es\/wp-json\/wp\/v2\/posts\/10829","targetHints":{"allow":["GET"]}}],"collection":[{"href":"https:\/\/www.europesays.com\/es\/wp-json\/wp\/v2\/posts"}],"about":[{"href":"https:\/\/www.europesays.com\/es\/wp-json\/wp\/v2\/types\/post"}],"author":[{"embeddable":true,"href":"https:\/\/www.europesays.com\/es\/wp-json\/wp\/v2\/users\/2"}],"replies":[{"embeddable":true,"href":"https:\/\/www.europesays.com\/es\/wp-json\/wp\/v2\/comments?post=10829"}],"version-history":[{"count":0,"href":"https:\/\/www.europesays.com\/es\/wp-json\/wp\/v2\/posts\/10829\/revisions"}],"wp:featuredmedia":[{"embeddable":true,"href":"https:\/\/www.europesays.com\/es\/wp-json\/wp\/v2\/media\/10830"}],"wp:attachment":[{"href":"https:\/\/www.europesays.com\/es\/wp-json\/wp\/v2\/media?parent=10829"}],"wp:term":[{"taxonomy":"category","embeddable":true,"href":"https:\/\/www.europesays.com\/es\/wp-json\/wp\/v2\/categories?post=10829"},{"taxonomy":"post_tag","embeddable":true,"href":"https:\/\/www.europesays.com\/es\/wp-json\/wp\/v2\/tags?post=10829"}],"curies":[{"name":"wp","href":"https:\/\/api.w.org\/{rel}","templated":true}]}}