{"id":108298,"date":"2025-09-11T17:55:11","date_gmt":"2025-09-11T17:55:11","guid":{"rendered":"https:\/\/www.europesays.com\/es\/108298\/"},"modified":"2025-09-11T17:55:11","modified_gmt":"2025-09-11T17:55:11","slug":"uno-de-los-proyectos-inmobiliarios-mas-caros-de-la-historia","status":"publish","type":"post","link":"https:\/\/www.europesays.com\/es\/108298\/","title":{"rendered":"uno de los proyectos inmobiliarios m\u00e1s caros de la historia"},"content":{"rendered":"<p>Cada <strong>11 de septiembre<\/strong> el mundo recuerda las im\u00e1genes que cambiaron la historia reciente: el atentado contra las Torres Gemelas en <strong><a href=\"https:\/\/okdiario.com\/coolthelifestyle\/tag\/nueva-york\" target=\"_blank\" rel=\"noopener noreferrer nofollow\">Nueva York<\/a><\/strong> en 2001. M\u00e1s de dos d\u00e9cadas despu\u00e9s, el vac\u00edo dejado por aquellas torres ya no es s\u00f3lo un espacio de ausencia y dolor, sino tambi\u00e9n un lugar de memoria, resiliencia y renacimiento. La <strong data-start=\"604\" data-end=\"651\">reconstrucci\u00f3n del World Trade Center (WTC)<\/strong> se ha convertido en uno de los proyectos urban\u00edsticos y arquitect\u00f3nicos m\u00e1s ambiciosos, y costosos, de la historia contempor\u00e1nea.<\/p>\n<p data-start=\"785\" data-end=\"1078\">Pero lo que se levant\u00f3 en el Bajo Manhattan no fue \u00fanicamente un conjunto de edificios: fue un plan integral que busc\u00f3 equilibrar respeto por las v\u00edctimas, necesidad de revitalizar el distrito financiero y la voluntad de Nueva York de demostrar que, pese a la tragedia, la ciudad no se rend\u00eda.<\/p>\n<p><img decoding=\"async\" loading=\"lazy\" class=\"size-full wp-image-873831\" src=\"https:\/\/www.europesays.com\/es\/wp-content\/uploads\/2025\/09\/pexels-thatguycraig000-1525612_easy-resize.com_.jpg\" alt=\"nueva york\" width=\"1192\" height=\"1280\"  \/>(Foto: Pexels)<br \/>\nLa reconstrucci\u00f3n del World Trade Center<\/p>\n<p data-start=\"1117\" data-end=\"1459\">El debate sobre c\u00f3mo reconstruir el WTC comenz\u00f3 casi de inmediato tras los atentados. Para algunos, la opci\u00f3n era reedificar las Torres Gemelas tal y como eran; para otros, era imprescindible un nuevo enfoque, que combinara arquitectura contempor\u00e1nea, espacios p\u00fablicos y, sobre todo, un lugar para la memoria. La segunda postura se impuso.<\/p>\n<p data-start=\"1461\" data-end=\"1724\">El resultado fue un <strong data-start=\"1481\" data-end=\"1508\">plan urban\u00edstico amplio<\/strong>, en el que participaron arquitectos de renombre internacional, urbanistas, ingenieros y asociaciones de v\u00edctimas. La reconstrucci\u00f3n no se limit\u00f3 a levantar rascacielos: <strong>fue una reconfiguraci\u00f3n completa de la zona.<\/strong><\/p>\n<p><img decoding=\"async\" loading=\"lazy\" class=\"size-full wp-image-873825\" src=\"https:\/\/www.europesays.com\/es\/wp-content\/uploads\/2025\/09\/pexels-michalmarek-1774389_easy-resize.com_.jpg\" alt=\"nueva york world trade center\" width=\"1280\" height=\"768\"  \/>(Foto: Pexels)<br \/>\nLos protagonistas del nuevo complejo<\/p>\n<ul>\n<li data-start=\"1775\" data-end=\"2208\"><strong data-start=\"1775\" data-end=\"1817\">One World Trade Center (Freedom Tower)<\/strong>: con 541 metros de altura hasta la punta de su antena, se inaugur\u00f3 en 2014 y se convirti\u00f3 en el edificio m\u00e1s alto del hemisferio occidental. Su dise\u00f1o transmite seguridad y transparencia: el cristal refleja el cielo y la luz, y su base maciza da la sensaci\u00f3n de fortaleza. Su coste ascendi\u00f3 a <strong data-start=\"2111\" data-end=\"2140\">3.900 millones de d\u00f3lares<\/strong>, lo que lo sit\u00faa entre los edificios m\u00e1s caros jam\u00e1s construidos.<\/li>\n<li data-start=\"2212\" data-end=\"2445\"><strong data-start=\"2212\" data-end=\"2253\">Edificios de oficinas 2, 3, 4 y 7 WTC<\/strong>: cada uno con dise\u00f1o propio, contribuyen a devolver la vitalidad econ\u00f3mica a la zona, atrayendo empresas de prestigio y consolidando a Manhattan como un centro financiero de alcance global.<\/li>\n<li data-start=\"2449\" data-end=\"2897\"><strong data-start=\"2449\" data-end=\"2478\">Memorial y Museo del 11-S<\/strong>: inaugurado en 2011, el Memorial consta de dos grandes estanques en las huellas exactas donde se erig\u00edan las Torres Gemelas, rodeados por los nombres de las casi 3.000 v\u00edctimas grabados en bronce. El Museo, que abri\u00f3 en 2014, cuenta la historia del atentado con un enfoque humano y documental. La construcci\u00f3n de ambos tuvo un coste cercano a los <strong data-start=\"2826\" data-end=\"2853\">700 millones de d\u00f3lares<\/strong>, pero su valor simb\u00f3lico es incalculable.<\/li>\n<li data-start=\"2901\" data-end=\"3298\"><strong data-start=\"2901\" data-end=\"2946\">La estaci\u00f3n Oculus, de Santiago Calatrava<\/strong>: concebida como un p\u00e1jaro blanco en vuelo, es mucho m\u00e1s que un intercambiador de transportes: es una obra de arte arquitect\u00f3nica. Su construcci\u00f3n fue pol\u00e9mica por el elevado coste, que super\u00f3 los <strong data-start=\"3143\" data-end=\"3172\">3.900 millones de d\u00f3lares<\/strong>, el doble del presupuesto inicial. Hoy, sin embargo, se ha convertido en uno de los \u00edconos m\u00e1s fotografiados de Nueva York.<\/li>\n<li data-start=\"3302\" data-end=\"3568\"><strong data-start=\"3302\" data-end=\"3352\">Espacios comerciales, parques y zonas p\u00fablicas<\/strong>: la reconstrucci\u00f3n no olvid\u00f3 la importancia de la vida urbana. El complejo se integra con tiendas, <strong><a href=\"https:\/\/okdiario.com\/coolthelifestyle\/tag\/restaurantes\" target=\"_blank\" rel=\"noopener noreferrer nofollow\">restaurantes<\/a><\/strong>, jardines y \u00e1reas de encuentro que hacen del WTC un lugar vivo y din\u00e1mico, no solo un s\u00edmbolo de duelo.<\/li>\n<\/ul>\n<p><img decoding=\"async\" loading=\"lazy\" class=\"size-full wp-image-873822\" src=\"https:\/\/www.europesays.com\/es\/wp-content\/uploads\/2025\/09\/pexels-kaip-472037_easy-resize.com_.jpg\" alt=\"world trade center\" width=\"960\" height=\"1280\"  \/>(Foto: Pexels)<br \/>\nEl precio de la resiliencia<\/p>\n<p data-start=\"3608\" data-end=\"3948\">Se estima que el coste total de la reconstrucci\u00f3n super\u00f3 los <strong data-start=\"3669\" data-end=\"3699\">15.000 millones de d\u00f3lares (casi 13.000 millones de euros)<\/strong>, cifra que coloca al proyecto entre los m\u00e1s caros del mundo. Esta inversi\u00f3n no solo se tradujo en arquitectura y urbanismo: fue tambi\u00e9n una apuesta por la econom\u00eda de Nueva York y una forma de proyectar al mundo una imagen de fuerza y superaci\u00f3n.<\/p>\n<p data-start=\"3950\" data-end=\"4291\">El One World Trade Center, por ejemplo, tard\u00f3 m\u00e1s de una d\u00e9cada en completarse y requiri\u00f3 alt\u00edsimos niveles de seguridad en su dise\u00f1o: desde acero reforzado hasta sistemas de evacuaci\u00f3n de \u00faltima generaci\u00f3n. Cada d\u00f3lar invertido llevaba consigo una dimensi\u00f3n simb\u00f3lica: la certeza de que el terrorismo no pod\u00eda dictar el futuro de la ciudad.<\/p>\n<p><img decoding=\"async\" loading=\"lazy\" class=\"size-full wp-image-873828\" src=\"https:\/\/www.europesays.com\/es\/wp-content\/uploads\/2025\/09\/pexels-pixabay-40142_easy-resize.com_.jpg\" alt=\"world trade center torres gemelas\" width=\"1280\" height=\"853\"  \/>(Foto: Pexels)<\/p>\n","protected":false},"excerpt":{"rendered":"Cada 11 de septiembre el mundo recuerda las im\u00e1genes que cambiaron la historia reciente: el atentado contra las&hellip;\n","protected":false},"author":2,"featured_media":108299,"comment_status":"","ping_status":"","sticky":false,"template":"","format":"standard","meta":{"footnotes":""},"categories":[173],"tags":[229,233,231,230,232,234,146,147,25,24,23],"class_list":{"0":"post-108298","1":"post","2":"type-post","3":"status-publish","4":"format-standard","5":"has-post-thumbnail","7":"category-arte-y-diseno","8":"tag-arte","9":"tag-arte-y-diseno","10":"tag-arts","11":"tag-arts-and-design","12":"tag-design","13":"tag-diseno","14":"tag-entertainment","15":"tag-entretenimiento","16":"tag-es","17":"tag-espana","18":"tag-spain"},"share_on_mastodon":{"url":"","error":""},"_links":{"self":[{"href":"https:\/\/www.europesays.com\/es\/wp-json\/wp\/v2\/posts\/108298","targetHints":{"allow":["GET"]}}],"collection":[{"href":"https:\/\/www.europesays.com\/es\/wp-json\/wp\/v2\/posts"}],"about":[{"href":"https:\/\/www.europesays.com\/es\/wp-json\/wp\/v2\/types\/post"}],"author":[{"embeddable":true,"href":"https:\/\/www.europesays.com\/es\/wp-json\/wp\/v2\/users\/2"}],"replies":[{"embeddable":true,"href":"https:\/\/www.europesays.com\/es\/wp-json\/wp\/v2\/comments?post=108298"}],"version-history":[{"count":0,"href":"https:\/\/www.europesays.com\/es\/wp-json\/wp\/v2\/posts\/108298\/revisions"}],"wp:featuredmedia":[{"embeddable":true,"href":"https:\/\/www.europesays.com\/es\/wp-json\/wp\/v2\/media\/108299"}],"wp:attachment":[{"href":"https:\/\/www.europesays.com\/es\/wp-json\/wp\/v2\/media?parent=108298"}],"wp:term":[{"taxonomy":"category","embeddable":true,"href":"https:\/\/www.europesays.com\/es\/wp-json\/wp\/v2\/categories?post=108298"},{"taxonomy":"post_tag","embeddable":true,"href":"https:\/\/www.europesays.com\/es\/wp-json\/wp\/v2\/tags?post=108298"}],"curies":[{"name":"wp","href":"https:\/\/api.w.org\/{rel}","templated":true}]}}