{"id":108363,"date":"2025-09-11T18:30:08","date_gmt":"2025-09-11T18:30:08","guid":{"rendered":"https:\/\/www.europesays.com\/es\/108363\/"},"modified":"2025-09-11T18:30:08","modified_gmt":"2025-09-11T18:30:08","slug":"abierto-el-plazo-de-inscripcion-para-el-curso-2025-26-de-la-universidad-popular-de-valdepenas","status":"publish","type":"post","link":"https:\/\/www.europesays.com\/es\/108363\/","title":{"rendered":"Abierto el plazo de inscripci\u00f3n para el curso 2025\/26 de la Universidad Popular de Valdepe\u00f1as"},"content":{"rendered":"<p>Este sitio Web utiliza cookies propias, de sesi\u00f3n, y t\u00e9cnicas, que permiten al usuario la correcta navegaci\u00f3n y la utilizaci\u00f3n de los servicios que se ofrecen. Los datos recabados se utilizar\u00e1n para analizar el n\u00famero de p\u00e1ginas visitadas, el n\u00famero de visitas, y la actividad que los usuarios hacen en el sitio Web. Esta informaci\u00f3n ser\u00e1 utilizada para mejorar el sitio Web y, por ende, a fin de mejorar los servicios prestados y facilitar tanto la accesibilidad como el uso del mismo.<\/p>\n<p>El sitio Web no utiliza cookies para recabar informaci\u00f3n de los usuarios y no registra direcciones IP. Este sitio Web contiene enlaces a sitios Web de terceros, y por tanto el acceso a los mismos estar\u00e1 regulado en sus pol\u00edticas de privacidad y cookies. Usted podr\u00e1 configurar los permisos, as\u00ed como aceptar o rechazar las cookies de terceros de acuerdo con lo especificado en cada caso concreto. Adem\u00e1s, podr\u00e1 configurar las cookies a trav\u00e9s de su navegador.<\/p>\n","protected":false},"excerpt":{"rendered":"Este sitio Web utiliza cookies propias, de sesi\u00f3n, y t\u00e9cnicas, que permiten al usuario la correcta navegaci\u00f3n y&hellip;\n","protected":false},"author":2,"featured_media":108364,"comment_status":"","ping_status":"","sticky":false,"template":"","format":"standard","meta":{"footnotes":""},"categories":[5],"tags":[17,18,2026,25,24,13,14,11,19,20,9,10,15,16,23,12,21,22,24495],"class_list":{"0":"post-108363","1":"post","2":"type-post","3":"status-publish","4":"format-standard","5":"has-post-thumbnail","7":"category-titulares","8":"tag-breaking-news","9":"tag-breakingnews","10":"tag-educacion","11":"tag-es","12":"tag-espana","13":"tag-featured-news","14":"tag-featurednews","15":"tag-headlines","16":"tag-latest-news","17":"tag-latestnews","18":"tag-news","19":"tag-noticias","20":"tag-noticias-destacadas","21":"tag-noticiasdestacadas","22":"tag-spain","23":"tag-titulares","24":"tag-ultimas-noticias","25":"tag-ultimasnoticias","26":"tag-universidad-popular"},"share_on_mastodon":{"url":"","error":""},"_links":{"self":[{"href":"https:\/\/www.europesays.com\/es\/wp-json\/wp\/v2\/posts\/108363","targetHints":{"allow":["GET"]}}],"collection":[{"href":"https:\/\/www.europesays.com\/es\/wp-json\/wp\/v2\/posts"}],"about":[{"href":"https:\/\/www.europesays.com\/es\/wp-json\/wp\/v2\/types\/post"}],"author":[{"embeddable":true,"href":"https:\/\/www.europesays.com\/es\/wp-json\/wp\/v2\/users\/2"}],"replies":[{"embeddable":true,"href":"https:\/\/www.europesays.com\/es\/wp-json\/wp\/v2\/comments?post=108363"}],"version-history":[{"count":0,"href":"https:\/\/www.europesays.com\/es\/wp-json\/wp\/v2\/posts\/108363\/revisions"}],"wp:featuredmedia":[{"embeddable":true,"href":"https:\/\/www.europesays.com\/es\/wp-json\/wp\/v2\/media\/108364"}],"wp:attachment":[{"href":"https:\/\/www.europesays.com\/es\/wp-json\/wp\/v2\/media?parent=108363"}],"wp:term":[{"taxonomy":"category","embeddable":true,"href":"https:\/\/www.europesays.com\/es\/wp-json\/wp\/v2\/categories?post=108363"},{"taxonomy":"post_tag","embeddable":true,"href":"https:\/\/www.europesays.com\/es\/wp-json\/wp\/v2\/tags?post=108363"}],"curies":[{"name":"wp","href":"https:\/\/api.w.org\/{rel}","templated":true}]}}