{"id":108365,"date":"2025-09-11T18:31:11","date_gmt":"2025-09-11T18:31:11","guid":{"rendered":"https:\/\/www.europesays.com\/es\/108365\/"},"modified":"2025-09-11T18:31:11","modified_gmt":"2025-09-11T18:31:11","slug":"el-angel-ximenez-presenta-a-sus-nuevos-fichajes-en-la-antesala-del-inicio-liguero","status":"publish","type":"post","link":"https:\/\/www.europesays.com\/es\/108365\/","title":{"rendered":"El \u00c1ngel Xim\u00e9nez presenta a sus nuevos fichajes en la antesala del inicio liguero"},"content":{"rendered":"<p>\n\t\t\tLos pontanenses arrancan en Granollers el pr\u00f3ximo viernes 12 de septiembre a las 19:00h.<br \/>&#13;\n\t\t<\/p>\n<p>El <strong>\u00c1ngel Xim\u00e9nez<\/strong> inicia este viernes su andadura liguera ante el <strong>Fraikin Granollers<\/strong> en tierras catalanas. Esta ser\u00e1 la decimocuarta temporada que los pontanenses militen en la m\u00e1xima categor\u00eda del balonmano espa\u00f1ol, siendo la \u00fanica escuadra andaluza en toda la tabla. Aprovechando la proximidad con el primer partido de la temporada, la entidad presidida por <strong>Mariano Jim\u00e9nez<\/strong> ha aprovechado para presentar a cuatro nuevos jugadores con los que Paco Bustos podr\u00e1 contar en su plantel: el extremo <strong>Mario Dorado<\/strong>, <strong>Elcio Carvalho <\/strong>para la porter\u00eda;y <strong>Djukic y David Estepa<\/strong> como laterales izquierdos. Los pontanos a\u00fan aguardan la llegada de<strong> Youssef Ahmed Laoloua<\/strong>, el egipcio, que se incorporar\u00e1 un poco m\u00e1s tarde debido a asuntos burocr\u00e1ticos.\u00a0<\/p>\n<p>Con la Copa Andaluc\u00eda reci\u00e9n expuesta en las vitrinas pontanesas, los de Paco Bustos hacen ya las maletas para desplazarse hasta Granollers. Un duro encuentro frente a un rival que aspira a ocupar puestos altos en la competici\u00f3n despu\u00e9s de alcanzar el segundo puesto la pasada campa\u00f1a. Ahora bien, no ser\u00e1n los \u00fanicos, ya que para este<strong>\u00a0dif\u00edcil arranque liguero,<\/strong> los pontanos se las ver\u00e1n con los catalanes, Bidasoa, Cuenca y Ademar Le\u00f3n.\u00a0<\/p>\n<p>En el apartado<strong> bajas<\/strong>, Paco Bustos no podr\u00e1 contar con<strong>\u00a0Domingo Luis Mosquera<\/strong>, que sigue con su proceso de recuperaci\u00f3n de su lesi\u00f3n; ni del ya mencionado, Youssef Laoloua. Ante esta disposici\u00f3n en el tablero, el mister pontano afirma:\u00a0\u00abLa pretemporada es tranquila porque, entre comillas, los resultados no influyen mucho, pero ahora comienza lo bueno. Comenzamos la competici\u00f3n contra un segundo clasificado de la Asobal, como terminaron el a\u00f1o pasado, y es verdad que todos empezamos con cero puntos, pero ser\u00e1 en su casa, un campo muy complicado, ante una plantilla que tambi\u00e9n ha cambiado jugadores\u00bb.<\/p>\n<p>El choque tendr\u00e1 lugar el viernes 12 de septiembre a las 19:00h., en el Palau d\u00b4Esports de Granollers. Con este dar\u00e1 comienzo una nueva temporada para los potanos, que tratar\u00e1n de amarrar la permanencia lo antes posible.\u00a0\t\t<\/p>\n","protected":false},"excerpt":{"rendered":"Los pontanenses arrancan en Granollers el pr\u00f3ximo viernes 12 de septiembre a las 19:00h.&#13; El \u00c1ngel Xim\u00e9nez inicia&hellip;\n","protected":false},"author":2,"featured_media":108366,"comment_status":"","ping_status":"","sticky":false,"template":"","format":"standard","meta":{"footnotes":""},"categories":[278],"tags":[259,34702,16848,376,6699,168,34703,25,24,2597,375,10,1448,8643,23,167],"class_list":{"0":"post-108365","1":"post","2":"type-post","3":"status-publish","4":"format-standard","5":"has-post-thumbnail","7":"category-balonmano","8":"tag-andalucia","9":"tag-andalucia-centro","10":"tag-antequera","11":"tag-balonmano","12":"tag-cadena-ser","13":"tag-deportes","14":"tag-ecija","15":"tag-es","16":"tag-espana","17":"tag-estepa","18":"tag-handball","19":"tag-noticias","20":"tag-radio","21":"tag-ser","22":"tag-spain","23":"tag-sports"},"share_on_mastodon":{"url":"","error":""},"_links":{"self":[{"href":"https:\/\/www.europesays.com\/es\/wp-json\/wp\/v2\/posts\/108365","targetHints":{"allow":["GET"]}}],"collection":[{"href":"https:\/\/www.europesays.com\/es\/wp-json\/wp\/v2\/posts"}],"about":[{"href":"https:\/\/www.europesays.com\/es\/wp-json\/wp\/v2\/types\/post"}],"author":[{"embeddable":true,"href":"https:\/\/www.europesays.com\/es\/wp-json\/wp\/v2\/users\/2"}],"replies":[{"embeddable":true,"href":"https:\/\/www.europesays.com\/es\/wp-json\/wp\/v2\/comments?post=108365"}],"version-history":[{"count":0,"href":"https:\/\/www.europesays.com\/es\/wp-json\/wp\/v2\/posts\/108365\/revisions"}],"wp:featuredmedia":[{"embeddable":true,"href":"https:\/\/www.europesays.com\/es\/wp-json\/wp\/v2\/media\/108366"}],"wp:attachment":[{"href":"https:\/\/www.europesays.com\/es\/wp-json\/wp\/v2\/media?parent=108365"}],"wp:term":[{"taxonomy":"category","embeddable":true,"href":"https:\/\/www.europesays.com\/es\/wp-json\/wp\/v2\/categories?post=108365"},{"taxonomy":"post_tag","embeddable":true,"href":"https:\/\/www.europesays.com\/es\/wp-json\/wp\/v2\/tags?post=108365"}],"curies":[{"name":"wp","href":"https:\/\/api.w.org\/{rel}","templated":true}]}}