{"id":108369,"date":"2025-09-11T18:35:08","date_gmt":"2025-09-11T18:35:08","guid":{"rendered":"https:\/\/www.europesays.com\/es\/108369\/"},"modified":"2025-09-11T18:35:08","modified_gmt":"2025-09-11T18:35:08","slug":"no-le-veo-ganando-a-carlos-alcaraz-y-sinner","status":"publish","type":"post","link":"https:\/\/www.europesays.com\/es\/108369\/","title":{"rendered":"No le veo ganando a Carlos Alcaraz y Sinner"},"content":{"rendered":"<p class=\"L6-news-detail__text\">A sus 38 a\u00f1os y viendo el nivel que est\u00e1n mostrando<b> Carlos Alcaraz<\/b> y <b>Jannik Sinner<\/b>, no es un secreto que la idea de la retirada lleva tiempo en la mente de <b>Novak Djokovic<\/b>, sobre todo tras alzar la ansiada medalla de oro en los pasados Juegos Ol\u00edmpicos de Par\u00eds.<\/p>\n<p class=\"L6-news-detail__text\">Muchos le ven completando la pr\u00f3xima temporada para tratar de ganar su 25\u00ba Grand Slam, pero tambi\u00e9n hay voces autorizadas del tenis que consideran que el adi\u00f3s del serbio est\u00e1 m\u00e1s cerca de lo que pensamos.<\/p>\n<p class=\"L6-news-detail__text\">Es el caso de<b> Rennae Stubbs<\/b>, exn\u00famero uno de dobles y antigua entrenadora de Serena Williams, quien en su podcast ha puesto fecha al adi\u00f3s del balc\u00e1nico.<\/p>\n<p class=\"L6-news-detail__text\">\u00ab<b>Siento que el Open de Australia ser\u00e1 su \u00faltimo gran torneo<\/b>. No creo que quiera seguir jugando despu\u00e9s de eso y tener que pasar por Roland Garros\u00bb, ha explicado la ganadora de seis Grand Slams.<\/p>\n<p class=\"L6-news-detail__text\">\u00bfEl motivo? No poder ganar al nuevo &#8216;Big Two&#8217;: \u00abEs muy bueno en todas las superficies, pero <b>no lo veo gan\u00e1ndoles (a Alcaraz y Sinner) en cinco sets<\/b> en tierra y luego yendo a Wimbledon de nuevo\u00bb.<\/p>\n<p class=\"L6-news-detail__text\">\u00abEl Open de Australia ser\u00eda una <b>excelente manera de terminar su carrera<\/b>\u00ab, ha zanjado Stubbs. Veremos.<\/p>\n<p class=\"L6-support-news-video__title\">Es un Dallara GP2\/08<\/p>\n<p>            <a href=\"https:\/\/www.lasexta.com\/noticias\/deportes\/motor\/formula1\/impactante-detencion-formula-1-callejero-seis-anos-busqueda_2025090968c03c7c02666d2324a05e6c.html\" class=\"L6-news__link\" rel=\"nofollow noopener\" target=\"_blank\"><br \/>\n                Impactante detenci\u00f3n del &#8216;F\u00f3rmula 1 callejero&#8217; tras seis a\u00f1os de b\u00fasqueda<\/p>\n<p class=\"recirculation-video-desc\">El conductor, de 51 a\u00f1os, fue interceptado en el municipio de Buk, a unos 60 kil\u00f3metros de Praga.<\/p>\n<p>            <\/a><\/p>\n","protected":false},"excerpt":{"rendered":"A sus 38 a\u00f1os y viendo el nivel que est\u00e1n mostrando Carlos Alcaraz y Jannik Sinner, no es&hellip;\n","protected":false},"author":2,"featured_media":67008,"comment_status":"","ping_status":"","sticky":false,"template":"","format":"standard","meta":{"footnotes":""},"categories":[274],"tags":[168,25,24,23,167,327,326],"class_list":{"0":"post-108369","1":"post","2":"type-post","3":"status-publish","4":"format-standard","5":"has-post-thumbnail","7":"category-tenis","8":"tag-deportes","9":"tag-es","10":"tag-espana","11":"tag-spain","12":"tag-sports","13":"tag-tenis","14":"tag-tennis"},"share_on_mastodon":{"url":"","error":""},"_links":{"self":[{"href":"https:\/\/www.europesays.com\/es\/wp-json\/wp\/v2\/posts\/108369","targetHints":{"allow":["GET"]}}],"collection":[{"href":"https:\/\/www.europesays.com\/es\/wp-json\/wp\/v2\/posts"}],"about":[{"href":"https:\/\/www.europesays.com\/es\/wp-json\/wp\/v2\/types\/post"}],"author":[{"embeddable":true,"href":"https:\/\/www.europesays.com\/es\/wp-json\/wp\/v2\/users\/2"}],"replies":[{"embeddable":true,"href":"https:\/\/www.europesays.com\/es\/wp-json\/wp\/v2\/comments?post=108369"}],"version-history":[{"count":0,"href":"https:\/\/www.europesays.com\/es\/wp-json\/wp\/v2\/posts\/108369\/revisions"}],"wp:featuredmedia":[{"embeddable":true,"href":"https:\/\/www.europesays.com\/es\/wp-json\/wp\/v2\/media\/67008"}],"wp:attachment":[{"href":"https:\/\/www.europesays.com\/es\/wp-json\/wp\/v2\/media?parent=108369"}],"wp:term":[{"taxonomy":"category","embeddable":true,"href":"https:\/\/www.europesays.com\/es\/wp-json\/wp\/v2\/categories?post=108369"},{"taxonomy":"post_tag","embeddable":true,"href":"https:\/\/www.europesays.com\/es\/wp-json\/wp\/v2\/tags?post=108369"}],"curies":[{"name":"wp","href":"https:\/\/api.w.org\/{rel}","templated":true}]}}