{"id":108411,"date":"2025-09-11T19:00:12","date_gmt":"2025-09-11T19:00:12","guid":{"rendered":"https:\/\/www.europesays.com\/es\/108411\/"},"modified":"2025-09-11T19:00:12","modified_gmt":"2025-09-11T19:00:12","slug":"si-consiguieramos-coches-como-los-de-2010-o-antes","status":"publish","type":"post","link":"https:\/\/www.europesays.com\/es\/108411\/","title":{"rendered":"Si consigui\u00e9ramos coches como los de 2010 o antes&#8230;"},"content":{"rendered":"<p class=\"c-paragraph\">La <a href=\"https:\/\/www.20minutos.es\/tags\/deportes\/formula-1.html\" title=\"F\u00f3rmula 1\" rel=\"nofollow noopener\" target=\"_blank\">F\u00f3rmula 1<\/a> no para de introducir cambios para convertirse cada temporada en el deporte del futuro. De hecho, a partir de 2026 estrena una nueva normativa que es un dolor de cabeza para toda una parrilla que no sabe qu\u00e9 esperar&#8230; Sobre esas novedades ha sido preguntado Max Verstappen recientemente y <b>el campe\u00f3n no ha dudado en ofrecer una opini\u00f3n controvertida<\/b> en contra de la direcci\u00f3n que siguen las modificaciones que hace ahora el Gran Circo.<\/p>\n<p class=\"c-paragraph\">Y es que, en sus palabras recientes, el neerland\u00e9s abog\u00f3 por &#8216;volver al pasado&#8217; para mejorar el futuro de la competici\u00f3n: \u00abCreo que si pudi\u00e9ramos conseguir un coche similar al de 2010, o incluso antes, ser\u00eda genial, porque creo que beneficiar\u00eda a las carreras. <b>Pero al final, no soy yo quien decide<\/b>.\u00bb, dijo.<\/p>\n<p class=\"c-paragraph\">Su opini\u00f3n qued\u00f3 de largo argumentada: \u00abActualmente, los motores son supereficientes, pero tambi\u00e9n bastante grandes. Eso hace que el coche sea m\u00e1s largo y se necesita m\u00e1s refrigeraci\u00f3n, <b>por lo que el coche se vuelve bastante grande<\/b>\u00ab, reflexion\u00f3 sobre el gran problema que impide las carreras con muchos adelantamientos vistas en el pasado.<\/p>\n<p class=\"c-paragraph\">En l\u00ednea con lo que se estilaba en el pasado, motores de V8 y coches unos 150 kilos m\u00e1s ligeros, Verstappen valor\u00f3 los esfuerzos \u2014aunque insuficientes\u2014 de la competici\u00f3n por hacer los coches m\u00e1s peque\u00f1os. <b>\u00abLo m\u00e1s importante son coches m\u00e1s ligeros y peque\u00f1os\u00bb<\/b>, celebr\u00f3, aunque con pegas: \u00abEso solo se puede conseguir si se cambia la normativa de motores\u00bb, se lament\u00f3.<\/p>\n<p class=\"c-paragraph\">A espera de esos nuevos monoplazas, <b>Verstappen lucha contra lo imposible<\/b> para tratar de poner las cosas muy dif\u00edciles a los imparables McLaren este curso. El a\u00f1o que viene se ver\u00e1 si los nuevos coches son del gusto del supercampe\u00f3n de Red Bull.\u00a0<\/p>\n","protected":false},"excerpt":{"rendered":"La F\u00f3rmula 1 no para de introducir cambios para convertirse cada temporada en el deporte del futuro. De&hellip;\n","protected":false},"author":2,"featured_media":108412,"comment_status":"","ping_status":"","sticky":false,"template":"","format":"standard","meta":{"footnotes":""},"categories":[270],"tags":[37367,168,25,24,306,271,272,3483,15428,23,167,1788],"class_list":{"0":"post-108411","1":"post","2":"type-post","3":"status-publish","4":"format-standard","5":"has-post-thumbnail","7":"category-formula-1","8":"tag-controvertida","9":"tag-deportes","10":"tag-es","11":"tag-espana","12":"tag-f1","13":"tag-formula-1","14":"tag-formula1","15":"tag-mejorar","16":"tag-solucion","17":"tag-spain","18":"tag-sports","19":"tag-verstappen"},"share_on_mastodon":{"url":"","error":""},"_links":{"self":[{"href":"https:\/\/www.europesays.com\/es\/wp-json\/wp\/v2\/posts\/108411","targetHints":{"allow":["GET"]}}],"collection":[{"href":"https:\/\/www.europesays.com\/es\/wp-json\/wp\/v2\/posts"}],"about":[{"href":"https:\/\/www.europesays.com\/es\/wp-json\/wp\/v2\/types\/post"}],"author":[{"embeddable":true,"href":"https:\/\/www.europesays.com\/es\/wp-json\/wp\/v2\/users\/2"}],"replies":[{"embeddable":true,"href":"https:\/\/www.europesays.com\/es\/wp-json\/wp\/v2\/comments?post=108411"}],"version-history":[{"count":0,"href":"https:\/\/www.europesays.com\/es\/wp-json\/wp\/v2\/posts\/108411\/revisions"}],"wp:featuredmedia":[{"embeddable":true,"href":"https:\/\/www.europesays.com\/es\/wp-json\/wp\/v2\/media\/108412"}],"wp:attachment":[{"href":"https:\/\/www.europesays.com\/es\/wp-json\/wp\/v2\/media?parent=108411"}],"wp:term":[{"taxonomy":"category","embeddable":true,"href":"https:\/\/www.europesays.com\/es\/wp-json\/wp\/v2\/categories?post=108411"},{"taxonomy":"post_tag","embeddable":true,"href":"https:\/\/www.europesays.com\/es\/wp-json\/wp\/v2\/tags?post=108411"}],"curies":[{"name":"wp","href":"https:\/\/api.w.org\/{rel}","templated":true}]}}