{"id":108413,"date":"2025-09-11T19:01:16","date_gmt":"2025-09-11T19:01:16","guid":{"rendered":"https:\/\/www.europesays.com\/es\/108413\/"},"modified":"2025-09-11T19:01:16","modified_gmt":"2025-09-11T19:01:16","slug":"presentacion-oficial-del-frances-con-el-valencia-basket","status":"publish","type":"post","link":"https:\/\/www.europesays.com\/es\/108413\/","title":{"rendered":"presentaci\u00f3n oficial del franc\u00e9s con el Valencia Basket"},"content":{"rendered":"<p class=\"ft-text\">Tras la <a class=\"ft-link ft-link--decoration\" href=\"https:\/\/www.superdeporte.es\/valencia-basket\/2025\/09\/09\/presentacion-oficial-kameron-taylor-roig-arena-valencia-basket-121389360.html\" rel=\"nofollow noopener\" target=\"_blank\">presentaci\u00f3n de Kameron Taylor en el Roig Arena<\/a>, <a class=\"ft-link ft-link--decoration\" href=\"https:\/\/www.euroleaguebasketball.net\/en\/euroleague\/players\/neal-sako\/010545\/\" rel=\"nofollow noopener\" target=\"_blank\"><strong>Neal Sako<\/strong><\/a><strong> ha sido el siguiente en ser presentado como nuevo jugador del Valencia Basket<\/strong>, en un acto este jueves en el concesionario KGM de la Avenida Ausi\u00e0s March de Val\u00e8ncia. Una puesta de largo que le llega despu\u00e9s de haber <a class=\"ft-link ft-link--decoration\" href=\"https:\/\/www.superdeporte.es\/valencia-basket\/2025\/09\/10\/valencia-basket-suma-casademont-zaragoza-pretemporada-121442340.html\" rel=\"nofollow noopener\" target=\"_blank\">jugado dos partidos de pretemporada<\/a> y habiendo conocido ya parte de la ciudad, del club y de los m\u00e9todos de trabajo de un Pedro Mart\u00ednez con el que cree que se va a adaptar a la perfecci\u00f3n por sus caracter\u00edsticas de juego.<\/p>\n<p class=\"ft-text\">\u00ab<strong>Me gusta el ritmo que quiere poner el entrenador, Pedro Mart\u00ednez, un juego muy r\u00e1pido, muy bueno para mi estilo<\/strong>, porque a m\u00ed me gusta correr en la pista\u00bb, afirm\u00f3 Sako, que a sus 27 a\u00f1os, ha firmado hasta el 30 de junio de 2027 procedente del ASVEL Lyon-Villeurbanne, equipo con el que disput\u00f3 la Euroliga la pasada temporada.<\/p>\n<p class=\"ft-text\">Sobre su <a class=\"ft-link ft-link--decoration\" href=\"https:\/\/www.superdeporte.es\/valencia-basket\/2025\/08\/19\/kameron-taylor-neal-sako-primeros-fichajes-valencia-pretemporada-120762330.html\" rel=\"nofollow noopener\" target=\"_blank\">proceso de adaptaci\u00f3n, tanto al equipo como a la ciudad<\/a>, Sako reconoci\u00f3 que exjugadores del club valenciano como Louis Labeyrie le recomendaron que fichara por el equipo. \u00abMucha gente me ha dado muy buenas referencias del equipo y del club. <strong>Conozco personalmente a Labeyrie y me dijo que la organizaci\u00f3n es muy profesional y lo he podido comprobar<\/strong> durante las semanas que llevo aqu\u00ed\u00bb, asegur\u00f3.<\/p>\n<p><img decoding=\"async\" src=\"https:\/\/www.europesays.com\/es\/wp-content\/uploads\/2025\/09\/abb6dd48-e01a-42da-9320-69b4bd734394_alta-libre-aspect-ratio_default_0.jpg\" width=\"1200\" height=\"675\" alt=\"Sako, con el escudo del Valencia Basket detr\u00e1s\" class=\"ft-helper-img-rd\" loading=\"lazy\" hasdataaida=\"true\"\/><\/p>\n<p class=\"ft-helper-fontColor-quaternary ft-helper-fontSize-body-S ft-helper-spacer-t-xxs\">Sako, con el escudo del Valencia Basket detr\u00e1s  \/ Montesinos<\/p>\n<p>Enric Carbonell: \u00abPuede estar muchos a\u00f1os con nosotros\u00bb<\/p>\n<p class=\"ft-text\">El director general del Valencia Basket, destac\u00f3 de Sako que<strong> \u00abse adapta muy bien a lo que Pedro pide a los &#8216;5&#8217;, correr la pista, defender el bloqueo directo<\/strong>, nos va a dar presencia bajo el aro, es uno de los mejores reboteadores y ya estuvimos en conversaciones la temporada pasada, puede estar muchos a\u00f1os con nosotros por c\u00f3mo se adapta a nuestro estilo y por c\u00f3mo es como persona. Llega a entrenar mucho antes cada d\u00eda, no se les pide, pero es un ejemplo de c\u00f3mo es. Se adapta, quiere aprender el idioma y tambi\u00e9n nos pregunta ya palabras en valenciano. Estamos muy contentos con \u00e9l, por su mentalidad dentro de la pista y por lo que aporta tambi\u00e9n fuera.<\/p>\n<p><img decoding=\"async\" src=\"https:\/\/www.europesays.com\/es\/wp-content\/uploads\/2025\/09\/e48f22af-6615-4a76-8fe8-262d65d4655c_alta-libre-aspect-ratio_default_0.jpg\" width=\"1200\" height=\"675\" alt=\"Sako, en su presentaci\u00f3n como taronja\" class=\"ft-helper-img-rd\" loading=\"lazy\" hasdataaida=\"true\"\/><\/p>\n<p class=\"ft-helper-fontColor-quaternary ft-helper-fontSize-body-S ft-helper-spacer-t-xxs\">Sako, en su presentaci\u00f3n como taronja  \/ Montesinos<\/p>\n<p>Jos\u00e9 Cano: \u00abEl Valencia Basket es algo m\u00e1s que un club\u00bb<\/p>\n<p class=\"ft-text\">Por otra parte, el director general del Grupo Cano, Jes\u00fas Cano, destac\u00f3 como anfitri\u00f3n del evento que \u00abeste acto es un s\u00edmbolo de continuidad y de un proyecto conjunto de ambas organizaciones. La idea es estar muchos a\u00f1os, la relaci\u00f3n con el Valencia Basket, al margen de la repercusi\u00f3n publicitaria, es muy humano y los valores de la Cultura del Esfuerzo existen, es algo m\u00e1s que un club deportivo. <strong>Pasamos hace casi un a\u00f1o circunstancias complicadas y da gusto ver c\u00f3mo empatizan<\/strong> y se ponen de tu lado\u00bb.<\/p>\n<p class=\"ft-text\">Al margen de ello y tras dar la bienvenida a <a class=\"ft-link ft-link--decoration\" href=\"https:\/\/www.superdeporte.es\/valencia-basket\/2025\/07\/03\/sonar-roland-garros-baloncesto-profesional-valencia-basket-119327128.html\" rel=\"nofollow noopener\" target=\"_blank\">Neal Sako<\/a>, destac\u00f3 de \u00e9l que \u00ab<strong>reforzar\u00e1 al equipo y seguro que viene a sumar<\/strong>\u00ab.<\/p>\n","protected":false},"excerpt":{"rendered":"Tras la presentaci\u00f3n de Kameron Taylor en el Roig Arena, Neal Sako ha sido el siguiente en ser&hellip;\n","protected":false},"author":2,"featured_media":108414,"comment_status":"","ping_status":"","sticky":false,"template":"","format":"standard","meta":{"footnotes":""},"categories":[269],"tags":[299,1918,298,168,25,24,21574,37368,37370,12326,37369,23,167,235,2916],"class_list":{"0":"post-108413","1":"post","2":"type-post","3":"status-publish","4":"format-standard","5":"has-post-thumbnail","7":"category-baloncesto","8":"tag-baloncesto","9":"tag-basket","10":"tag-basketball","11":"tag-deportes","12":"tag-es","13":"tag-espana","14":"tag-fichajes-valencia-basket","15":"tag-neal","16":"tag-neal-sako","17":"tag-pedro-martinez","18":"tag-sako","19":"tag-spain","20":"tag-sports","21":"tag-valencia","22":"tag-valencia-basket"},"share_on_mastodon":{"url":"","error":""},"_links":{"self":[{"href":"https:\/\/www.europesays.com\/es\/wp-json\/wp\/v2\/posts\/108413","targetHints":{"allow":["GET"]}}],"collection":[{"href":"https:\/\/www.europesays.com\/es\/wp-json\/wp\/v2\/posts"}],"about":[{"href":"https:\/\/www.europesays.com\/es\/wp-json\/wp\/v2\/types\/post"}],"author":[{"embeddable":true,"href":"https:\/\/www.europesays.com\/es\/wp-json\/wp\/v2\/users\/2"}],"replies":[{"embeddable":true,"href":"https:\/\/www.europesays.com\/es\/wp-json\/wp\/v2\/comments?post=108413"}],"version-history":[{"count":0,"href":"https:\/\/www.europesays.com\/es\/wp-json\/wp\/v2\/posts\/108413\/revisions"}],"wp:featuredmedia":[{"embeddable":true,"href":"https:\/\/www.europesays.com\/es\/wp-json\/wp\/v2\/media\/108414"}],"wp:attachment":[{"href":"https:\/\/www.europesays.com\/es\/wp-json\/wp\/v2\/media?parent=108413"}],"wp:term":[{"taxonomy":"category","embeddable":true,"href":"https:\/\/www.europesays.com\/es\/wp-json\/wp\/v2\/categories?post=108413"},{"taxonomy":"post_tag","embeddable":true,"href":"https:\/\/www.europesays.com\/es\/wp-json\/wp\/v2\/tags?post=108413"}],"curies":[{"name":"wp","href":"https:\/\/api.w.org\/{rel}","templated":true}]}}