{"id":108417,"date":"2025-09-11T19:03:12","date_gmt":"2025-09-11T19:03:12","guid":{"rendered":"https:\/\/www.europesays.com\/es\/108417\/"},"modified":"2025-09-11T19:03:12","modified_gmt":"2025-09-11T19:03:12","slug":"el-dia-que-la-actriz-maria-adanez-coincidio-con-letizia-y-la-reina-se-salto-el-protocolo-por-la-actriz-de-la-que-se-avecina","status":"publish","type":"post","link":"https:\/\/www.europesays.com\/es\/108417\/","title":{"rendered":"El d\u00eda que la actriz Mar\u00eda Ad\u00e1nez coincidi\u00f3 con Letizia y la Reina se salt\u00f3 el protocolo por la actriz de &#8216;La que se avecina&#8217;"},"content":{"rendered":"<p data-journey-content=\"true\" data-node-id=\"3\" class=\"css-i9p093 emevuu60\"><strong data-node-id=\"3.0\"><a href=\"https:\/\/www.diezminutos.es\/desvistiendo-a-letizia\/\" target=\"_blank\" data-vars-ga-outbound-link=\"https:\/\/www.diezminutos.es\/desvistiendo-a-letizia\/\" data-vars-ga-ux-element=\"Hyperlink\" data-vars-ga-call-to-action=\"Letizia\" data-node-id=\"3.0.0\" class=\"body-link css-177bzfx emevuu60\" rel=\"nofollow noopener\">Letizia<\/a> ha vuelto a saltarse el protocolo. Esta vez, con la actriz Mar\u00eda Ad\u00e1nez<\/strong>. La Reina ha presidido la III edici\u00f3n del Congreso sobre Trata de Seres Humanos, que tiene como objetivo abordar los v\u00ednculos entre prostituci\u00f3n, pornograf\u00eda y trata, as\u00ed como prevenir el fen\u00f3meno y cuidar de las v\u00edctimas, y <strong data-node-id=\"3.2\">su espontaneidad la ha llevado a romper el estricto protocolo<\/strong> que rige en este tipo de actos. Puntual a las 10,30 de la ma\u00f1ana, la mujer de <a href=\"https:\/\/www.diezminutos.es\/rey-don-felipe-fotos\/\" target=\"_blank\" data-vars-ga-outbound-link=\"https:\/\/www.diezminutos.es\/rey-don-felipe-fotos\/\" data-vars-ga-ux-element=\"Hyperlink\" data-vars-ga-call-to-action=\"Felipe VI\" data-node-id=\"3.4\" class=\"body-link css-177bzfx emevuu60\" rel=\"nofollow noopener\">Felipe VI<\/a> llegaba al reciento CaixaForum de Madrid donde se celebraba el acto y all\u00ed ya la esperaban las organizadoras y ponentes que iban a intervenir en el congreso, entre ellas, llamaba la atenci\u00f3n, la actriz Mar\u00eda Ad\u00e1nez.<\/p>\n<p data-journey-content=\"true\" data-node-id=\"6\" class=\"css-i9p093 emevuu60\">Tras saludar a las autoridades a su llegada al recinto, <strong data-node-id=\"6.1\">la Reina accedi\u00f3 al interior del edificio donde salud\u00f3 una a una a las organizadoras<\/strong>, entre ellas estaba Mar\u00eda Ad\u00e1nez, con la que apenas cruz\u00f3 palabra y ocup\u00f3 su lugar en la primera fila de asientos. No sin antes hacerse la t\u00edpica la foto de familia.<\/p>\n<p><img draggable=\"true\" alt=\"letizia con la actriz maria adanez\" title=\"Letizia con la actriz Maria Adanez\" loading=\"lazy\" width=\"4800\" height=\"7200\" decoding=\"async\" data-nimg=\"1\" style=\"color:transparent;width:100%;height:auto;\"   src=\"https:\/\/www.europesays.com\/es\/wp-content\/uploads\/2025\/09\/maria-adanez-reina-letizia-68c29b0c658aa.jpg\" class=\"css-0 e1g79fud0\"\/><\/p>\n<p>Gtres<\/p>\n<p>Letizia se salta el protocolo por Mar\u00eda Ad\u00e1nez<\/p>\n<p data-journey-content=\"true\" data-node-id=\"10\" class=\"css-i9p093 emevuu60\">Tras posar para los fot\u00f3grafos, la Reina esper\u00f3 unos segundo a Mar\u00eda Ad\u00e1nez que se hab\u00eda situado en un extremo para la foto. En esta ocasi\u00f3n, <strong data-node-id=\"10.1\">la salud\u00f3 con dos besos y no el protocolario saludo de manos<\/strong> y ambas mantuvieron una charla distendida y amena a juzgar por sus risas. Mientras <a href=\"https:\/\/www.diezminutos.es\/familia-real\/monarquia-espanola\/a66047575\/letizia-tendencia-moda-chaleco\/\" target=\"_blank\" data-vars-ga-outbound-link=\"https:\/\/www.diezminutos.es\/familia-real\/monarquia-espanola\/a66047575\/letizia-tendencia-moda-chaleco\/\" data-vars-ga-ux-element=\"Hyperlink\" data-vars-ga-call-to-action=\"Letizia estrenaba chaleco\" data-node-id=\"10.3\" class=\"body-link css-177bzfx emevuu60\" rel=\"nofollow noopener\">Letizia estrenaba chaleco<\/a> confeccionado en el taller de costura de APRAMP (Asociaci\u00f3n para la Prevenci\u00f3n, Reinserci\u00f3n y Atenci\u00f3n a la Mujer Prostituida), <strong data-node-id=\"10.5\">Mar\u00eda Ad\u00e1nez optaba por un traje de chaqueta blanco<\/strong> con una original chaqueta en la que destacaban unos volantes en sus hombros.<\/p>\n<p data-journey-content=\"true\" data-node-id=\"14\" class=\"css-i9p093 emevuu60\"> Seguidamente, Carlos Franganillo, periodista y presentador de televisi\u00f3n, que actu\u00f3 como maestro de ceremonias y anunci\u00f3 la intervenci\u00f3n de la directora y fundadora del Nuevo Hogar Betania, Bego\u00f1a Arana. Esta asociaci\u00f3n ha sido la encargada de organizar el congreso y motivo por el que<strong data-node-id=\"14.1\"> la actriz ha sido una de las participantes, ya que es embajadora del \u00c1rea de la Mujer de Nuevo Hogar Betania <\/strong>desde hace a\u00f1os.<\/p>\n<p data-journey-content=\"true\" data-node-id=\"16\" class=\"css-i9p093 emevuu60\">Finalizadas las mesas redondas, Letizia se dirigi\u00f3 al vest\u00edbulo ubicado en el acceso al auditorio donde mantuvo un encuentro con los asistentes al acto.<\/p>\n<p><img src=\"https:\/\/www.europesays.com\/es\/wp-content\/uploads\/2025\/09\/1757617392_888_edf7d479-6cd4-48bc-8600-bcfd6ef75c9d_1734435678.jpg\" alt=\"Headshot of Magdalena Pi\u00f1ero\" title=\"Headshot of Magdalena Pi\u00f1ero\" width=\"100%\" height=\"100%\" decoding=\"async\" loading=\"lazy\" class=\"css-o0wq4v ev8dhu53\"\/><\/p>\n<p>Magdalena Pi\u00f1ero es periodista experta en coraz\u00f3n, celebridades y sociedad. Licenciada en Periodismo por la Universidad de Sevilla, se mud\u00f3 a Madrid para cursar el M\u00e1ster de Periodismo de la Agencia EFE. Hizo pr\u00e1cticas en la secci\u00f3n de Tribunales y en la de Sociedad y Televisi\u00f3n. En ambas disfrut\u00f3 mucho, pero fue en la segunda en la que descubri\u00f3 que cubrir el estreno de la serie de televisi\u00f3n del momento y entrevistar a sus protagonistas le apasionaba mucho m\u00e1s de lo que jam\u00e1s hubiera imaginado. Sonr\u00ede al recordar sus primeras ruedas de prensa, entre ellas &#8216;El programa de Ana Rosa&#8217;.<br \/>\nLleva m\u00e1s de una d\u00e9cada trabajando en la web de Diezminutos.es, pero es una nost\u00e1lgica y recuerda con cari\u00f1o su etapa en el formato de papel de la revista, en la que estuvo colaborando. Un tiempo en el que ha visto y trabajado en las noticias m\u00e1s destacadas del panorama nacional como la boda de Pilar Rubio y Sergio Ramos; el divorcio de Paula Echavarr\u00eda y David Bustamante; y acontecimientos hist\u00f3ricos como la coronaci\u00f3n de Felipe VI como rey de Espa\u00f1a.<br \/>\nAdem\u00e1s del coraz\u00f3n, le encanta la moda y la belleza. De ah\u00ed que ponga el mismo entusiasmo escribiendo sobre los looks de la Reina Letizia que sobre la crema favorita de Isasaweis. Tiene ojo cl\u00ednico para detectar si dos famosas han llevado el mismo vestido y hacer un tema sobre cu\u00e1l de ellas lo lleva mejor.<br \/>\nEn sus ratos libres, adem\u00e1s de seguir form\u00e1ndose en las \u00faltimas novedades digitales para aplicarlas en su trabajo, le encanta ver realities como &#8216;Supervivientes&#8217; y &#8216;Soy Georgina&#8217; (comparte con Georgina Rodr\u00edguez su amor por los ib\u00e9ricos), programas de coraz\u00f3n y todo lo que se emita en la parrilla televisiva de lo que pueda sacar un buen salseo. \u00bfLa excusa que pone siempre para verlos sin que la molesten? : \u00abLo hago por trabajo\u00bb.<\/p>\n","protected":false},"excerpt":{"rendered":"Letizia ha vuelto a saltarse el protocolo. Esta vez, con la actriz Mar\u00eda Ad\u00e1nez. La Reina ha presidido&hellip;\n","protected":false},"author":2,"featured_media":108418,"comment_status":"","ping_status":"","sticky":false,"template":"","format":"standard","meta":{"footnotes":""},"categories":[174],"tags":[255,253,146,147,25,24,256,23],"class_list":{"0":"post-108417","1":"post","2":"type-post","3":"status-publish","4":"format-standard","5":"has-post-thumbnail","7":"category-famosos","8":"tag-celebrities","9":"tag-discover","10":"tag-entertainment","11":"tag-entretenimiento","12":"tag-es","13":"tag-espana","14":"tag-famosos","15":"tag-spain"},"share_on_mastodon":{"url":"","error":""},"_links":{"self":[{"href":"https:\/\/www.europesays.com\/es\/wp-json\/wp\/v2\/posts\/108417","targetHints":{"allow":["GET"]}}],"collection":[{"href":"https:\/\/www.europesays.com\/es\/wp-json\/wp\/v2\/posts"}],"about":[{"href":"https:\/\/www.europesays.com\/es\/wp-json\/wp\/v2\/types\/post"}],"author":[{"embeddable":true,"href":"https:\/\/www.europesays.com\/es\/wp-json\/wp\/v2\/users\/2"}],"replies":[{"embeddable":true,"href":"https:\/\/www.europesays.com\/es\/wp-json\/wp\/v2\/comments?post=108417"}],"version-history":[{"count":0,"href":"https:\/\/www.europesays.com\/es\/wp-json\/wp\/v2\/posts\/108417\/revisions"}],"wp:featuredmedia":[{"embeddable":true,"href":"https:\/\/www.europesays.com\/es\/wp-json\/wp\/v2\/media\/108418"}],"wp:attachment":[{"href":"https:\/\/www.europesays.com\/es\/wp-json\/wp\/v2\/media?parent=108417"}],"wp:term":[{"taxonomy":"category","embeddable":true,"href":"https:\/\/www.europesays.com\/es\/wp-json\/wp\/v2\/categories?post=108417"},{"taxonomy":"post_tag","embeddable":true,"href":"https:\/\/www.europesays.com\/es\/wp-json\/wp\/v2\/tags?post=108417"}],"curies":[{"name":"wp","href":"https:\/\/api.w.org\/{rel}","templated":true}]}}