{"id":108419,"date":"2025-09-11T19:04:10","date_gmt":"2025-09-11T19:04:10","guid":{"rendered":"https:\/\/www.europesays.com\/es\/108419\/"},"modified":"2025-09-11T19:04:10","modified_gmt":"2025-09-11T19:04:10","slug":"asi-es-una-tienda-de-campana-disenada-por-uno-de-los-mejores-arquitectos-del-mundo","status":"publish","type":"post","link":"https:\/\/www.europesays.com\/es\/108419\/","title":{"rendered":"As\u00ed es una tienda de campa\u00f1a dise\u00f1ada por uno de los mejores arquitectos del mundo"},"content":{"rendered":"\n<p> Los que les gusta la naturaleza y disfrutar del aire libre, pero se niegan a ir de camping porque dormir en una tienda les resulta inc\u00f3moda, se han quedado sin excusas.<strong> La Softshell,<\/strong> una estructura dise\u00f1ada por el prestigioso estudio de arquitectura dan\u00e9s <strong>Bjarke Ingels Group (BIG)<\/strong> en colaboraci\u00f3n con la empresa <strong>Nokken,<\/strong> promete convertir las escapadas al campo en una experiencia tan confortable como la de dormir en un hotel de dise\u00f1o. <\/p>\n<p> El estudio dan\u00e9s \u2014responsable entre otros proyectos del <a href=\"https:\/\/big.dk\/projects\/lego-brand-house-2740\" target=\"_blank\" rel=\"nofollow noopener\">Lego House\u2014<\/a> ya hab\u00eda experimentado con este tipo de arquitectura a peque\u00f1a escala en 2017 con la<a href=\"https:\/\/big.dk\/projects\/klein-cabin-3608\" target=\"_blank\" rel=\"nofollow noopener\"> Klein Cabin<\/a>, un prototipo de 17 metros cuadrados con un techo muy angulado que, aunque nunca entr\u00f3 en producci\u00f3n, ha inspirado el perfil de la Softshell. Nokken, por su parte, se ha labrado una reputaci\u00f3n por sus caba\u00f1as prefabricadas y ha aportado un dise\u00f1o flexible y personalizable. <\/p>\n<p>              <img decoding=\"async\" class=\"inTextNews__img\" alt=\"Foto: misterio-caida-satelites-orbta\" src=\"https:\/\/www.europesays.com\/es\/wp-content\/uploads\/2025\/09\/f.elconfidencial.com\/original\/019\/b2e\/4e2\/019b2e4e22691bb3d4c2bd379d598c03.jpg\"  \/>     <\/p>\n<p>TE PUEDE INTERESAR<\/p>\n<p>      <a class=\"inTextNews__title\" href=\"https:\/\/www.elconfidencial.com\/tecnologia\/novaceno\/2025-09-11\/misterio-caida-satelites-orbta_4206846\/\" onclick=\"window.ECCO.emit(&#039;amplitude&#039;, { dataEventName: &#039;click_related_article_module&#039;, data: { related_article_url: &#039;https:\/\/www.elconfidencial.com\/tecnologia\/novaceno\/2025-09-11\/misterio-caida-satelites-orbta_4206846\/&#039;, related_article_author: &#039;Jes\u00fas D\u00edaz&#039;, related_article_section: &#039;novaceno&#039; } })\" rel=\"nofollow noopener\" target=\"_blank\"> Cazan al &#8216;saboteador&#8217; espacial de sat\u00e9lites que ocasiona cientos de millones anuales en p\u00e9rdidas <\/a>   <\/p>\n<p>    Jes\u00fas D\u00edaz   <\/p>\n<p>           Dise\u00f1o de vanguardia aplicado al camping           <\/p>\n<p> La Softshell no es una tienda de campa\u00f1a al uso, sino m\u00e1s bien <strong>un bungal\u00f3 con alma de tienda de campa\u00f1a. <\/strong>Tiene 18,9 metros cuadrados distribuidos en dos plantas y una forma de \u00abA\u00bb que est\u00e1 inspirada en las caba\u00f1as escandinavas cl\u00e1sicas. Su ensamblaje es bastante m\u00e1s complicado que el de las tiendas de campa\u00f1a que se montan solas en el aire, ya que tiene un armaz\u00f3n de madera laminada encolada<strong> recubierta por una lona de algod\u00f3n y poli\u00e9ster <\/strong>(disponible en colores caqui, verde oscuro o azul marino). <\/p>\n<p>               La tienda Softshell se monta en pocas horas. (Nokken)             <\/p>\n<p> Esta estructura interior m\u00e1s compleja hace que la tienda pueda <strong>incorporar una cocina b\u00e1sica, ba\u00f1o, ventanas y zona de estar,<\/strong> adem\u00e1s, el armaz\u00f3n permite instalar un altillo para dormir suspendido en una red como si estuvi\u00e9ramos en una hamaca. <\/p>\n<p> \u00abLa Softshell es un lienzo en blanco en el interior\u00bb, explica <strong>Nathan Aylott,<\/strong> cofundador de Nokken. \u00abLa hicimos no espec\u00edfica de marca porque somos una empresa de hardware. Fabricamos art\u00edculos para que operadores, hoteles y propietarios de terrenos los adopten y los adapten a su propia marca\u00bb. <\/p>\n<p>            Preparado para cualquier terreno           <\/p>\n<p> La estructura ha sido <strong>dise\u00f1ada pensando en la durabilidad y la facilidad de montaje<\/strong>. Dos personas pueden levantar el armaz\u00f3n en unas pocas horas simplemente uniendo los extremos de madera precortada y encaj\u00e1ndolos en pernos met\u00e1licos. Cada unidad se env\u00eda en cuatro cajas, lo que permite a los operadores instalar la caba\u00f1a sin necesidad de infraestructura de construcci\u00f3n extensa. <\/p>\n<p> \u00abLos cimientos son bases de madera modulares, lo que significa que <strong>se puede ajustar a diferentes terrenos sin requerir ning\u00fan trabajo de excavaci\u00f3n invasivo\u00bb,<\/strong> explican los cofundadores de Nokken. Una vez que la Softshell se desmonta, no deja ninguna huella en el medio ambiente. Combina la portabilidad y simplicidad de una estructura tradicional con la sofisticaci\u00f3n del dise\u00f1o y la durabilidad que esperar\u00edas de una vivienda m\u00e1s permanente\u00bb, aseguran. <\/p>\n<p>                   El precio base de la Softshell arranca en 20.800 euros. (Nokken)             <\/p>\n<p> Eso s\u00ed, la comodidad tiene un coste. <strong>El precio base de la Softshell arranca en 22.500 d\u00f3lares (20.800 euros),<\/strong> con pedidos anticipados ya disponibles y entregas previstas para el verano de 2025. Adem\u00e1s, se pueden expandir la funcionalidad de la caba\u00f1a con complementos opcionales como aislamiento ac\u00fastico, m\u00f3dulos de cocina y extensiones de terraza. <\/p>\n<p>            El auge imparable del glamping           <\/p>\n<p> La Softshell llega en un momento de explosi\u00f3n del glamping, un palabro que nace de la<strong> combinaci\u00f3n de glamour y camping.<\/strong> El turismo de glamping ofrece experiencias de alojamiento en plena naturaleza con comodidades y lujos similares a los que proporcionan los hoteles. <strong>En Espa\u00f1a, las reservas de glamping experimentaron <a href=\"https:\/\/www.europapress.es\/turismo\/hoteles\/noticia-reservas-glamping-aumentaron-107-espana-2024-pitchupcom-20250123150925.html\" target=\"_blank\" rel=\"nofollow noopener\">un incremento del 107% en 2024 <\/a><\/strong>en comparaci\u00f3n con 2023, seg\u00fan datos de Pitchup.com. <\/p>\n<p> Seg\u00fan Aylott, el proyecto es una respuesta ante el dominio de las yurtas y tiendas de campa\u00f1a tipo campana en el sector del glamping: \u00abDurante los \u00faltimos quince o veinte a\u00f1os,<strong> el mercado ha estado dominado por tiendas bell o yurtas.<\/strong> Casi se han convertido en la opci\u00f3n por defecto si est\u00e1s estableciendo un sitio de glamping. Softshell es innovador porque desaf\u00eda las ideas tradicionales de lo que pueden ser los alojamientos m\u00f3viles y las tiendas\u00bb, afirman los cofundadores de Nokken. <\/p>\n<p> Los que les gusta la naturaleza y disfrutar del aire libre, pero se niegan a ir de camping porque dormir en una tienda les resulta inc\u00f3moda, se han quedado sin excusas.<strong> La Softshell,<\/strong> una estructura dise\u00f1ada por el prestigioso estudio de arquitectura dan\u00e9s <strong>Bjarke Ingels Group (BIG)<\/strong> en colaboraci\u00f3n con la empresa <strong>Nokken,<\/strong> promete convertir las escapadas al campo en una experiencia tan confortable como la de dormir en un hotel de dise\u00f1o. <\/p>\n","protected":false},"excerpt":{"rendered":"Los que les gusta la naturaleza y disfrutar del aire libre, pero se niegan a ir de camping&hellip;\n","protected":false},"author":2,"featured_media":108420,"comment_status":"","ping_status":"","sticky":false,"template":"","format":"standard","meta":{"footnotes":""},"categories":[173],"tags":[229,233,231,230,232,234,146,147,25,24,23],"class_list":{"0":"post-108419","1":"post","2":"type-post","3":"status-publish","4":"format-standard","5":"has-post-thumbnail","7":"category-arte-y-diseno","8":"tag-arte","9":"tag-arte-y-diseno","10":"tag-arts","11":"tag-arts-and-design","12":"tag-design","13":"tag-diseno","14":"tag-entertainment","15":"tag-entretenimiento","16":"tag-es","17":"tag-espana","18":"tag-spain"},"share_on_mastodon":{"url":"","error":""},"_links":{"self":[{"href":"https:\/\/www.europesays.com\/es\/wp-json\/wp\/v2\/posts\/108419","targetHints":{"allow":["GET"]}}],"collection":[{"href":"https:\/\/www.europesays.com\/es\/wp-json\/wp\/v2\/posts"}],"about":[{"href":"https:\/\/www.europesays.com\/es\/wp-json\/wp\/v2\/types\/post"}],"author":[{"embeddable":true,"href":"https:\/\/www.europesays.com\/es\/wp-json\/wp\/v2\/users\/2"}],"replies":[{"embeddable":true,"href":"https:\/\/www.europesays.com\/es\/wp-json\/wp\/v2\/comments?post=108419"}],"version-history":[{"count":0,"href":"https:\/\/www.europesays.com\/es\/wp-json\/wp\/v2\/posts\/108419\/revisions"}],"wp:featuredmedia":[{"embeddable":true,"href":"https:\/\/www.europesays.com\/es\/wp-json\/wp\/v2\/media\/108420"}],"wp:attachment":[{"href":"https:\/\/www.europesays.com\/es\/wp-json\/wp\/v2\/media?parent=108419"}],"wp:term":[{"taxonomy":"category","embeddable":true,"href":"https:\/\/www.europesays.com\/es\/wp-json\/wp\/v2\/categories?post=108419"},{"taxonomy":"post_tag","embeddable":true,"href":"https:\/\/www.europesays.com\/es\/wp-json\/wp\/v2\/tags?post=108419"}],"curies":[{"name":"wp","href":"https:\/\/api.w.org\/{rel}","templated":true}]}}