{"id":108425,"date":"2025-09-11T19:07:07","date_gmt":"2025-09-11T19:07:07","guid":{"rendered":"https:\/\/www.europesays.com\/es\/108425\/"},"modified":"2025-09-11T19:07:07","modified_gmt":"2025-09-11T19:07:07","slug":"el-increible-flashmob-de-bohemian-rhapsody-que-asombro-a-paris","status":"publish","type":"post","link":"https:\/\/www.europesays.com\/es\/108425\/","title":{"rendered":"El incre\u00edble flashmob de &#8216;Bohemian Rhapsody&#8217; que asombr\u00f3 a Par\u00eds"},"content":{"rendered":"<p class=\"paragraph\">La ic\u00f3nica canci\u00f3n \u00abBohemian Rhapsody\u00bb de Queen, que este a\u00f1o celebra su 50\u00ba aniversario, fue el centro de un impresionante flashmob que sorprendi\u00f3 a transe\u00fantes y turistas en la Place de la Contrescarpe, en el 5\u00ba arrondissement de Par\u00eds, el pasado 10 de julio. La actuaci\u00f3n, organizada por el pianista franc\u00e9s Julien Cohen, reuni\u00f3 a 30 m\u00fasicos y cantantes en una performance vibrante que ha capturado la atenci\u00f3n del mundo, acumulando millones de visualizaciones en redes sociales en apenas 24 horas.<\/p>\n<p class=\"paragraph\">El espect\u00e1culo comenz\u00f3 con tres voces femeninas emergiendo desde una ventana sobre la plaza, entonando las primeras l\u00edneas de la legendaria canci\u00f3n: \u201cIs this the real life? Is this just fantasy?\u201d. A ellas se uni\u00f3 Cohen al piano, seguido por el cantante brit\u00e1nico Mickey Callisto, apodado \u201cel nuevo Freddie Mercury\u201d tras su paso por Britain\u2019s Got Talent, y el joven guitarrista prodigio Olly Pearson, de 11 a\u00f1os, quien deslumbr\u00f3 con solos que evocaban el estilo de Brian May. Otros m\u00fasicos y un coro de \u00f3pera aparecieron desde balcones, carruajes y bares cercanos, creando una experiencia teatral que transform\u00f3 la bulliciosa plaza en un escenario al aire libre.<\/p>\n<p class=\"paragraph\">El video, publicado el 9 de septiembre en el canal de YouTube de Cohen (@julien_cohen), super\u00f3 las 500.000 visitas en un d\u00eda y alcanz\u00f3 los 17 millones en TikTok, donde fue compartido por el perfil Piano Anlinh. La producci\u00f3n, que incluy\u00f3 una cuidada edici\u00f3n con cortes r\u00e1pidos y reacciones del p\u00fablico, ha sido comparada con espect\u00e1culos de programas como America\u2019s Got Talent. Los transe\u00fantes, inicialmente desconcertados, terminaron celebrando la actuaci\u00f3n, algunos alzando sus copas en agradecimiento. Los transe\u00fantes, inicialmente desconcertados, terminaron celebrando la actuaci\u00f3n, algunos alzando sus copas en agradecimiento.<\/p>\n<p class=\"paragraph\">El flashmob no solo ha revitalizado el legado de Queen, sino que ha recordado al mundo el poder de la m\u00fasica para unir a las personas en un momento de pura magia en las calles de Par\u00eds.<\/p>\n","protected":false},"excerpt":{"rendered":"La ic\u00f3nica canci\u00f3n \u00abBohemian Rhapsody\u00bb de Queen, que este a\u00f1o celebra su 50\u00ba aniversario, fue el centro de&hellip;\n","protected":false},"author":2,"featured_media":108426,"comment_status":"","ping_status":"","sticky":false,"template":"","format":"standard","meta":{"footnotes":""},"categories":[170],"tags":[146,147,25,24,184,185,7452,4759,5585,23,5889],"class_list":{"0":"post-108425","1":"post","2":"type-post","3":"status-publish","4":"format-standard","5":"has-post-thumbnail","7":"category-musica","8":"tag-entertainment","9":"tag-entretenimiento","10":"tag-es","11":"tag-espana","12":"tag-music","13":"tag-musica","14":"tag-opera","15":"tag-paris","16":"tag-queen","17":"tag-spain","18":"tag-tiktok"},"share_on_mastodon":{"url":"","error":""},"_links":{"self":[{"href":"https:\/\/www.europesays.com\/es\/wp-json\/wp\/v2\/posts\/108425","targetHints":{"allow":["GET"]}}],"collection":[{"href":"https:\/\/www.europesays.com\/es\/wp-json\/wp\/v2\/posts"}],"about":[{"href":"https:\/\/www.europesays.com\/es\/wp-json\/wp\/v2\/types\/post"}],"author":[{"embeddable":true,"href":"https:\/\/www.europesays.com\/es\/wp-json\/wp\/v2\/users\/2"}],"replies":[{"embeddable":true,"href":"https:\/\/www.europesays.com\/es\/wp-json\/wp\/v2\/comments?post=108425"}],"version-history":[{"count":0,"href":"https:\/\/www.europesays.com\/es\/wp-json\/wp\/v2\/posts\/108425\/revisions"}],"wp:featuredmedia":[{"embeddable":true,"href":"https:\/\/www.europesays.com\/es\/wp-json\/wp\/v2\/media\/108426"}],"wp:attachment":[{"href":"https:\/\/www.europesays.com\/es\/wp-json\/wp\/v2\/media?parent=108425"}],"wp:term":[{"taxonomy":"category","embeddable":true,"href":"https:\/\/www.europesays.com\/es\/wp-json\/wp\/v2\/categories?post=108425"},{"taxonomy":"post_tag","embeddable":true,"href":"https:\/\/www.europesays.com\/es\/wp-json\/wp\/v2\/tags?post=108425"}],"curies":[{"name":"wp","href":"https:\/\/api.w.org\/{rel}","templated":true}]}}